{"id":62363,"date":"2021-12-09T06:42:04","date_gmt":"2021-12-09T12:42:04","guid":{"rendered":"http:\/\/amanecerhuasteco.com\/portal\/?p=62363"},"modified":"2021-12-09T06:42:04","modified_gmt":"2021-12-09T12:42:04","slug":"ayuntamiento-apoya-en-la-instalacion-de-bazar-penitenciario","status":"publish","type":"post","link":"https:\/\/amanecerhuasteco.com\/portal\/ayuntamiento-apoya-en-la-instalacion-de-bazar-penitenciario\/","title":{"rendered":"Ayuntamiento apoya en la instalaci\u00f3n de bazar penitenciario  \u00a0"},"content":{"rendered":"<p><strong>\u00a0<\/strong><\/p>\n<p>&nbsp;<\/p>\n<p>Ciudad Valles, S.L.P.- Gracias a las gestiones y apoyos que ha brindado el alcalde David Armando Medina Salazar y el Sistema Municipal de Desarrollo Integral de la Familia (SMDIF) se ha instalado en el parque P\u00edpila de Ciudad Valles, un bazar donde se venden artesan\u00edas elaboradas por internos del Centro Penitenciario Estatal de Ciudad Valles.<\/p>\n<p>&nbsp;<\/p>\n<p>Este bazar, es parte de los programas que realiza la instituci\u00f3n para reintegrar a los reos a la sociedad y obtener recursos econ\u00f3micos para sus familias.<\/p>\n<p>&nbsp;<\/p>\n<p>A trav\u00e9s del Instituto de Capacitaci\u00f3n para el Trabajo (ICAT), a cargo de Guadalupe Arias Palomares los presos fueron capacitados en la elaboraci\u00f3n de todo tipo de artesan\u00edas, desde carteras, bolsas, relojes, l\u00e1mparas, cinturones entre otros art\u00edculos.<\/p>\n<p>&nbsp;<\/p>\n<p>El bazar permanecer\u00e1 con la venta de productos del 7 al 10 de diciembre, de nueve de la ma\u00f1ana a cuatro de la tarde en el Parque P\u00edpila, frente al SMDIF, por lo que se invita a la poblaci\u00f3n a adquirir alguna artesan\u00eda y apoyar la econom\u00eda de los internos del Centro Penitenciario Estatal de Ciudad Valles.<\/p>\n<p>&nbsp;<\/p>\n<p>El objetivo es la reinserci\u00f3n del preso, y se logran los objetivos en coordinaci\u00f3n de instituciones como el \u00a0ICAT, SMDIF y el Ayuntamiento de Ciudad Valles, as\u00ed lo coment\u00f3 Jessica Mirele Reyes Gonz\u00e1lez, responsable del bazar penitenciario.<\/p>\n<p>&nbsp;<\/p>\n<p>\u201c2021, A\u00f1o de la Solidaridad m\u00e9dica, administrativa y civil que colabora en la contingencia sanitaria del COVID-19\u201d<\/p>\n","protected":false},"excerpt":{"rendered":"<p>\u00a0 &nbsp; Ciudad Valles, S.L.P.- Gracias a las gestiones y apoyos que ha brindado el alcalde David Armando Medina Salazar y el Sistema Municipal de Desarrollo Integral de la Familia (SMDIF) se ha instalado en el parque P\u00edpila de Ciudad Valles, un bazar donde se &hellip; <\/p>\n","protected":false},"author":1,"featured_media":62365,"comment_status":"open","ping_status":"open","sticky":false,"template":"","format":"standard","meta":{"footnotes":""},"categories":[7,4],"tags":[],"class_list":["post-62363","post","type-post","status-publish","format-standard","has-post-thumbnail","hentry","category-ciudad","category-inicio"],"_links":{"self":[{"href":"https:\/\/amanecerhuasteco.com\/portal\/wp-json\/wp\/v2\/posts\/62363","targetHints":{"allow":["GET"]}}],"collection":[{"href":"https:\/\/amanecerhuasteco.com\/portal\/wp-json\/wp\/v2\/posts"}],"about":[{"href":"https:\/\/amanecerhuasteco.com\/portal\/wp-json\/wp\/v2\/types\/post"}],"author":[{"embeddable":true,"href":"https:\/\/amanecerhuasteco.com\/portal\/wp-json\/wp\/v2\/users\/1"}],"replies":[{"embeddable":true,"href":"https:\/\/amanecerhuasteco.com\/portal\/wp-json\/wp\/v2\/comments?post=62363"}],"version-history":[{"count":1,"href":"https:\/\/amanecerhuasteco.com\/portal\/wp-json\/wp\/v2\/posts\/62363\/revisions"}],"predecessor-version":[{"id":62366,"href":"https:\/\/amanecerhuasteco.com\/portal\/wp-json\/wp\/v2\/posts\/62363\/revisions\/62366"}],"wp:featuredmedia":[{"embeddable":true,"href":"https:\/\/amanecerhuasteco.com\/portal\/wp-json\/wp\/v2\/media\/62365"}],"wp:attachment":[{"href":"https:\/\/amanecerhuasteco.com\/portal\/wp-json\/wp\/v2\/media?parent=62363"}],"wp:term":[{"taxonomy":"category","embeddable":true,"href":"https:\/\/amanecerhuasteco.com\/portal\/wp-json\/wp\/v2\/categories?post=62363"},{"taxonomy":"post_tag","embeddable":true,"href":"https:\/\/amanecerhuasteco.com\/portal\/wp-json\/wp\/v2\/tags?post=62363"}],"curies":[{"name":"wp","href":"https:\/\/api.w.org\/{rel}","templated":true}]}}