{"id":62391,"date":"2021-12-09T07:13:47","date_gmt":"2021-12-09T13:13:47","guid":{"rendered":"http:\/\/amanecerhuasteco.com\/portal\/?p=62391"},"modified":"2021-12-09T07:13:47","modified_gmt":"2021-12-09T13:13:47","slug":"legisladores-se-suman-a-la-peticion-del-gobernador-del-estado-para-que-el-gobierno-federal-envie-mas-elementos-de-la-guardia-nacional-a-slp","status":"publish","type":"post","link":"https:\/\/amanecerhuasteco.com\/portal\/legisladores-se-suman-a-la-peticion-del-gobernador-del-estado-para-que-el-gobierno-federal-envie-mas-elementos-de-la-guardia-nacional-a-slp\/","title":{"rendered":"Legisladores se suman a la petici\u00f3n del Gobernador del Estado para que el Gobierno Federal env\u00ede mas elementos de la Guardia Nacional a SLP"},"content":{"rendered":"<p><strong>\u00a0<\/strong><\/p>\n<p><strong>\u00a0<\/strong><\/p>\n<p><strong>\u00a0<\/strong><\/p>\n<p><strong>\u00a0<\/strong><\/p>\n<p><strong>-DIPUTADOS SE SUMAN A LA PETICI\u00d3N DEL GOBERNADOR DEL ESTADO PARA QUE EL GOBIERNO FEDERAL ENV\u00cdE ELEMENTOS DE LA GUARDIA NACIONAL A FIN DE REFORZAR LA SEGURIDAD P\u00daBLICA: DIP. EMMA IDALIA SALDA\u00d1A GUERRERO<\/strong><\/p>\n<p><strong>\u00a0<\/strong><\/p>\n<p><strong>ES LAMENTABLE QUE HAYA HECHOS DE VIOLENCIA EN VARIOS MUNICIPIOS; LAS POLICIAS MUNICIPALES SON PREVENTIVAS Y NO EST\u00c1N PREPARADAS PARA SITUACIONES DE ALTO IMPACTO<\/strong><\/p>\n<p>&nbsp;<\/p>\n<p>Es importante que el Gobierno de la Rep\u00fablica atienda la petici\u00f3n del Gobernador del Estado, Jos\u00e9 Ricardo Gallardo Cardona de enviar elementos de la Guardia Nacional o de la Marina, para incrementar el estado de fuerza y enfrentar la situaci\u00f3n de inseguridad que se vive en varios municipios de la entidad.<\/p>\n<p>&nbsp;<\/p>\n<p>As\u00ed lo dijo la vocal de la Comisi\u00f3n de Seguridad P\u00fablica, Prevenci\u00f3n y Reinserci\u00f3n Social del Congreso del Estado, diputada Emma Idalia Salda\u00f1a Guerrero, al lamentar los hechos ocurridos recientemente en diversas zonas del estado, incluyendo el enfrentamiento en Cerritos donde elementos de la polic\u00eda resultaron lesionados.<\/p>\n<p>&nbsp;<\/p>\n<p>\u201cComo representantes populares nos sumamos a esta petici\u00f3n que hizo el Gobernador del Estado, para que el Gobierno Federal apoye a San Luis Potos; sabemos que el mandatario realiz\u00f3 la Mesa de Seguridad en Tamasopo y ojal\u00e1 que siga en esa din\u00e1mica en otros municipios\u201d, a\u00f1adi\u00f3.<\/p>\n<p>&nbsp;<\/p>\n<p>La legisladora expuso que el Gobierno Federal tiene la capacidad de reforzar la seguridad en San Luis, si es necesario que venga la Marina ser\u00eda muy bueno, todo esto representa gastos pero es por la seguridad de los ciudadanos para superar la zozobra y angustia de los ciudadanos.<\/p>\n<p>&nbsp;<\/p>\n<p>\u201cEs muy lamentable ver estas im\u00e1genes de los hechos violentos ocurridos recientemente, de los enfrentamientos, y aunque haya peticiones para reforzar el estado de fuerza, lo cierto es que falta muchos elementos estatales y municipales adem\u00e1s de la falta de capacitaci\u00f3n\u201d.<\/p>\n<p>&nbsp;<\/p>\n<p>Dijo la diputada Salda\u00f1a Guerrero que \u201clos polic\u00edas de Tamasopo desertaron y ya vimos lo que sucedi\u00f3, finalmente los polic\u00edas son seres humanos, tienen miedo, no est\u00e1n capacitados y despu\u00e9s de todo son polic\u00edas preventivos, sus responsabilidades est\u00e1n bien definidas\u201d.<\/p>\n","protected":false},"excerpt":{"rendered":"<p>\u00a0 \u00a0 \u00a0 \u00a0 -DIPUTADOS SE SUMAN A LA PETICI\u00d3N DEL GOBERNADOR DEL ESTADO PARA QUE EL GOBIERNO FEDERAL ENV\u00cdE ELEMENTOS DE LA GUARDIA NACIONAL A FIN DE REFORZAR LA SEGURIDAD P\u00daBLICA: DIP. EMMA IDALIA SALDA\u00d1A GUERRERO \u00a0 ES LAMENTABLE QUE HAYA HECHOS DE VIOLENCIA &hellip; <\/p>\n","protected":false},"author":1,"featured_media":62392,"comment_status":"open","ping_status":"open","sticky":false,"template":"","format":"standard","meta":{"footnotes":""},"categories":[23,4],"tags":[],"class_list":["post-62391","post","type-post","status-publish","format-standard","has-post-thumbnail","hentry","category-congreso","category-inicio"],"_links":{"self":[{"href":"https:\/\/amanecerhuasteco.com\/portal\/wp-json\/wp\/v2\/posts\/62391","targetHints":{"allow":["GET"]}}],"collection":[{"href":"https:\/\/amanecerhuasteco.com\/portal\/wp-json\/wp\/v2\/posts"}],"about":[{"href":"https:\/\/amanecerhuasteco.com\/portal\/wp-json\/wp\/v2\/types\/post"}],"author":[{"embeddable":true,"href":"https:\/\/amanecerhuasteco.com\/portal\/wp-json\/wp\/v2\/users\/1"}],"replies":[{"embeddable":true,"href":"https:\/\/amanecerhuasteco.com\/portal\/wp-json\/wp\/v2\/comments?post=62391"}],"version-history":[{"count":1,"href":"https:\/\/amanecerhuasteco.com\/portal\/wp-json\/wp\/v2\/posts\/62391\/revisions"}],"predecessor-version":[{"id":62393,"href":"https:\/\/amanecerhuasteco.com\/portal\/wp-json\/wp\/v2\/posts\/62391\/revisions\/62393"}],"wp:featuredmedia":[{"embeddable":true,"href":"https:\/\/amanecerhuasteco.com\/portal\/wp-json\/wp\/v2\/media\/62392"}],"wp:attachment":[{"href":"https:\/\/amanecerhuasteco.com\/portal\/wp-json\/wp\/v2\/media?parent=62391"}],"wp:term":[{"taxonomy":"category","embeddable":true,"href":"https:\/\/amanecerhuasteco.com\/portal\/wp-json\/wp\/v2\/categories?post=62391"},{"taxonomy":"post_tag","embeddable":true,"href":"https:\/\/amanecerhuasteco.com\/portal\/wp-json\/wp\/v2\/tags?post=62391"}],"curies":[{"name":"wp","href":"https:\/\/api.w.org\/{rel}","templated":true}]}}