{"id":62697,"date":"2021-12-16T07:13:34","date_gmt":"2021-12-16T13:13:34","guid":{"rendered":"http:\/\/amanecerhuasteco.com\/portal\/?p=62697"},"modified":"2021-12-16T07:13:34","modified_gmt":"2021-12-16T13:13:34","slug":"participara-ricardo-gallardo-en-la-reunion-de-la-conago-en-villahermosa-tabasco","status":"publish","type":"post","link":"https:\/\/amanecerhuasteco.com\/portal\/participara-ricardo-gallardo-en-la-reunion-de-la-conago-en-villahermosa-tabasco\/","title":{"rendered":"Participar\u00e1 Ricardo Gallardo en la reuni\u00f3n de la CONAGO en Villahermosa, Tabasco"},"content":{"rendered":"<p>&nbsp;<\/p>\n<ul>\n<li><strong>Tambi\u00e9n asistir\u00e1 a la sesi\u00f3n anual del Consejo Nacional de Seguridad P\u00fablica y sostendr\u00e1 un encuentro con el Presidente Andr\u00e9s Manuel L\u00f3pez Obrador. <\/strong><\/li>\n<li><strong>Los temas a tratar son seguridad, protecci\u00f3n civil y la creaci\u00f3n de la pensi\u00f3n universal en M\u00e9xico. <\/strong><\/li>\n<\/ul>\n<p>&nbsp;<\/p>\n<p>El Gobernador Ricardo Gallardo Cardona participar\u00e1 este jueves 16 de diciembre en la LXI Reuni\u00f3n Ordinaria de la Conferencia Nacional de Gobernadores (Conago), as\u00ed como en la sesi\u00f3n anual del Consejo Nacional de Seguridad P\u00fablica, en Villahermosa, Tabasco, para posteriormente sostener un encuentro con el Presidente Andr\u00e9s Manuel L\u00f3pez Obrador, con quien abordar\u00e1 temas relacionados con protecci\u00f3n civil, seguridad y la pensi\u00f3n universal.<\/p>\n<p>Durante el encuentro con sus hom\u00f3logos Gobernadores, el Mandatario quien participa en su primera reuni\u00f3n de la Conago, presentar\u00e1 un amplio y nutrido esbozo de los resultados que ha obtenido en sus poco m\u00e1s de dos meses de trabajo, en donde ha posicionado a San Luis Potos\u00ed como un Estado que avanza y prospera a pesar de la herencia maldita y una deuda de m\u00e1s de 20 mil millones de pesos en pasivos, que dej\u00f3 la pasada administraci\u00f3n gubernamental.<\/p>\n<p>En estas 12 semanas de Gobierno, San Luis Potos\u00ed ha recuperado la confianza nacional y se ha convertido en una entidad propicia para las inversiones y el turismo nacional y extranjero, con una imagen de trabajo y esfuerzo, gracias a los resultados que ha obtenido Gallardo Cardona al frente del Poder Ejecutivo, quien ha sabido enfrentar las adversidades heredadas con decisi\u00f3n y firmeza.<\/p>\n<p>La sesi\u00f3n del Consejo Nacional de Seguridad P\u00fablica, ser\u00e1 encabezada por el Presidente Andr\u00e9s Manuel L\u00f3pez Obrador, donde tambi\u00e9n se abordar\u00e1 el tema de Protecci\u00f3n Civil y se presentar\u00e1 el plan para atender emergencias, ambos puntos ya atendidos en San Luis Potos\u00ed por instrucciones del Gobernador, en el primero trabajando en las cuatro regiones del Estado para devolver la paz y tranquilidad a las y los potosinos, con la instauraci\u00f3n del Grupo de Fuerzas Especiales, desarticulando c\u00e9lulas delictivas en varios municipios, adem\u00e1s de que en los pr\u00f3ximos d\u00edas estar\u00e1 presentando la iniciativa para la creaci\u00f3n de la Guardia Civil; y en el segundo implementando una pol\u00edtica preventiva ante las contingencias y fen\u00f3menos naturales en vez de reactiva.<\/p>\n<p>Asimismo, el Mandatario potosino aprovechar\u00e1 la reuni\u00f3n y el encuentro que sostendr\u00e1 con el Presidente de la Rep\u00fablica, para replantear su solicitud para fortalecer la presencia militar y de la Guardia Nacional en el Estado con el env\u00edo de m\u00e1s elementos que contribuyan a mejorar la seguridad en toda la entidad.<\/p>\n<p>Durante la agenda del jueves, se tiene programada una comida entre el titular del Ejecutivo Federal y los 31 Gobernadores del pa\u00eds, as\u00ed como la Jefa del Gobierno de la Ciudad de M\u00e9xico Claudia Sheinbaum, en donde se reafirmar\u00e1n los acuerdos obtenidos, entre ellos la propuesta de Andr\u00e9s Manuel L\u00f3pez Obrador de crear una pensi\u00f3n universal dividida en partes iguales, para todas las personas con alguna discapacidad del pa\u00eds.<\/p>\n","protected":false},"excerpt":{"rendered":"<p>&nbsp; Tambi\u00e9n asistir\u00e1 a la sesi\u00f3n anual del Consejo Nacional de Seguridad P\u00fablica y sostendr\u00e1 un encuentro con el Presidente Andr\u00e9s Manuel L\u00f3pez Obrador. Los temas a tratar son seguridad, protecci\u00f3n civil y la creaci\u00f3n de la pensi\u00f3n universal en M\u00e9xico. &nbsp; El Gobernador Ricardo &hellip; <\/p>\n","protected":false},"author":1,"featured_media":62698,"comment_status":"open","ping_status":"open","sticky":false,"template":"","format":"standard","meta":{"footnotes":""},"categories":[11,4,12],"tags":[],"class_list":["post-62697","post","type-post","status-publish","format-standard","has-post-thumbnail","hentry","category-estado","category-inicio","category-nacional"],"_links":{"self":[{"href":"https:\/\/amanecerhuasteco.com\/portal\/wp-json\/wp\/v2\/posts\/62697","targetHints":{"allow":["GET"]}}],"collection":[{"href":"https:\/\/amanecerhuasteco.com\/portal\/wp-json\/wp\/v2\/posts"}],"about":[{"href":"https:\/\/amanecerhuasteco.com\/portal\/wp-json\/wp\/v2\/types\/post"}],"author":[{"embeddable":true,"href":"https:\/\/amanecerhuasteco.com\/portal\/wp-json\/wp\/v2\/users\/1"}],"replies":[{"embeddable":true,"href":"https:\/\/amanecerhuasteco.com\/portal\/wp-json\/wp\/v2\/comments?post=62697"}],"version-history":[{"count":1,"href":"https:\/\/amanecerhuasteco.com\/portal\/wp-json\/wp\/v2\/posts\/62697\/revisions"}],"predecessor-version":[{"id":62699,"href":"https:\/\/amanecerhuasteco.com\/portal\/wp-json\/wp\/v2\/posts\/62697\/revisions\/62699"}],"wp:featuredmedia":[{"embeddable":true,"href":"https:\/\/amanecerhuasteco.com\/portal\/wp-json\/wp\/v2\/media\/62698"}],"wp:attachment":[{"href":"https:\/\/amanecerhuasteco.com\/portal\/wp-json\/wp\/v2\/media?parent=62697"}],"wp:term":[{"taxonomy":"category","embeddable":true,"href":"https:\/\/amanecerhuasteco.com\/portal\/wp-json\/wp\/v2\/categories?post=62697"},{"taxonomy":"post_tag","embeddable":true,"href":"https:\/\/amanecerhuasteco.com\/portal\/wp-json\/wp\/v2\/tags?post=62697"}],"curies":[{"name":"wp","href":"https:\/\/api.w.org\/{rel}","templated":true}]}}