{"id":62871,"date":"2021-12-19T07:04:43","date_gmt":"2021-12-19T13:04:43","guid":{"rendered":"http:\/\/amanecerhuasteco.com\/portal\/?p=62871"},"modified":"2021-12-19T07:04:43","modified_gmt":"2021-12-19T13:04:43","slug":"reconoce-gobierno-federal-y-sedena-trabajo-de-ricardo-gallardo-en-seguridad","status":"publish","type":"post","link":"https:\/\/amanecerhuasteco.com\/portal\/reconoce-gobierno-federal-y-sedena-trabajo-de-ricardo-gallardo-en-seguridad\/","title":{"rendered":"Reconoce gobierno federal y SEDENA trabajo de Ricardo Gallardo en seguridad"},"content":{"rendered":"<p>&nbsp;<\/p>\n<ul>\n<li><strong> Durante la reuni\u00f3n del Consejo Nacional de Seguridad P\u00fablica que encabez\u00f3 AMLO se observ\u00f3 que SLP avanza por el camino correcto. <\/strong><\/li>\n<li><strong> Gobiernos Federal y Estatal acuerdan trabajar de manera coordinada para lograr la paz, tranquilidad y seguridad de las y los potosinos. <\/strong><\/li>\n<\/ul>\n<p>&nbsp;<\/p>\n<p>El Gobierno Federal y la Secretar\u00eda de la Defensa Nacional (SEDENA) reconocieron el trabajo que en materia de seguridad est\u00e1 realizando el Gobernador Ricardo Gallardo Cardona en el Estado, adem\u00e1s de apoyar la creaci\u00f3n de la Guardia Civil en San Luis Potos\u00ed, dentro del marco de la reuni\u00f3n anual del Consejo Nacional de Seguridad P\u00fablica, efectuada en Villahermosa, Tabasco, la cual encabez\u00f3 el Presidente Andr\u00e9s Manuel L\u00f3pez Obrador.<\/p>\n<p>&nbsp;<\/p>\n<p>El secretario General de Gobierno J. Guadalupe Torres S\u00e1nchez, quien acompa\u00f1\u00f3 al titular del Ejecutivo a la LXI Reuni\u00f3n Ordinaria de la Confederaci\u00f3n Nacional de Gobernadores (CONAGO), manifest\u00f3 que los resultados que se obtuvieron durante la sesi\u00f3n fortalecen\u00a0 los trabajos que de manera coordinada se realizan con la Federaci\u00f3n a fin de lograr la paz, tranquilidad y seguridad de las y los potosinos e inform\u00f3 que dialogaron directamente con el Primer Mandatario de la Naci\u00f3n y el secretario de la Defensa Nacional, General Luis Cresencio Sandoval.<\/p>\n<p>&nbsp;<\/p>\n<p>Durante la reuni\u00f3n, el Gobernador Ricardo Gallardo le solicit\u00f3 al presidente L\u00f3pez Obrador y al secretario de la Defensa la necesidad de reforzar la seguridad en la entidad con la presencia de m\u00e1s elementos policiacos y militares en el Estado, y les expuso el avance que se tiene en la creaci\u00f3n de la Guardia Civil, siguiendo el modelo de la Guardia Nacional, iniciativa que cont\u00f3 con el respaldo del Gobierno Federal.<\/p>\n<p>&nbsp;<\/p>\n<p>Torres S\u00e1nchez calific\u00f3 la jornada de trabajo realizada este jueves en la capital de Tabasco como muy fruct\u00edfera, pues se tuvieron acercamientos con diferentes secretarios de Estado y con el titular de la Defensa Nacional (SEDENA) General Luis Cresencio Sandoval, al que se le plante\u00f3 en forma directa la situaci\u00f3n de seguridad que vive San Luis Potos\u00ed, quien mostr\u00f3 su inter\u00e9s en que la entidad potosina sea un Estado seguro y de paz.<\/p>\n<p>&nbsp;<\/p>\n<p>El General Luis Cresencio Sandoval reconoci\u00f3 el trabajo que en materia de seguridad realiza el Mandatario Ricardo Gallardo en San Luis Potos\u00ed, pues en menos de 100 d\u00edas de Gobierno ya se han puesto en marcha grupos t\u00e1cticos que est\u00e1n haci\u00e9ndole frente a aquellos que quieren generar caos en la entidad, a quienes Gobiernos anteriores no quisieron enfrentar, situaci\u00f3n que forma parte de la herencia maldita.<\/p>\n<p>&nbsp;<\/p>\n<p>El responsable de la pol\u00edtica interior del Estado, le inform\u00f3 que se tiene una mesa itinerante para la paz y la seguridad de la entidad por primera vez, ya que las sesiones siempre se realizaban en la zona Metropolitana, lo cual fue muy bien recibido por el secretario de la Defensa Nacional con quien se acord\u00f3 tener un mayor acercamiento y comunicaci\u00f3n a trav\u00e9s de la 12\u00aa Zona Militar.<\/p>\n<p>&nbsp;<\/p>\n<p>&nbsp;<\/p>\n<p>&nbsp;<\/p>\n<p>&nbsp;<\/p>\n<p>&nbsp;<\/p>\n<p>&nbsp;<\/p>\n","protected":false},"excerpt":{"rendered":"<p>&nbsp; Durante la reuni\u00f3n del Consejo Nacional de Seguridad P\u00fablica que encabez\u00f3 AMLO se observ\u00f3 que SLP avanza por el camino correcto. Gobiernos Federal y Estatal acuerdan trabajar de manera coordinada para lograr la paz, tranquilidad y seguridad de las y los potosinos. &nbsp; El &hellip; <\/p>\n","protected":false},"author":1,"featured_media":62872,"comment_status":"open","ping_status":"open","sticky":false,"template":"","format":"standard","meta":{"footnotes":""},"categories":[11,4,12],"tags":[],"class_list":["post-62871","post","type-post","status-publish","format-standard","has-post-thumbnail","hentry","category-estado","category-inicio","category-nacional"],"_links":{"self":[{"href":"https:\/\/amanecerhuasteco.com\/portal\/wp-json\/wp\/v2\/posts\/62871","targetHints":{"allow":["GET"]}}],"collection":[{"href":"https:\/\/amanecerhuasteco.com\/portal\/wp-json\/wp\/v2\/posts"}],"about":[{"href":"https:\/\/amanecerhuasteco.com\/portal\/wp-json\/wp\/v2\/types\/post"}],"author":[{"embeddable":true,"href":"https:\/\/amanecerhuasteco.com\/portal\/wp-json\/wp\/v2\/users\/1"}],"replies":[{"embeddable":true,"href":"https:\/\/amanecerhuasteco.com\/portal\/wp-json\/wp\/v2\/comments?post=62871"}],"version-history":[{"count":1,"href":"https:\/\/amanecerhuasteco.com\/portal\/wp-json\/wp\/v2\/posts\/62871\/revisions"}],"predecessor-version":[{"id":62873,"href":"https:\/\/amanecerhuasteco.com\/portal\/wp-json\/wp\/v2\/posts\/62871\/revisions\/62873"}],"wp:featuredmedia":[{"embeddable":true,"href":"https:\/\/amanecerhuasteco.com\/portal\/wp-json\/wp\/v2\/media\/62872"}],"wp:attachment":[{"href":"https:\/\/amanecerhuasteco.com\/portal\/wp-json\/wp\/v2\/media?parent=62871"}],"wp:term":[{"taxonomy":"category","embeddable":true,"href":"https:\/\/amanecerhuasteco.com\/portal\/wp-json\/wp\/v2\/categories?post=62871"},{"taxonomy":"post_tag","embeddable":true,"href":"https:\/\/amanecerhuasteco.com\/portal\/wp-json\/wp\/v2\/tags?post=62871"}],"curies":[{"name":"wp","href":"https:\/\/api.w.org\/{rel}","templated":true}]}}