{"id":63189,"date":"2021-12-25T06:53:21","date_gmt":"2021-12-25T12:53:21","guid":{"rendered":"http:\/\/amanecerhuasteco.com\/portal\/?p=63189"},"modified":"2021-12-27T07:03:54","modified_gmt":"2021-12-27T13:03:54","slug":"congreso-del-estado-recibio-el-proyecto-del-plan-estatal-de-desarrollo-2021-2027","status":"publish","type":"post","link":"https:\/\/amanecerhuasteco.com\/portal\/congreso-del-estado-recibio-el-proyecto-del-plan-estatal-de-desarrollo-2021-2027\/","title":{"rendered":"Congreso del Estado recibi\u00f3 el proyecto del plan estatal de desarrollo 2021-2027  \u00a0"},"content":{"rendered":"<p><strong>\u00a0<\/strong><\/p>\n<p><strong>\u00a0<\/strong><\/p>\n<p>&nbsp;<\/p>\n<p><strong>DEBE SER UN PLAN ESTATAL DE DESARROLLO CON UN ALTO SENTIDO SOCIAL, EN DONDE LA PRIORIDAD SEA ATENDER A LOS QUE MENOS TIENEN: DIP. JOS\u00c9 LUIS FERN\u00c1NDEZ MART\u00cdNEZ<\/strong><\/p>\n<p>&nbsp;<\/p>\n<p>Los diferentes grupos parlamentarios representados en la LXIII Legislatura, realizar\u00e1n un an\u00e1lisis a fondo del Proyecto del Plan Estatal de Desarrollo 2021-2027 que fue entregado en Oficial\u00eda de Partes del Poder Legislativo por Cutberto Mario Tenorio Antonio, Director General de Planeaci\u00f3n y Gustavo Rosiles S\u00e1nchez, director de Planeaci\u00f3n de la Secretar\u00eda de Finanzas, as\u00ed como por Juan Pablo Escobar Mart\u00ednez, Subsecretario de Enlace Interinstitucional de la Secretar\u00eda General de Gobierno.<\/p>\n<p>&nbsp;<\/p>\n<p>El diputado Jos\u00e9 Luis Fern\u00e1ndez Mart\u00ednez y la diputada Emma Idalia Salda\u00f1a Guerrero, presidente y vocal de la Junta de Coordinaci\u00f3n Pol\u00edtica (JUCOPO), respectivamente, fueron quienes recibieron el documento en el \u201cEdificio Presidente Ju\u00e1rez\u201d del Poder Legislativo.<\/p>\n<p>&nbsp;<\/p>\n<p>El diputado Jos\u00e9 Luis Fern\u00e1ndez Mart\u00ednez, precis\u00f3 que, \u201cvamos a revisar a fondo el documento que recibimos de parte de Gobierno del Estado, en el cual, seguramente existir\u00e1n muchos puntos de coincidencia entre la visi\u00f3n del Ejecutivo y Legislativo, que tienen como premisa fortalecer la atenci\u00f3n a quienes menos tienen\u201d.<\/p>\n<p>&nbsp;<\/p>\n<p>\u201cEsta administraci\u00f3n desde sus inicios ha manifestado que tiene una visi\u00f3n de solidaridad con los que menos tienen, por lo tanto, debe estar plasmado en el Plan Estatal de Desarrollo 2021-2027\u201d, puntualiz\u00f3.<\/p>\n<p>&nbsp;<\/p>\n<p>\u201cDesde el Poder Legislativo se van a impulsar y fortalecer acciones para lograr un estado de San Luis Potos\u00ed en donde se tenga prioridad de atenci\u00f3n los que menos tienen, vamos a buscar un desarrollo equilibrado en las cuatro zonas del estado\u201d.<\/p>\n","protected":false},"excerpt":{"rendered":"<p>\u00a0 \u00a0 &nbsp; DEBE SER UN PLAN ESTATAL DE DESARROLLO CON UN ALTO SENTIDO SOCIAL, EN DONDE LA PRIORIDAD SEA ATENDER A LOS QUE MENOS TIENEN: DIP. JOS\u00c9 LUIS FERN\u00c1NDEZ MART\u00cdNEZ &nbsp; Los diferentes grupos parlamentarios representados en la LXIII Legislatura, realizar\u00e1n un an\u00e1lisis a &hellip; <\/p>\n","protected":false},"author":1,"featured_media":63190,"comment_status":"open","ping_status":"open","sticky":false,"template":"","format":"standard","meta":{"footnotes":""},"categories":[23,4],"tags":[],"class_list":["post-63189","post","type-post","status-publish","format-standard","has-post-thumbnail","hentry","category-congreso","category-inicio"],"_links":{"self":[{"href":"https:\/\/amanecerhuasteco.com\/portal\/wp-json\/wp\/v2\/posts\/63189","targetHints":{"allow":["GET"]}}],"collection":[{"href":"https:\/\/amanecerhuasteco.com\/portal\/wp-json\/wp\/v2\/posts"}],"about":[{"href":"https:\/\/amanecerhuasteco.com\/portal\/wp-json\/wp\/v2\/types\/post"}],"author":[{"embeddable":true,"href":"https:\/\/amanecerhuasteco.com\/portal\/wp-json\/wp\/v2\/users\/1"}],"replies":[{"embeddable":true,"href":"https:\/\/amanecerhuasteco.com\/portal\/wp-json\/wp\/v2\/comments?post=63189"}],"version-history":[{"count":1,"href":"https:\/\/amanecerhuasteco.com\/portal\/wp-json\/wp\/v2\/posts\/63189\/revisions"}],"predecessor-version":[{"id":63191,"href":"https:\/\/amanecerhuasteco.com\/portal\/wp-json\/wp\/v2\/posts\/63189\/revisions\/63191"}],"wp:featuredmedia":[{"embeddable":true,"href":"https:\/\/amanecerhuasteco.com\/portal\/wp-json\/wp\/v2\/media\/63190"}],"wp:attachment":[{"href":"https:\/\/amanecerhuasteco.com\/portal\/wp-json\/wp\/v2\/media?parent=63189"}],"wp:term":[{"taxonomy":"category","embeddable":true,"href":"https:\/\/amanecerhuasteco.com\/portal\/wp-json\/wp\/v2\/categories?post=63189"},{"taxonomy":"post_tag","embeddable":true,"href":"https:\/\/amanecerhuasteco.com\/portal\/wp-json\/wp\/v2\/tags?post=63189"}],"curies":[{"name":"wp","href":"https:\/\/api.w.org\/{rel}","templated":true}]}}