{"id":6587,"date":"2014-09-24T19:07:51","date_gmt":"2014-09-25T01:07:51","guid":{"rendered":"http:\/\/amanecerhuasteco.com\/portal\/2014\/09\/24\/la-comision-de-vigilancia-presento-su-plan-de-trabajo-para-el-tercer-ano\/"},"modified":"2014-09-24T19:07:51","modified_gmt":"2014-09-25T01:07:51","slug":"la-comision-de-vigilancia-presento-su-plan-de-trabajo-para-el-tercer-ano","status":"publish","type":"post","link":"https:\/\/amanecerhuasteco.com\/portal\/la-comision-de-vigilancia-presento-su-plan-de-trabajo-para-el-tercer-ano\/","title":{"rendered":"La Comisi\u00f3n de Vigilancia present\u00f3 su plan de trabajo para el tercer a\u00f1o"},"content":{"rendered":"<p class=\"caption\" style=\"text-align: justify;\">\n<p class=\"caption\" style=\"text-align: justify;\">&#8211; Adem\u00e1s se reuni\u00f3 con el Auditor Superior del Estado para analizar temas como el calendario de las comparecencias<\/p>\n<p class=\"caption\" style=\"text-align: justify;\">El diputado Alfonso D\u00edaz de Le\u00f3n Guill\u00e9n, se\u00f1al\u00f3 que hoy se instal\u00f3 formalmente la Comisi\u00f3n de Vigilancia para este tercer a\u00f1o de ejercicio legal, present\u00e1ndose la visi\u00f3n y misi\u00f3n de dicha comisi\u00f3n, donde lo fundamental es servir a los intereses ciudadanos.<\/p>\n<p class=\"caption\" style=\"text-align: justify;\">El legislador indic\u00f3 que en esta primera reuni\u00f3n del \u00faltimo a\u00f1o de la LX Legislatura, se present\u00f3 el plan de trabajo, en el que se buscar\u00e1 que haya una mejor rendici\u00f3n de cuentas, transparencia y fiscalizaci\u00f3n de los recursos p\u00fablicos, dado que estos puntos son de vital importancia ante la exigencia de la poblaci\u00f3n de que lo que paga en impuestos sea un recurso que se aplique en forma adecuada.<\/p>\n<p class=\"caption\" style=\"text-align: justify;\">As\u00ed mismo, el presidente de la Comisi\u00f3n de Vigilancia refiri\u00f3 que en la reuni\u00f3n fueron acompa\u00f1ados por el Auditor Superior del Estado, Jos\u00e9 de Jes\u00fas Mart\u00ednez Loredo, quien ha tenido un contacto permanente con los diputados.<\/p>\n<p class=\"caption\" style=\"text-align: justify;\">\u201cYo tengo la oportunidad de repetir como presidente con la experiencia, ya de un a\u00f1o, y quiero responderles con un trabajo profesional y serio, que pueda dar seriedad absoluta al trabajo que realiza el Auditor Superior y que se traduzca en rendici\u00f3n de cuentas, denuncias penales, sanciones y capacitaci\u00f3n para que se mejore y se haga m\u00e1s baja la cantidad de observaciones de los 112 entes auditables\u201d, asever\u00f3 el diputado.<\/p>\n<p style=\"text-align: justify;\">\u00a0<\/p>\n<p class=\"caption\" style=\"text-align: justify;\">Adem\u00e1s, D\u00edaz de Le\u00f3n Guill\u00e9n manifest\u00f3 que en la reuni\u00f3n tambi\u00e9n se present\u00f3 el calendario de comparecencias para la solventaci\u00f3n de las observaciones y se abord\u00f3 el tema de la comparecencia del Procurador del Estado, Miguel \u00c1ngel Garc\u00eda Covarrubias, para que d\u00e9 un avance de las denuncias penales que se han presentado contra ex funcionarios.<\/p>\n","protected":false},"excerpt":{"rendered":"<p>&#8211; Adem\u00e1s se reuni\u00f3 con el Auditor Superior del Estado para analizar temas como el calendario de las comparecencias El diputado Alfonso D\u00edaz de Le\u00f3n Guill\u00e9n, se\u00f1al\u00f3 que hoy se instal\u00f3 formalmente la Comisi\u00f3n de Vigilancia para este tercer a\u00f1o de ejercicio legal, present\u00e1ndose la &hellip; <\/p>\n","protected":false},"author":1,"featured_media":6586,"comment_status":"open","ping_status":"open","sticky":false,"template":"","format":"standard","meta":{"footnotes":""},"categories":[23],"tags":[],"class_list":["post-6587","post","type-post","status-publish","format-standard","has-post-thumbnail","hentry","category-congreso"],"_links":{"self":[{"href":"https:\/\/amanecerhuasteco.com\/portal\/wp-json\/wp\/v2\/posts\/6587","targetHints":{"allow":["GET"]}}],"collection":[{"href":"https:\/\/amanecerhuasteco.com\/portal\/wp-json\/wp\/v2\/posts"}],"about":[{"href":"https:\/\/amanecerhuasteco.com\/portal\/wp-json\/wp\/v2\/types\/post"}],"author":[{"embeddable":true,"href":"https:\/\/amanecerhuasteco.com\/portal\/wp-json\/wp\/v2\/users\/1"}],"replies":[{"embeddable":true,"href":"https:\/\/amanecerhuasteco.com\/portal\/wp-json\/wp\/v2\/comments?post=6587"}],"version-history":[{"count":0,"href":"https:\/\/amanecerhuasteco.com\/portal\/wp-json\/wp\/v2\/posts\/6587\/revisions"}],"wp:featuredmedia":[{"embeddable":true,"href":"https:\/\/amanecerhuasteco.com\/portal\/wp-json\/wp\/v2\/media\/6586"}],"wp:attachment":[{"href":"https:\/\/amanecerhuasteco.com\/portal\/wp-json\/wp\/v2\/media?parent=6587"}],"wp:term":[{"taxonomy":"category","embeddable":true,"href":"https:\/\/amanecerhuasteco.com\/portal\/wp-json\/wp\/v2\/categories?post=6587"},{"taxonomy":"post_tag","embeddable":true,"href":"https:\/\/amanecerhuasteco.com\/portal\/wp-json\/wp\/v2\/tags?post=6587"}],"curies":[{"name":"wp","href":"https:\/\/api.w.org\/{rel}","templated":true}]}}