{"id":66636,"date":"2022-03-11T09:04:15","date_gmt":"2022-03-11T15:04:15","guid":{"rendered":"http:\/\/amanecerhuasteco.com\/portal\/?p=66636"},"modified":"2022-03-11T09:04:15","modified_gmt":"2022-03-11T15:04:15","slug":"todo-un-exito-bazar-de-mujeres-emprendedoras-en-tamasopo-vargas-maldonado","status":"publish","type":"post","link":"https:\/\/amanecerhuasteco.com\/portal\/todo-un-exito-bazar-de-mujeres-emprendedoras-en-tamasopo-vargas-maldonado\/","title":{"rendered":"Todo un \u00e9xito Bazar de Mujeres emprendedoras en Tamasopo: Vargas Maldonado"},"content":{"rendered":"<p><img decoding=\"async\" class=\"alignnone size-full wp-image-66638\" src=\"https:\/\/amanecerhuasteco.com\/portal\/wp-content\/uploads\/2022\/03\/11-3-22-bazar-3.jpeg\" alt=\"\" width=\"1280\" height=\"605\" srcset=\"https:\/\/amanecerhuasteco.com\/portal\/wp-content\/uploads\/2022\/03\/11-3-22-bazar-3.jpeg 1280w, https:\/\/amanecerhuasteco.com\/portal\/wp-content\/uploads\/2022\/03\/11-3-22-bazar-3-300x142.jpeg 300w, https:\/\/amanecerhuasteco.com\/portal\/wp-content\/uploads\/2022\/03\/11-3-22-bazar-3-768x363.jpeg 768w, https:\/\/amanecerhuasteco.com\/portal\/wp-content\/uploads\/2022\/03\/11-3-22-bazar-3-1024x484.jpeg 1024w\" sizes=\"(max-width: 1280px) 100vw, 1280px\" \/><\/p>\n<p>Tamasopo.- Con motivo de la conmemoraci\u00f3n del D\u00eda Internacional de la Mujer, el Comit\u00e9 del Desarrollo Integral de la Familia de Tamasopo, presidido por Mar\u00eda Sagrario Vargas Maldonado llev\u00f3 acabo un Bazar de Mujeres Emprendedoras.<\/p>\n<p>El Bazar se realiz\u00f3 los d\u00edas 6, 7 y 8 de marzo en el marco del d\u00eda internacional de la mujer, que genero la participaci\u00f3n de 12 mujeres en la plaza principal, quienes instalaron negocios diversos.<\/p>\n<p>En entrevista con la presidenta del DIF, dijo que fue un \u00e9xito el \u201cBazar de mujeres emprendedoras\u201d y es una manera de reconocer el trabajo de mujeres con iniciativa, que sin ayuda de sus propios esposos instalan negocios diversos para generar recursos y mantener a sus familias.<\/p>\n<p>Mar\u00eda Sagrario Vargas Maldonado, expreso que la idea fue que las mujeres emprendedoras comercializaran sus productores esos tres d\u00edas, ya que normalmente venden de manera ambulante o en las redes.<\/p>\n<p>Puntualiz\u00f3, que esta actividad fue un \u00e9xito ya que tuvo la participaci\u00f3n de 12 mujeres en este Bazar donde pudieron comercializar sus productos.<\/p>\n<p>&nbsp;<\/p>\n<p>&#8212;<\/p>\n","protected":false},"excerpt":{"rendered":"<p>Tamasopo.- Con motivo de la conmemoraci\u00f3n del D\u00eda Internacional de la Mujer, el Comit\u00e9 del Desarrollo Integral de la Familia de Tamasopo, presidido por Mar\u00eda Sagrario Vargas Maldonado llev\u00f3 acabo un Bazar de Mujeres Emprendedoras. El Bazar se realiz\u00f3 los d\u00edas 6, 7 y 8 &hellip; <\/p>\n","protected":false},"author":1,"featured_media":66637,"comment_status":"open","ping_status":"open","sticky":false,"template":"","format":"standard","meta":{"footnotes":""},"categories":[4,21],"tags":[],"class_list":["post-66636","post","type-post","status-publish","format-standard","has-post-thumbnail","hentry","category-inicio","category-tamasopo"],"_links":{"self":[{"href":"https:\/\/amanecerhuasteco.com\/portal\/wp-json\/wp\/v2\/posts\/66636","targetHints":{"allow":["GET"]}}],"collection":[{"href":"https:\/\/amanecerhuasteco.com\/portal\/wp-json\/wp\/v2\/posts"}],"about":[{"href":"https:\/\/amanecerhuasteco.com\/portal\/wp-json\/wp\/v2\/types\/post"}],"author":[{"embeddable":true,"href":"https:\/\/amanecerhuasteco.com\/portal\/wp-json\/wp\/v2\/users\/1"}],"replies":[{"embeddable":true,"href":"https:\/\/amanecerhuasteco.com\/portal\/wp-json\/wp\/v2\/comments?post=66636"}],"version-history":[{"count":1,"href":"https:\/\/amanecerhuasteco.com\/portal\/wp-json\/wp\/v2\/posts\/66636\/revisions"}],"predecessor-version":[{"id":66639,"href":"https:\/\/amanecerhuasteco.com\/portal\/wp-json\/wp\/v2\/posts\/66636\/revisions\/66639"}],"wp:featuredmedia":[{"embeddable":true,"href":"https:\/\/amanecerhuasteco.com\/portal\/wp-json\/wp\/v2\/media\/66637"}],"wp:attachment":[{"href":"https:\/\/amanecerhuasteco.com\/portal\/wp-json\/wp\/v2\/media?parent=66636"}],"wp:term":[{"taxonomy":"category","embeddable":true,"href":"https:\/\/amanecerhuasteco.com\/portal\/wp-json\/wp\/v2\/categories?post=66636"},{"taxonomy":"post_tag","embeddable":true,"href":"https:\/\/amanecerhuasteco.com\/portal\/wp-json\/wp\/v2\/tags?post=66636"}],"curies":[{"name":"wp","href":"https:\/\/api.w.org\/{rel}","templated":true}]}}