{"id":6664,"date":"2014-10-06T05:15:39","date_gmt":"2014-10-06T11:15:39","guid":{"rendered":"http:\/\/amanecerhuasteco.com\/portal\/2014\/10\/06\/en-operativo-conjunto-policias-estatales-y-ministeriales-desmantelan-banda-de-secuestradores-en-s-g-s\/"},"modified":"2014-10-06T05:15:39","modified_gmt":"2014-10-06T11:15:39","slug":"en-operativo-conjunto-policias-estatales-y-ministeriales-desmantelan-banda-de-secuestradores-en-s-g-s","status":"publish","type":"post","link":"https:\/\/amanecerhuasteco.com\/portal\/en-operativo-conjunto-policias-estatales-y-ministeriales-desmantelan-banda-de-secuestradores-en-s-g-s\/","title":{"rendered":"EN OPERATIVO CONJUNTO, POLIC\u00cdAS ESTATALES Y MINISTERIALES DESMANTELAN BANDA DE SECUESTRADORES EN S.G.S."},"content":{"rendered":"<p class=\"MsoPlainText\" style=\"text-align: justify;\">\n<p class=\"MsoPlainText\" style=\"text-align: justify;\">&#8211; LIBERAN A UNA PERSONA QUE ESTABA PRIVADA DE SU LIBERTAD<span class=\"caption\"> <\/span><\/p>\n<p>Soledad de Graciano S\u00e1nchez S.L.P.- En operativo conjunto, las Polic\u00edas Estatal y Ministerial lograron desmantelar una banda dedicada al secuestro que operaba en el municipio de Soledad de Graciano S\u00e1nchez, asimismo, liberaron a un hombre que se encontraba privado de su libertad y detuvieron a dos sujetos con armas largas y cartuchos. Asimismo, fueron aseguradas partes de un cami\u00f3n que contaba con reporte de robo vigente.<\/p>\n<p>Los hechos sucedieron cuando se recibi\u00f3 una llamada en el sistema de emergencias 066 donde informaban que en un rancho de dicho municipio se hab\u00edan presentado varios sujetos con armas largas, quienes violentaron la puerta principal e ingresaron para entrevistarse con el propietario a quien lo despojaron de dinero en efectivo y diversas joyas, posteriormente, lo tomaron por la fuerza y se lo llevaron a bordo de su camioneta Chevrolet pick up, modelo 2002 en color blanco y sin placas de circulaci\u00f3n, la cual llevaba diversas legumbres en la caja.<\/p>\n<p><span class=\"caption\"> <\/span><\/p>\n<p class=\"caption\" style=\"text-align: justify;\">Con los datos proporcionados, las dos corporaciones estatales en forma coordinada activaron los mecanismos de b\u00fasqueda en los diferentes caminos de terracer\u00eda y brechas aleda\u00f1as al lugar.<\/p>\n<p><span class=\"caption\"> <\/span><\/p>\n<p class=\"caption\" style=\"text-align: justify;\">Minutos despu\u00e9s, cuando polic\u00edas estatales circulaban por una avenida del Ejido Los Bosques, observaron a una persona que solicitaba ayuda y al indagar se percataron que se trataba del hombre buscado, por lo que de inmediato lo auxiliaron.<\/p>\n<p><span class=\"caption\"> <\/span><\/p>\n<p class=\"caption\" style=\"text-align: justify;\">El hombre manifest\u00f3 que despu\u00e9s de haber sido privado de su libertad, sus captores lo llevaron junto con su camioneta hasta un terreno, mismo que se\u00f1al\u00f3. Donde dijo que lo estaban cuidando, sin embargo, al percatarse que se aproximaba la autoridad, los presuntos decidieron correr entre la maleza, y \u00e9l, sali\u00f3 para ponerse a salvo y pedir ayuda.<\/p>\n<p><span class=\"caption\"> <\/span><\/p>\n<p class=\"caption\" style=\"text-align: justify;\">Al lugar acudieron agentes del Ministerio P\u00fablico y dieron fe de los indicios encontrados, consistentes en 2 cargadores para armas largas desabastecidos, 4 envases de cerveza, 1 llave de encendido con alarma, varias autopartes de un tracto cami\u00f3n Kenworth, el cual al ser consultado a trav\u00e9s del n\u00famero de serie se obtuvo que dicha unidad cuenta con reporte de robo con violencia el d\u00eda 22 de agosto de 2014.<\/p>\n<p><span class=\"caption\"> <\/span><\/p>\n<p class=\"caption\" style=\"text-align: justify;\">Con los pocos datos aportados y las evidencias recabadas, los elementos de la Polic\u00eda Ministerial comenzaron la investigaci\u00f3n y pusieron en marcha un dispositivo de b\u00fasqueda de los presuntos.<\/p>\n<p><span class=\"caption\"> <\/span><\/p>\n<p class=\"caption\" style=\"text-align: justify;\">Fueron distintas unidades polic\u00edas ministeriales que se desplazaron a varios sitios probables, sin embargo, un grupo de ellos logr\u00f3 ubicar a uno de los presuntos, quien llevaba un arma larga, y al verse sorprendido comenz\u00f3 a correr, pero fue alcanzado por los agentes, quienes lo desarmaron y le aseguraron un arma de fuego conocida como \u201ccuerno de chivo\u201d y varios cartuchos \u00fatiles.<\/p>\n<p><span class=\"caption\"> <\/span><\/p>\n<p class=\"caption\" style=\"text-align: justify;\">Por otro lado, otros de los elementos ministeriales tuvieron contacto con otro de los presuntos, quien coincid\u00eda a exactitud con las se\u00f1as proporcionadas por el afectado, mismo que fue interceptado y desarmado de un arma larga \u201ccuerno de chivo\u201d y diversos cartuchos \u00fatiles.<\/p>\n<p><span class=\"caption\"> <\/span><\/p>\n<p class=\"caption\" style=\"text-align: justify;\">Las dos armas largas y m\u00e1s de cien cartuchos \u00fatiles quedaron a disposici\u00f3n del agente del Ministerio P\u00fablico del Fuero Federal a fin de que se inicien las indagatorias correspondientes por los probables delitos de privaci\u00f3n ilegal de la libertad, posesi\u00f3n de armas de grueso calibre y cartuchos, robo de veh\u00edculo y lo que les resulte.<\/p>\n<p><span class=\"caption\"> <\/span><\/p>\n<p class=\"caption\" style=\"text-align: justify;\">La Procuradur\u00eda General de Justicia del Estado (PGJE), inform\u00f3 que las investigaciones del caso contin\u00faan para dar con el paradero de m\u00e1s responsables.<\/p>\n<p><span class=\"caption\"> <\/span><\/p>\n<p class=\"caption\" style=\"text-align: justify;\">Asimismo, la informaci\u00f3n actual apunta a que los detenidos coinciden a la exactitud con sujetos que han participado en otros robos en diferentes partes de la entidad.<\/p>\n<p><span class=\"caption\"> <\/span><\/p>\n<p class=\"caption\" style=\"text-align: justify;\">\u00a0<\/p>\n<p class=\"MsoPlainText\"><span style=\"font-family: \"> <\/span><\/p>\n<p class=\"MsoPlainText\"><span style=\"font-family: \"> <\/span><\/p>\n<p class=\"MsoPlainText\"><span style=\"font-family: \"> <\/span><\/p>\n<p>\u00a0<\/p>\n","protected":false},"excerpt":{"rendered":"<p>&#8211; LIBERAN A UNA PERSONA QUE ESTABA PRIVADA DE SU LIBERTAD Soledad de Graciano S\u00e1nchez S.L.P.- En operativo conjunto, las Polic\u00edas Estatal y Ministerial lograron desmantelar una banda dedicada al secuestro que operaba en el municipio de Soledad de Graciano S\u00e1nchez, asimismo, liberaron a un &hellip; <\/p>\n","protected":false},"author":1,"featured_media":6663,"comment_status":"open","ping_status":"open","sticky":false,"template":"","format":"standard","meta":{"footnotes":""},"categories":[11],"tags":[],"class_list":["post-6664","post","type-post","status-publish","format-standard","has-post-thumbnail","hentry","category-estado"],"_links":{"self":[{"href":"https:\/\/amanecerhuasteco.com\/portal\/wp-json\/wp\/v2\/posts\/6664","targetHints":{"allow":["GET"]}}],"collection":[{"href":"https:\/\/amanecerhuasteco.com\/portal\/wp-json\/wp\/v2\/posts"}],"about":[{"href":"https:\/\/amanecerhuasteco.com\/portal\/wp-json\/wp\/v2\/types\/post"}],"author":[{"embeddable":true,"href":"https:\/\/amanecerhuasteco.com\/portal\/wp-json\/wp\/v2\/users\/1"}],"replies":[{"embeddable":true,"href":"https:\/\/amanecerhuasteco.com\/portal\/wp-json\/wp\/v2\/comments?post=6664"}],"version-history":[{"count":0,"href":"https:\/\/amanecerhuasteco.com\/portal\/wp-json\/wp\/v2\/posts\/6664\/revisions"}],"wp:featuredmedia":[{"embeddable":true,"href":"https:\/\/amanecerhuasteco.com\/portal\/wp-json\/wp\/v2\/media\/6663"}],"wp:attachment":[{"href":"https:\/\/amanecerhuasteco.com\/portal\/wp-json\/wp\/v2\/media?parent=6664"}],"wp:term":[{"taxonomy":"category","embeddable":true,"href":"https:\/\/amanecerhuasteco.com\/portal\/wp-json\/wp\/v2\/categories?post=6664"},{"taxonomy":"post_tag","embeddable":true,"href":"https:\/\/amanecerhuasteco.com\/portal\/wp-json\/wp\/v2\/tags?post=6664"}],"curies":[{"name":"wp","href":"https:\/\/api.w.org\/{rel}","templated":true}]}}