{"id":6766,"date":"2014-10-17T05:47:39","date_gmt":"2014-10-17T11:47:39","guid":{"rendered":"http:\/\/amanecerhuasteco.com\/portal\/2014\/10\/17\/memo-sanchez-nuevo-secretario-del-ayuntamiento\/"},"modified":"2014-10-17T05:47:39","modified_gmt":"2014-10-17T11:47:39","slug":"memo-sanchez-nuevo-secretario-del-ayuntamiento","status":"publish","type":"post","link":"https:\/\/amanecerhuasteco.com\/portal\/memo-sanchez-nuevo-secretario-del-ayuntamiento\/","title":{"rendered":"MEMO SANCHEZ, NUEVO SECRETARIO DEL AYUNTAMIENTO"},"content":{"rendered":"<p class=\"caption\" style=\"text-align: right;\">\n<p class=\"caption\" style=\"text-align: justify;\">-Sustituye en el cargo al extinto Mario Ramos Salda\u00f1a en el ayuntamiento de Tamuin<\/p>\n<p><span class=\"caption\"> <\/span><\/p>\n<p class=\"caption\" style=\"text-align: justify;\">Tamuin S.L.P.-\u00a0 Durante una sesi\u00f3n de cabildo realizada ayer entre integrantes del cabildo en la Presidencia Municipal, se lleg\u00f3 al punto de designar nuevo Secretario del Ayuntamiento, en donde por mayor\u00eda se dio el respaldo para que ocupe este cargo a Guillermo S\u00e1nchez Alvarado.<\/p>\n<p><span class=\"caption\"> <\/span><\/p>\n<p class=\"caption\" style=\"text-align: justify;\">Guillermo S\u00e1nchez Alvarado, es designado por integrantes del cabildo como nuevo Secretario del Ayuntamiento de Tamuin, en sustituci\u00f3n del extinto Secretario Mario Ramos Salda\u00f1a, quien cumple el perfil y tiene la capacidad necesitar\u00eda para desempe\u00f1ar el cargo, adem\u00e1s que funci\u00f3n que no desconoce.<\/p>\n<p><span class=\"caption\"> <\/span><\/p>\n<p class=\"caption\" style=\"text-align: justify;\">A propuesta del Presidente Municipal, Santiago Ledezma Cano, fue designado como Secretario del Ayuntamiento a Guillermo S\u00e1nchez Alvarado, quien tiene experiencia en derecho al haber sido funcionario de la Procuradur\u00eda de Justicia del Estado, funcionario municipal entre otros cargos.<\/p>\n<p><span class=\"caption\"> <\/span><\/p>\n<p class=\"caption\" style=\"text-align: justify;\">Luego de recibir el respaldo de los integrantes del cabildo, correspondi\u00f3 al alcalde Santiago Ledezma Cano, tomar la protesta de ley, para que asuma sus responsabilidades a partir de este viernes 17 de septiembre.<\/p>\n<p class=\"MsoPlainText\"><span style=\"font-family: \"> <\/span><\/p>\n<p>\u00a0<\/p>\n","protected":false},"excerpt":{"rendered":"<p>-Sustituye en el cargo al extinto Mario Ramos Salda\u00f1a en el ayuntamiento de Tamuin Tamuin S.L.P.-\u00a0 Durante una sesi\u00f3n de cabildo realizada ayer entre integrantes del cabildo en la Presidencia Municipal, se lleg\u00f3 al punto de designar nuevo Secretario del Ayuntamiento, en donde por mayor\u00eda &hellip; <\/p>\n","protected":false},"author":1,"featured_media":6765,"comment_status":"open","ping_status":"open","sticky":false,"template":"","format":"standard","meta":{"footnotes":""},"categories":[20],"tags":[],"class_list":["post-6766","post","type-post","status-publish","format-standard","has-post-thumbnail","hentry","category-tamuin"],"_links":{"self":[{"href":"https:\/\/amanecerhuasteco.com\/portal\/wp-json\/wp\/v2\/posts\/6766","targetHints":{"allow":["GET"]}}],"collection":[{"href":"https:\/\/amanecerhuasteco.com\/portal\/wp-json\/wp\/v2\/posts"}],"about":[{"href":"https:\/\/amanecerhuasteco.com\/portal\/wp-json\/wp\/v2\/types\/post"}],"author":[{"embeddable":true,"href":"https:\/\/amanecerhuasteco.com\/portal\/wp-json\/wp\/v2\/users\/1"}],"replies":[{"embeddable":true,"href":"https:\/\/amanecerhuasteco.com\/portal\/wp-json\/wp\/v2\/comments?post=6766"}],"version-history":[{"count":0,"href":"https:\/\/amanecerhuasteco.com\/portal\/wp-json\/wp\/v2\/posts\/6766\/revisions"}],"wp:featuredmedia":[{"embeddable":true,"href":"https:\/\/amanecerhuasteco.com\/portal\/wp-json\/wp\/v2\/media\/6765"}],"wp:attachment":[{"href":"https:\/\/amanecerhuasteco.com\/portal\/wp-json\/wp\/v2\/media?parent=6766"}],"wp:term":[{"taxonomy":"category","embeddable":true,"href":"https:\/\/amanecerhuasteco.com\/portal\/wp-json\/wp\/v2\/categories?post=6766"},{"taxonomy":"post_tag","embeddable":true,"href":"https:\/\/amanecerhuasteco.com\/portal\/wp-json\/wp\/v2\/tags?post=6766"}],"curies":[{"name":"wp","href":"https:\/\/api.w.org\/{rel}","templated":true}]}}