{"id":67879,"date":"2022-04-06T06:34:18","date_gmt":"2022-04-06T12:34:18","guid":{"rendered":"http:\/\/amanecerhuasteco.com\/portal\/?p=67879"},"modified":"2022-04-06T06:34:18","modified_gmt":"2022-04-06T12:34:18","slug":"la-asignacion-de-mas-elementos-de-la-guardia-nacional-permitira-fortalecer-las-acciones-de-seguridad-publica-en-la-entidad","status":"publish","type":"post","link":"https:\/\/amanecerhuasteco.com\/portal\/la-asignacion-de-mas-elementos-de-la-guardia-nacional-permitira-fortalecer-las-acciones-de-seguridad-publica-en-la-entidad\/","title":{"rendered":"La asignaci\u00f3n de m\u00e1s elementos de la guardia nacional permitir\u00e1 fortalecer las acciones de seguridad p\u00fablica en la entidad  \u00a0"},"content":{"rendered":"<p>&nbsp;<\/p>\n<p><strong>TRES NIVELES DE GOBIERNO DEBEN COORDINAR Y UNIR ESFUERZOS PARA COMBATIR LA INSEGURIDAD: COMISI\u00d3N DE SEGURIDAD P\u00daBLICA, PREVENCI\u00d3N Y REINSERCI\u00d3N SOCIAL<\/strong><\/p>\n<p>&nbsp;<\/p>\n<p>&nbsp;<\/p>\n<p>Los acuerdos alcanzados por el Ejecutivo del Estado con la Secretar\u00eda de Gobernaci\u00f3n y la Secretar\u00eda de Seguridad y Protecci\u00f3n Ciudadana, permitir\u00e1 fortalecer las pol\u00edticas p\u00fablicas y estrategias en contra de la delincuencia, se\u00f1al\u00f3 el presidente de la Comisi\u00f3n de Seguridad P\u00fablica Prevenci\u00f3n y Reinserci\u00f3n Social de la LXIII Legislatura, quien pidi\u00f3 un voto de confianza al trabajo que se est\u00e1 desarrollando de manera coordinada entre los tres niveles de gobierno.<\/p>\n<p>&nbsp;<\/p>\n<p>Los acuerdos alcanzados entre Gobierno del Estado y los funcionarios federales podr\u00e1n garantizar que en un corto plazo el estado pueda contar con 400 elementos de la Guardia Nacional para reforzar las actividades contra la delincuencia.<\/p>\n<p>&nbsp;<\/p>\n<p>Con la presencia de m\u00e1s elementos de la Guardia Nacional se podr\u00e1 tener una mayor cobertura en municipios de las cuatro zonas del estado que requieren de su apoyo. \u201cEsperemos que estos resultados se puedan dar a la brevedad porque lamentablemente se han registrado hechos de inseguridad muy desafortunados para San Luis Potos\u00ed\u201d.<\/p>\n<p>&nbsp;<\/p>\n<p>El Congreso del Estado se ha convertido en un punto de equilibrio importante para San Luis Potos\u00ed, con los acuerdos alcanzados entre las diferentes fracciones parlamentarias se logr\u00f3 aumentar el presupuesto en materia de seguridad p\u00fablica para el ejercicio fiscal 2022, se fortaleci\u00f3 a la Fiscal\u00eda General del Estado, la creaci\u00f3n de la Guardia Civil y la Secretaria de Protecci\u00f3n Ciudadana como parte del fortalecimiento en las pol\u00edticas p\u00fablica de la seguridad p\u00fablica del Estado.<\/p>\n<p>&nbsp;<\/p>\n<p>Por otra parte, el presidente de la Comisi\u00f3n de Seguridad P\u00fablica Prevenci\u00f3n y Reinserci\u00f3n Social del Congreso del Estado, se refiri\u00f3 a los supuestos errores que ha cometido la Fiscal\u00eda General del Estado (FGE) sobre el caso de la joven Nayeli, joven a quien reportan como desaparecida.<\/p>\n<p>&nbsp;<\/p>\n<p>En lo particular, dijo que \u00a0desde la Comisi\u00f3n de Seguridad P\u00fablica del Congreso del Estado, \u201chacemos un exhorto para que en este caso, la Fiscal\u00eda General del Estado, como instituci\u00f3n, lleve esta investigaci\u00f3n con mucha transparencia y mucha claridad para que podamos tener tranquilidad todas y todos los potosinos, as\u00ed como sus familiares.<\/p>\n","protected":false},"excerpt":{"rendered":"<p>&nbsp; TRES NIVELES DE GOBIERNO DEBEN COORDINAR Y UNIR ESFUERZOS PARA COMBATIR LA INSEGURIDAD: COMISI\u00d3N DE SEGURIDAD P\u00daBLICA, PREVENCI\u00d3N Y REINSERCI\u00d3N SOCIAL &nbsp; &nbsp; Los acuerdos alcanzados por el Ejecutivo del Estado con la Secretar\u00eda de Gobernaci\u00f3n y la Secretar\u00eda de Seguridad y Protecci\u00f3n Ciudadana, &hellip; <\/p>\n","protected":false},"author":1,"featured_media":67880,"comment_status":"open","ping_status":"open","sticky":false,"template":"","format":"standard","meta":{"footnotes":""},"categories":[23,11,4,12],"tags":[],"class_list":["post-67879","post","type-post","status-publish","format-standard","has-post-thumbnail","hentry","category-congreso","category-estado","category-inicio","category-nacional"],"_links":{"self":[{"href":"https:\/\/amanecerhuasteco.com\/portal\/wp-json\/wp\/v2\/posts\/67879","targetHints":{"allow":["GET"]}}],"collection":[{"href":"https:\/\/amanecerhuasteco.com\/portal\/wp-json\/wp\/v2\/posts"}],"about":[{"href":"https:\/\/amanecerhuasteco.com\/portal\/wp-json\/wp\/v2\/types\/post"}],"author":[{"embeddable":true,"href":"https:\/\/amanecerhuasteco.com\/portal\/wp-json\/wp\/v2\/users\/1"}],"replies":[{"embeddable":true,"href":"https:\/\/amanecerhuasteco.com\/portal\/wp-json\/wp\/v2\/comments?post=67879"}],"version-history":[{"count":1,"href":"https:\/\/amanecerhuasteco.com\/portal\/wp-json\/wp\/v2\/posts\/67879\/revisions"}],"predecessor-version":[{"id":67881,"href":"https:\/\/amanecerhuasteco.com\/portal\/wp-json\/wp\/v2\/posts\/67879\/revisions\/67881"}],"wp:featuredmedia":[{"embeddable":true,"href":"https:\/\/amanecerhuasteco.com\/portal\/wp-json\/wp\/v2\/media\/67880"}],"wp:attachment":[{"href":"https:\/\/amanecerhuasteco.com\/portal\/wp-json\/wp\/v2\/media?parent=67879"}],"wp:term":[{"taxonomy":"category","embeddable":true,"href":"https:\/\/amanecerhuasteco.com\/portal\/wp-json\/wp\/v2\/categories?post=67879"},{"taxonomy":"post_tag","embeddable":true,"href":"https:\/\/amanecerhuasteco.com\/portal\/wp-json\/wp\/v2\/tags?post=67879"}],"curies":[{"name":"wp","href":"https:\/\/api.w.org\/{rel}","templated":true}]}}