{"id":67952,"date":"2022-04-07T21:14:19","date_gmt":"2022-04-08T03:14:19","guid":{"rendered":"http:\/\/amanecerhuasteco.com\/portal\/?p=67952"},"modified":"2022-04-07T21:14:19","modified_gmt":"2022-04-08T03:14:19","slug":"acuerda-gobierno-estatal-fortalecer-seguridad-en-la-capital","status":"publish","type":"post","link":"https:\/\/amanecerhuasteco.com\/portal\/acuerda-gobierno-estatal-fortalecer-seguridad-en-la-capital\/","title":{"rendered":"Acuerda gobierno estatal fortalecer seguridad en la capital"},"content":{"rendered":"<p>&nbsp;<\/p>\n<ul>\n<li><b><\/b><strong><b>El secretario General de Gobierno se reuni\u00f3 con el alcalde de San Luis Potos\u00ed, para acordar presencia policiaca a trav\u00e9s de Operativos conjuntos. <\/b><\/strong><\/li>\n<\/ul>\n<p>&nbsp;<\/p>\n<p>Para garantizar que la seguridad p\u00fablica en el Estado de San Luis Potos\u00ed sea efectiva y se garantice a toda la poblaci\u00f3n potosina de la capital, durante el pr\u00f3ximo periodo vacacional de Semana Santa, se iniciar\u00e1 un Plan de Operaciones conjunto en el que participar\u00e1n elementos estatales y municipales, que har\u00e1n labores de prevenci\u00f3n y vigilancia.<\/p>\n<p>Lo anterior fue dado a conocer por el secretario General de Gobierno, luego de sostener una reuni\u00f3n con el alcalde y el secretario General del ayuntamiento capitalino, adem\u00e1s de los titulares de las Secretar\u00edas de Seguridad P\u00fablica Estatal y Municipal, en donde inform\u00f3 que la instrucci\u00f3n del Gobernador Ricardo Gallardo Cardona es brindar seguridad y vigilancia de manera coordinada mediante recorridos y patrullajes en la zona metropolitana y sus alrededores<\/p>\n<p>El secretario General de Gobierno dijo que en esta reuni\u00f3n se dio seguimiento a las tareas y acciones conjuntas para \u201ccoordinarnos con los Operativos, sobre todo ahora que ya empieza la Semana Santa en los pr\u00f3ximos d\u00edas, para que las y los potosinos est\u00e9n seguros en el desarrollo de estas actividades\u201d.<\/p>\n<p>A\u00f1adi\u00f3 que todos los d\u00edas se realizar\u00e1n una evaluaci\u00f3n de los resultados que se obtengan de dichos Operativos y el Plan de Operaci\u00f3n para realizar las modificaciones que sean necesarias, y que de igual manera se realizar\u00e1n otras reuniones en las zonas Huasteca, Altiplano y Media donde se arrancar\u00e1n acciones similares en materia de seguridad.<\/p>\n","protected":false},"excerpt":{"rendered":"<p>&nbsp; El secretario General de Gobierno se reuni\u00f3 con el alcalde de San Luis Potos\u00ed, para acordar presencia policiaca a trav\u00e9s de Operativos conjuntos. &nbsp; Para garantizar que la seguridad p\u00fablica en el Estado de San Luis Potos\u00ed sea efectiva y se garantice a toda &hellip; <\/p>\n","protected":false},"author":1,"featured_media":67953,"comment_status":"open","ping_status":"open","sticky":false,"template":"","format":"standard","meta":{"footnotes":""},"categories":[11,4],"tags":[],"class_list":["post-67952","post","type-post","status-publish","format-standard","has-post-thumbnail","hentry","category-estado","category-inicio"],"_links":{"self":[{"href":"https:\/\/amanecerhuasteco.com\/portal\/wp-json\/wp\/v2\/posts\/67952","targetHints":{"allow":["GET"]}}],"collection":[{"href":"https:\/\/amanecerhuasteco.com\/portal\/wp-json\/wp\/v2\/posts"}],"about":[{"href":"https:\/\/amanecerhuasteco.com\/portal\/wp-json\/wp\/v2\/types\/post"}],"author":[{"embeddable":true,"href":"https:\/\/amanecerhuasteco.com\/portal\/wp-json\/wp\/v2\/users\/1"}],"replies":[{"embeddable":true,"href":"https:\/\/amanecerhuasteco.com\/portal\/wp-json\/wp\/v2\/comments?post=67952"}],"version-history":[{"count":1,"href":"https:\/\/amanecerhuasteco.com\/portal\/wp-json\/wp\/v2\/posts\/67952\/revisions"}],"predecessor-version":[{"id":67954,"href":"https:\/\/amanecerhuasteco.com\/portal\/wp-json\/wp\/v2\/posts\/67952\/revisions\/67954"}],"wp:featuredmedia":[{"embeddable":true,"href":"https:\/\/amanecerhuasteco.com\/portal\/wp-json\/wp\/v2\/media\/67953"}],"wp:attachment":[{"href":"https:\/\/amanecerhuasteco.com\/portal\/wp-json\/wp\/v2\/media?parent=67952"}],"wp:term":[{"taxonomy":"category","embeddable":true,"href":"https:\/\/amanecerhuasteco.com\/portal\/wp-json\/wp\/v2\/categories?post=67952"},{"taxonomy":"post_tag","embeddable":true,"href":"https:\/\/amanecerhuasteco.com\/portal\/wp-json\/wp\/v2\/tags?post=67952"}],"curies":[{"name":"wp","href":"https:\/\/api.w.org\/{rel}","templated":true}]}}