{"id":67981,"date":"2022-04-07T21:40:51","date_gmt":"2022-04-08T03:40:51","guid":{"rendered":"http:\/\/amanecerhuasteco.com\/portal\/?p=67981"},"modified":"2022-04-07T21:40:51","modified_gmt":"2022-04-08T03:40:51","slug":"exhorta-presidencia-de-la-comision-de-educacion-a-las-autoridades-educativas-a-que-investiguen-el-desalojo-de-un-profesor-con-policias","status":"publish","type":"post","link":"https:\/\/amanecerhuasteco.com\/portal\/exhorta-presidencia-de-la-comision-de-educacion-a-las-autoridades-educativas-a-que-investiguen-el-desalojo-de-un-profesor-con-policias\/","title":{"rendered":"Exhorta presidencia de la comisi\u00f3n de educaci\u00f3n a las autoridades educativas a que investiguen el desalojo de un profesor con polic\u00edas  \u00a0"},"content":{"rendered":"<p>&nbsp;<\/p>\n<p><strong>NO SE PUEDEN VULNERAR LOS DERECHOS Y LA DIGNIDAD DE LAS PERSONAS Y TAMPOCO PONER EN RIESGO AL ALUMNADO<\/strong><\/p>\n<p>&nbsp;<\/p>\n<p>La presidencia de la Comisi\u00f3n de Educaci\u00f3n, Cultura, Ciencia y Tecnolog\u00eda del Congreso del Estado, se reuni\u00f3 con padres de familia que denunciaron la detenci\u00f3n ilegal y con lujo de violencia en un plantel educativo, de un profesor por parte de elementos policiales.<\/p>\n<p>&nbsp;<\/p>\n<p>Exhort\u00f3 a las autoridades educativas para que realicen una investigaci\u00f3n a fondo de los hechos y act\u00faen en consecuencia, ya que no se pueden vulnerar los derechos y dignidad de ning\u00fan ciudadano, cuando hay procedimientos legales para solucionar cualquier posible conflicto.<\/p>\n<p>&nbsp;<\/p>\n<p>Los padres de familia denunciantes, expusieron que \u201cen un video grabado desde un sal\u00f3n de clases se observa como el profesor de 63 a\u00f1os es sacado con violencia por polic\u00edas y mientras se resiste es sometido por los uniformados\u201d.<\/p>\n<p>&nbsp;<\/p>\n<p>Adem\u00e1s, \u201cen otro video, se aprecia a padres de familia que reclaman a la directora, el por qu\u00e9 pidi\u00f3 el uso de la fuerza p\u00fablica que ingres\u00f3 con armas al plantel poniendo en riesgo a los estudiantes, ya que cualquier cosa pudo pasar\u201d.<\/p>\n<p>&nbsp;<\/p>\n<p>En este caso, se\u00f1al\u00f3 la presidenta de la Comisi\u00f3n de Educaci\u00f3n, las autoridades educativas deben intervenir para que, si existe una situaci\u00f3n problem\u00e1tica con el maestro, se act\u00fae en completa legalidad con todos los involucrados y se garantice la seguridad de los alumnos para que no se repita una situaci\u00f3n similar.<\/p>\n<p>&nbsp;<\/p>\n<p>\u201cHay pruebas de que los alumnos pudieron estar en riesgo durante los hechos y se vulneraron sus derechos exponi\u00e9ndoles a una situaci\u00f3n aberrante de un compa\u00f1ero docente; hay formas, hay modos de hacer las cosas con apego a la ley, por eso exhortamos a las autoridades competentes para que aclaren los hechos\u201d, dijo.<\/p>\n<p>&nbsp;<\/p>\n<p>El profesor que fue desalojado con la fuerza p\u00fablica se desempe\u00f1aba como subdirector de la Escuela Preparatoria \u201cProfr. Jos\u00e9 C\u00e9sar Cruz Sandoval\u201d, en la colonia Los Filtros.<\/p>\n","protected":false},"excerpt":{"rendered":"<p>&nbsp; NO SE PUEDEN VULNERAR LOS DERECHOS Y LA DIGNIDAD DE LAS PERSONAS Y TAMPOCO PONER EN RIESGO AL ALUMNADO &nbsp; La presidencia de la Comisi\u00f3n de Educaci\u00f3n, Cultura, Ciencia y Tecnolog\u00eda del Congreso del Estado, se reuni\u00f3 con padres de familia que denunciaron la &hellip; <\/p>\n","protected":false},"author":1,"featured_media":67982,"comment_status":"open","ping_status":"open","sticky":false,"template":"","format":"standard","meta":{"footnotes":""},"categories":[23,4],"tags":[],"class_list":["post-67981","post","type-post","status-publish","format-standard","has-post-thumbnail","hentry","category-congreso","category-inicio"],"_links":{"self":[{"href":"https:\/\/amanecerhuasteco.com\/portal\/wp-json\/wp\/v2\/posts\/67981","targetHints":{"allow":["GET"]}}],"collection":[{"href":"https:\/\/amanecerhuasteco.com\/portal\/wp-json\/wp\/v2\/posts"}],"about":[{"href":"https:\/\/amanecerhuasteco.com\/portal\/wp-json\/wp\/v2\/types\/post"}],"author":[{"embeddable":true,"href":"https:\/\/amanecerhuasteco.com\/portal\/wp-json\/wp\/v2\/users\/1"}],"replies":[{"embeddable":true,"href":"https:\/\/amanecerhuasteco.com\/portal\/wp-json\/wp\/v2\/comments?post=67981"}],"version-history":[{"count":1,"href":"https:\/\/amanecerhuasteco.com\/portal\/wp-json\/wp\/v2\/posts\/67981\/revisions"}],"predecessor-version":[{"id":67983,"href":"https:\/\/amanecerhuasteco.com\/portal\/wp-json\/wp\/v2\/posts\/67981\/revisions\/67983"}],"wp:featuredmedia":[{"embeddable":true,"href":"https:\/\/amanecerhuasteco.com\/portal\/wp-json\/wp\/v2\/media\/67982"}],"wp:attachment":[{"href":"https:\/\/amanecerhuasteco.com\/portal\/wp-json\/wp\/v2\/media?parent=67981"}],"wp:term":[{"taxonomy":"category","embeddable":true,"href":"https:\/\/amanecerhuasteco.com\/portal\/wp-json\/wp\/v2\/categories?post=67981"},{"taxonomy":"post_tag","embeddable":true,"href":"https:\/\/amanecerhuasteco.com\/portal\/wp-json\/wp\/v2\/tags?post=67981"}],"curies":[{"name":"wp","href":"https:\/\/api.w.org\/{rel}","templated":true}]}}