{"id":6945,"date":"2014-11-10T18:27:25","date_gmt":"2014-11-11T00:27:25","guid":{"rendered":"http:\/\/amanecerhuasteco.com\/portal\/2014\/11\/10\/legisladora-se-compromete-a-gestionar-mas-recursos-para-la-poblacion-indigena\/"},"modified":"2014-11-10T18:27:25","modified_gmt":"2014-11-11T00:27:25","slug":"legisladora-se-compromete-a-gestionar-mas-recursos-para-la-poblacion-indigena","status":"publish","type":"post","link":"https:\/\/amanecerhuasteco.com\/portal\/legisladora-se-compromete-a-gestionar-mas-recursos-para-la-poblacion-indigena\/","title":{"rendered":"LEGISLADORA SE COMPROMETE A GESTIONAR MAS RECURSOS PARA LA POBLACI\u00d3N IND\u00cdGENA"},"content":{"rendered":"<p>\u00a0<\/p>\n<p class=\"MsoPlainText\">\n<p class=\"MsoPlainText\">-REBECA TER\u00c1N, DIPUTADA FEDERAL CONCIENTE DE LAS NECESIDADES DE LOS IND\u00cdGENAS<\/p>\n<p class=\"MsoPlainText\" style=\"text-align: justify;\"><span class=\"caption\">San Luis Potos\u00ed.- La Comisi\u00f3n de Asuntos Ind\u00edgenas del Congreso de la Uni\u00f3n, buscar\u00e1 incrementar el presupuesto para atender las necesidades de este sector de la poblaci\u00f3n principalmente de los 200 municipios m\u00e1s pobres del pa\u00eds, manifest\u00f3 la diputada federal Rebeca Ter\u00e1n Guevara.<\/span><\/p>\n<p class=\"caption\" style=\"text-align: justify;\">La tambi\u00e9n Secretaria General del Comit\u00e9 Directivo Estatal del PRI,\u00a0 indic\u00f3 que cuanto m\u00e1s se incrementa la presencia ind\u00edgena en un municipio, mayor es el \u00edndice de pobreza.<\/p>\n<p><span class=\"caption\"> <\/span><\/p>\n<p class=\"caption\" style=\"text-align: justify;\">Sostuvo que de acuerdo al Proyecto de Presupuesto de Egresos de la Federaci\u00f3n para el Ejercicio Fiscal 2015, las erogaciones para el desarrollo integral de los pueblos y comunidades ind\u00edgenas es de m\u00e1s de 77 mil 545 millones de pesos, sin embargo se requiere mayor inversi\u00f3n.<\/p>\n<p><span class=\"caption\"> <\/span><\/p>\n<p class=\"caption\" style=\"text-align: justify;\">Indic\u00f3 que el censo realizado en el a\u00f1o 2010, revel\u00f3 que San Luis Potos\u00ed pertenece a uno de los Estados con mayor poblaci\u00f3n ind\u00edgena junto con Yucat\u00e1n, Oaxaca, Chiapas, Quintana Roo, Campeche, Hidalgo, Guerrero, Puebla, y Veracruz.<\/p>\n<p><span class=\"caption\"> <\/span><\/p>\n<p class=\"caption\" style=\"text-align: justify;\">La legisladora indic\u00f3 que en San Luis Potos\u00ed, tanto el Presidente de la Rep\u00fablica Enrique Pe\u00f1a Nieto, como el Gobernador del Estado Fernando Toranzo Fern\u00e1ndez, han hecho esfuerzos importantes para mejorar las condiciones de vida de los ind\u00edgenas y de la poblaci\u00f3n que se encuentra en marginaci\u00f3n.<\/p>\n<p><span class=\"caption\"> <\/span><\/p>\n<p class=\"caption\" style=\"text-align: justify;\">Una prueba de ella es la reducci\u00f3n de pobreza en los municipios de muy alta marginaci\u00f3n en la entidad debido a que se han realizado inversiones importantes en rubros como agua potable, electrificaci\u00f3n, vivienda y caminos entre otros.<\/p>\n<p><span class=\"caption\"> <\/span><\/p>\n<p class=\"caption\" style=\"text-align: justify;\">\u00a0<\/p>\n<p><span class=\"caption\"> <\/span><\/p>\n<p class=\"caption\" style=\"text-align: justify;\">\u00a0<\/p>\n<p class=\"MsoPlainText\"><span style=\"font-family: &quot;Courier New&quot;;\"> <\/span><\/p>\n<p class=\"MsoPlainText\"><span style=\"font-family: &quot;Courier New&quot;;\"> <\/span><\/p>\n<p class=\"MsoPlainText\"><span style=\"font-family: &quot;Courier New&quot;;\"> <\/span><\/p>\n<p class=\"MsoPlainText\"><span style=\"font-family: &quot;Courier New&quot;;\"> <\/span><\/p>\n<p class=\"MsoPlainText\"><span style=\"font-family: &quot;Courier New&quot;;\"><span style=\"mso-spacerun: yes;\"> <\/span><\/span><\/p>\n<p class=\"MsoPlainText\"><span style=\"font-family: &quot;Courier New&quot;;\"> <\/span><\/p>\n<p class=\"MsoPlainText\"><span style=\"font-family: &quot;Courier New&quot;;\"> <\/span><\/p>\n<p class=\"MsoPlainText\"><span style=\"font-family: &quot;Courier New&quot;;\"> <\/span><\/p>\n<p class=\"MsoPlainText\"><span style=\"font-family: &quot;Courier New&quot;;\"> <\/span><\/p>\n<p>\u00a0<\/p>\n","protected":false},"excerpt":{"rendered":"<p>\u00a0 -REBECA TER\u00c1N, DIPUTADA FEDERAL CONCIENTE DE LAS NECESIDADES DE LOS IND\u00cdGENAS San Luis Potos\u00ed.- La Comisi\u00f3n de Asuntos Ind\u00edgenas del Congreso de la Uni\u00f3n, buscar\u00e1 incrementar el presupuesto para atender las necesidades de este sector de la poblaci\u00f3n principalmente de los 200 municipios m\u00e1s &hellip; <\/p>\n","protected":false},"author":1,"featured_media":6944,"comment_status":"open","ping_status":"open","sticky":false,"template":"","format":"standard","meta":{"footnotes":""},"categories":[5],"tags":[],"class_list":["post-6945","post","type-post","status-publish","format-standard","has-post-thumbnail","hentry","category-politica"],"_links":{"self":[{"href":"https:\/\/amanecerhuasteco.com\/portal\/wp-json\/wp\/v2\/posts\/6945","targetHints":{"allow":["GET"]}}],"collection":[{"href":"https:\/\/amanecerhuasteco.com\/portal\/wp-json\/wp\/v2\/posts"}],"about":[{"href":"https:\/\/amanecerhuasteco.com\/portal\/wp-json\/wp\/v2\/types\/post"}],"author":[{"embeddable":true,"href":"https:\/\/amanecerhuasteco.com\/portal\/wp-json\/wp\/v2\/users\/1"}],"replies":[{"embeddable":true,"href":"https:\/\/amanecerhuasteco.com\/portal\/wp-json\/wp\/v2\/comments?post=6945"}],"version-history":[{"count":0,"href":"https:\/\/amanecerhuasteco.com\/portal\/wp-json\/wp\/v2\/posts\/6945\/revisions"}],"wp:featuredmedia":[{"embeddable":true,"href":"https:\/\/amanecerhuasteco.com\/portal\/wp-json\/wp\/v2\/media\/6944"}],"wp:attachment":[{"href":"https:\/\/amanecerhuasteco.com\/portal\/wp-json\/wp\/v2\/media?parent=6945"}],"wp:term":[{"taxonomy":"category","embeddable":true,"href":"https:\/\/amanecerhuasteco.com\/portal\/wp-json\/wp\/v2\/categories?post=6945"},{"taxonomy":"post_tag","embeddable":true,"href":"https:\/\/amanecerhuasteco.com\/portal\/wp-json\/wp\/v2\/tags?post=6945"}],"curies":[{"name":"wp","href":"https:\/\/api.w.org\/{rel}","templated":true}]}}