{"id":70091,"date":"2022-06-06T07:56:09","date_gmt":"2022-06-06T13:56:09","guid":{"rendered":"http:\/\/amanecerhuasteco.com\/portal\/?p=70091"},"modified":"2022-06-06T07:56:09","modified_gmt":"2022-06-06T13:56:09","slug":"buscaran-que-el-gobierno-federal-entre-al-rescate-del-subsistema-de-telesecundarias-dip-claudia-tristan-alvarado","status":"publish","type":"post","link":"https:\/\/amanecerhuasteco.com\/portal\/buscaran-que-el-gobierno-federal-entre-al-rescate-del-subsistema-de-telesecundarias-dip-claudia-tristan-alvarado\/","title":{"rendered":"Buscar\u00e1n que el gobierno federal entre al rescate del subsistema de telesecundarias: Dip. Claudia Trist\u00e1n Alvarado"},"content":{"rendered":"<p>&nbsp;<\/p>\n<p>&nbsp;<\/p>\n<p><strong>EN BREVE SE INSTALAR\u00c1 FORMALMENTE LA COMISI\u00d3N ESPECIAL \u00a0DE PENSIONES DEL GRUPO COTIZADOR DEL SUBSISTEMA DE TELESECUNDARIAS DE LA LXIII LEGISLATURA PARA EMPEZAR EL AN\u00c1LISIS DEL TEMA<\/strong><\/p>\n<p>&nbsp;<\/p>\n<p>&nbsp;<\/p>\n<p>La diputada Claudia Trist\u00e1n Alvarado, presidenta de la Comisi\u00f3n Especial \u00a0de Pensiones del Grupo Cotizador del Subsistema de Telesecundarias de la LXIII Legislatura, inform\u00f3 que en los pr\u00f3ximos d\u00edas se llevar\u00e1 a cabo su instalaci\u00f3n formal, a fin de iniciar en an\u00e1lisis sobre este tema.<\/p>\n<p>&nbsp;<\/p>\n<p>Precis\u00f3 que en las primeras sesiones, se analizar\u00e1 en conjunto con los legisladores la problem\u00e1tica que enfrenta el sector del Subsistema de Telesecundarias, y posteriormente, se iniciar\u00e1 con las mesas de di\u00e1logo y trabajo con todos los sectores involucrados.<\/p>\n<p>&nbsp;<\/p>\n<p>\u201cRealizaremos la instalaci\u00f3n formal de la comisi\u00f3n para iniciar, primero que todo que los diputados se involucren para tener clara la problem\u00e1tica, vamos a instalarla, ponerlos en el contexto de lo que estamos encontrando y de ah\u00ed arrancar con lo que se prev\u00e9, las mesas de dialogo, trabajo, los actores que intervienen para dar respuesta\u201d.<\/p>\n<p>&nbsp;<\/p>\n<p>Dijo que ser\u00e1 importante el buscar alternativas para subsanar la problem\u00e1tica que se enfrenta para el pago de pensiones de este subsistema de Telesecundarias, de manera que la Federaci\u00f3n pueda apoyar en el rescate del mismo.<\/p>\n<p>&nbsp;<\/p>\n<p>\u201cLa situaci\u00f3n es que la Federaci\u00f3n entre al rescate de los institutos pero eso nos lo dir\u00e1n, para esto fue creada esta Comisi\u00f3n, para ver qu\u00e9 se tiene que hacer para tener la certeza de su pensi\u00f3n\u201d.<\/p>\n<p>&nbsp;<\/p>\n<p>En lo referente al pago que se ten\u00eda pendiente al Instituto Mexicano del Seguro Social para atenci\u00f3n m\u00e9dica a este sector de pensionados, indic\u00f3 que se tiene conocimiento que ya fue cubierto para este a\u00f1o 2022, \u201cahora el tema nada m\u00e1s es cada 25 para su mensualidad y eso ser\u00eda lo importante\u201d.<\/p>\n","protected":false},"excerpt":{"rendered":"<p>&nbsp; &nbsp; EN BREVE SE INSTALAR\u00c1 FORMALMENTE LA COMISI\u00d3N ESPECIAL \u00a0DE PENSIONES DEL GRUPO COTIZADOR DEL SUBSISTEMA DE TELESECUNDARIAS DE LA LXIII LEGISLATURA PARA EMPEZAR EL AN\u00c1LISIS DEL TEMA &nbsp; &nbsp; La diputada Claudia Trist\u00e1n Alvarado, presidenta de la Comisi\u00f3n Especial \u00a0de Pensiones del Grupo &hellip; <\/p>\n","protected":false},"author":1,"featured_media":70092,"comment_status":"open","ping_status":"open","sticky":false,"template":"","format":"standard","meta":{"footnotes":""},"categories":[23,4],"tags":[],"class_list":["post-70091","post","type-post","status-publish","format-standard","has-post-thumbnail","hentry","category-congreso","category-inicio"],"_links":{"self":[{"href":"https:\/\/amanecerhuasteco.com\/portal\/wp-json\/wp\/v2\/posts\/70091","targetHints":{"allow":["GET"]}}],"collection":[{"href":"https:\/\/amanecerhuasteco.com\/portal\/wp-json\/wp\/v2\/posts"}],"about":[{"href":"https:\/\/amanecerhuasteco.com\/portal\/wp-json\/wp\/v2\/types\/post"}],"author":[{"embeddable":true,"href":"https:\/\/amanecerhuasteco.com\/portal\/wp-json\/wp\/v2\/users\/1"}],"replies":[{"embeddable":true,"href":"https:\/\/amanecerhuasteco.com\/portal\/wp-json\/wp\/v2\/comments?post=70091"}],"version-history":[{"count":1,"href":"https:\/\/amanecerhuasteco.com\/portal\/wp-json\/wp\/v2\/posts\/70091\/revisions"}],"predecessor-version":[{"id":70093,"href":"https:\/\/amanecerhuasteco.com\/portal\/wp-json\/wp\/v2\/posts\/70091\/revisions\/70093"}],"wp:featuredmedia":[{"embeddable":true,"href":"https:\/\/amanecerhuasteco.com\/portal\/wp-json\/wp\/v2\/media\/70092"}],"wp:attachment":[{"href":"https:\/\/amanecerhuasteco.com\/portal\/wp-json\/wp\/v2\/media?parent=70091"}],"wp:term":[{"taxonomy":"category","embeddable":true,"href":"https:\/\/amanecerhuasteco.com\/portal\/wp-json\/wp\/v2\/categories?post=70091"},{"taxonomy":"post_tag","embeddable":true,"href":"https:\/\/amanecerhuasteco.com\/portal\/wp-json\/wp\/v2\/tags?post=70091"}],"curies":[{"name":"wp","href":"https:\/\/api.w.org\/{rel}","templated":true}]}}