{"id":70100,"date":"2022-06-06T08:06:50","date_gmt":"2022-06-06T14:06:50","guid":{"rendered":"http:\/\/amanecerhuasteco.com\/portal\/?p=70100"},"modified":"2022-06-06T08:06:50","modified_gmt":"2022-06-06T14:06:50","slug":"sin-llegar-ser-un-foco-rojo-la-sequia-en-el-altiplano-potosino-requiere-de-la-ayuda-de-las-autoridades-para-los-productores-que-han-sufrido-perdidas-dip-salvador-isais-rodriguez","status":"publish","type":"post","link":"https:\/\/amanecerhuasteco.com\/portal\/sin-llegar-ser-un-foco-rojo-la-sequia-en-el-altiplano-potosino-requiere-de-la-ayuda-de-las-autoridades-para-los-productores-que-han-sufrido-perdidas-dip-salvador-isais-rodriguez\/","title":{"rendered":"Sin llegar ser un foco rojo, la sequ\u00eda en el altiplano potosino requiere de la ayuda de las autoridades para los productores que han sufrido p\u00e9rdidas: Dip. Salvador Isais Rodr\u00edguez"},"content":{"rendered":"<p>&nbsp;<\/p>\n<p><strong>HAY QUE PREPARARSE PARA LO QUE VIENE POR LAS CONDICIONES CLIMATOL\u00d3GICAS ADVERSAS, SE\u00d1ALA<\/strong><\/p>\n<p>&nbsp;<\/p>\n<p>La sequ\u00eda en el altiplano potosino se est\u00e1 agudizando pero todav\u00eda no es tan cr\u00edtica como en otros a\u00f1os, por lo que las autoridades est\u00e1n a tiempo de implementar programas y acciones que ayuden a los productores a prepararse para lo que viene, dijo el diputado Salvador Isais Rodr\u00edguez.<\/p>\n<p>&nbsp;<\/p>\n<p>El presidente de la Comisi\u00f3n de Desarrollo Rural y Forestal del Congreso del Estado, expuso que \u201cpara el sector ganadero hay un problema de sequ\u00eda y tambi\u00e9n para la agricultura, pero no son focos rojos ni nada desastroso, aunque los pron\u00f3sticos indican que la situaci\u00f3n podr\u00eda complicarse en las pr\u00f3ximas semanas\u201d.<\/p>\n<p>&nbsp;<\/p>\n<p>Se\u00f1al\u00f3 el legislador que \u201ctodos los municipios est\u00e1n con un problema de sequ\u00eda fuerte pero en abril no lleg\u00f3 a los niveles de otros a\u00f1os donde las p\u00e9rdidas fueron mayores, en algunos lugares ha llovido sin llegar a normalizarse y eso ha permitido mantener las reservas de pastizales\u201d.<\/p>\n<p>&nbsp;<\/p>\n<p>El legislador afirm\u00f3 que tambi\u00e9n los incendios fueron controlados y no se registraron como en otros a\u00f1os, gracias a diversas medidas que tomaron las autoridades y los propios pobladores; \u201cno podemos decir que todo est\u00e1 bien pero si tenemos una situaci\u00f3n menos grave en comparaci\u00f3n a a\u00f1os anteriores\u201d.<\/p>\n<p>&nbsp;<\/p>\n<p>\u201cTenemos registrados algunos problemas en Moctezuma y en la parte poniente de Mexquitic de Carmona sin que sean focos rojos o situaciones de desastre, pero si es necesario que haya una atenci\u00f3n directa de las autoridades para ayudar a la gente que ha sufrido p\u00e9rdidas\u201d.<\/p>\n<p>&nbsp;<\/p>\n<p>El diputado Isais Rodr\u00edguez a\u00f1adi\u00f3 que en los municipios del altiplano potosinos los presidentes municipales est\u00e1n llevando pacas de alfalfa y avena para ayudar a los productores que tienen p\u00e9rdidas\u201d.<\/p>\n","protected":false},"excerpt":{"rendered":"<p>&nbsp; HAY QUE PREPARARSE PARA LO QUE VIENE POR LAS CONDICIONES CLIMATOL\u00d3GICAS ADVERSAS, SE\u00d1ALA &nbsp; La sequ\u00eda en el altiplano potosino se est\u00e1 agudizando pero todav\u00eda no es tan cr\u00edtica como en otros a\u00f1os, por lo que las autoridades est\u00e1n a tiempo de implementar programas &hellip; <\/p>\n","protected":false},"author":1,"featured_media":70101,"comment_status":"open","ping_status":"open","sticky":false,"template":"","format":"standard","meta":{"footnotes":""},"categories":[23,4],"tags":[],"class_list":["post-70100","post","type-post","status-publish","format-standard","has-post-thumbnail","hentry","category-congreso","category-inicio"],"_links":{"self":[{"href":"https:\/\/amanecerhuasteco.com\/portal\/wp-json\/wp\/v2\/posts\/70100","targetHints":{"allow":["GET"]}}],"collection":[{"href":"https:\/\/amanecerhuasteco.com\/portal\/wp-json\/wp\/v2\/posts"}],"about":[{"href":"https:\/\/amanecerhuasteco.com\/portal\/wp-json\/wp\/v2\/types\/post"}],"author":[{"embeddable":true,"href":"https:\/\/amanecerhuasteco.com\/portal\/wp-json\/wp\/v2\/users\/1"}],"replies":[{"embeddable":true,"href":"https:\/\/amanecerhuasteco.com\/portal\/wp-json\/wp\/v2\/comments?post=70100"}],"version-history":[{"count":1,"href":"https:\/\/amanecerhuasteco.com\/portal\/wp-json\/wp\/v2\/posts\/70100\/revisions"}],"predecessor-version":[{"id":70102,"href":"https:\/\/amanecerhuasteco.com\/portal\/wp-json\/wp\/v2\/posts\/70100\/revisions\/70102"}],"wp:featuredmedia":[{"embeddable":true,"href":"https:\/\/amanecerhuasteco.com\/portal\/wp-json\/wp\/v2\/media\/70101"}],"wp:attachment":[{"href":"https:\/\/amanecerhuasteco.com\/portal\/wp-json\/wp\/v2\/media?parent=70100"}],"wp:term":[{"taxonomy":"category","embeddable":true,"href":"https:\/\/amanecerhuasteco.com\/portal\/wp-json\/wp\/v2\/categories?post=70100"},{"taxonomy":"post_tag","embeddable":true,"href":"https:\/\/amanecerhuasteco.com\/portal\/wp-json\/wp\/v2\/tags?post=70100"}],"curies":[{"name":"wp","href":"https:\/\/api.w.org\/{rel}","templated":true}]}}