{"id":70141,"date":"2022-06-07T09:31:00","date_gmt":"2022-06-07T15:31:00","guid":{"rendered":"http:\/\/amanecerhuasteco.com\/portal\/?p=70141"},"modified":"2022-06-07T09:31:00","modified_gmt":"2022-06-07T15:31:00","slug":"exhortan-a-nuevas-generaciones-a-cuidar-el-medio-ambiente","status":"publish","type":"post","link":"https:\/\/amanecerhuasteco.com\/portal\/exhortan-a-nuevas-generaciones-a-cuidar-el-medio-ambiente\/","title":{"rendered":"Exhortan a nuevas generaciones a cuidar el Medio Ambiente"},"content":{"rendered":"<p><img decoding=\"async\" class=\"alignnone size-full wp-image-70143\" src=\"https:\/\/amanecerhuasteco.com\/portal\/wp-content\/uploads\/2022\/06\/7-6-22-medio-ambiente-2.jpg\" alt=\"\" width=\"1707\" height=\"927\" srcset=\"https:\/\/amanecerhuasteco.com\/portal\/wp-content\/uploads\/2022\/06\/7-6-22-medio-ambiente-2.jpg 1707w, https:\/\/amanecerhuasteco.com\/portal\/wp-content\/uploads\/2022\/06\/7-6-22-medio-ambiente-2-300x163.jpg 300w, https:\/\/amanecerhuasteco.com\/portal\/wp-content\/uploads\/2022\/06\/7-6-22-medio-ambiente-2-1024x556.jpg 1024w, https:\/\/amanecerhuasteco.com\/portal\/wp-content\/uploads\/2022\/06\/7-6-22-medio-ambiente-2-735x400.jpg 735w\" sizes=\"(max-width: 1707px) 100vw, 1707px\" \/><\/p>\n<p>Tamasopo.- Con motivo del D\u00eda del Medio Ambiente, el ayuntamiento de Tamasopo inicio un programa de reforestaci\u00f3n en planteles educativos, comenzando en la Delegaci\u00f3n de Aguabuena en la Escuela Primaria Plan de San Luis.<\/p>\n<p>En un sencillo acto realizado en el plantel escolar, se destaco la importancia de crear conciencia para el cuidado del Medio Ambiente, donde encabezados por el alcalde Luis Alberto Abundis Rangel y la directora municipal de Ecolog\u00eda, Guadalupe Herrera Landaverde, iniciaron con un programa de reforestaci\u00f3n.<\/p>\n<p>En esta actividad se involucro a los estudiantes de primaria de la escuela Plan de San Luis, dando inicio a la plantaci\u00f3n de 30 arbolitos forestales de especies nativas de la regi\u00f3n.<\/p>\n<p>&nbsp;<\/p>\n<p>&#8212;<\/p>\n","protected":false},"excerpt":{"rendered":"<p>Tamasopo.- Con motivo del D\u00eda del Medio Ambiente, el ayuntamiento de Tamasopo inicio un programa de reforestaci\u00f3n en planteles educativos, comenzando en la Delegaci\u00f3n de Aguabuena en la Escuela Primaria Plan de San Luis. En un sencillo acto realizado en el plantel escolar, se destaco &hellip; <\/p>\n","protected":false},"author":1,"featured_media":70142,"comment_status":"open","ping_status":"open","sticky":false,"template":"","format":"standard","meta":{"footnotes":""},"categories":[4,21],"tags":[],"class_list":["post-70141","post","type-post","status-publish","format-standard","has-post-thumbnail","hentry","category-inicio","category-tamasopo"],"_links":{"self":[{"href":"https:\/\/amanecerhuasteco.com\/portal\/wp-json\/wp\/v2\/posts\/70141","targetHints":{"allow":["GET"]}}],"collection":[{"href":"https:\/\/amanecerhuasteco.com\/portal\/wp-json\/wp\/v2\/posts"}],"about":[{"href":"https:\/\/amanecerhuasteco.com\/portal\/wp-json\/wp\/v2\/types\/post"}],"author":[{"embeddable":true,"href":"https:\/\/amanecerhuasteco.com\/portal\/wp-json\/wp\/v2\/users\/1"}],"replies":[{"embeddable":true,"href":"https:\/\/amanecerhuasteco.com\/portal\/wp-json\/wp\/v2\/comments?post=70141"}],"version-history":[{"count":1,"href":"https:\/\/amanecerhuasteco.com\/portal\/wp-json\/wp\/v2\/posts\/70141\/revisions"}],"predecessor-version":[{"id":70144,"href":"https:\/\/amanecerhuasteco.com\/portal\/wp-json\/wp\/v2\/posts\/70141\/revisions\/70144"}],"wp:featuredmedia":[{"embeddable":true,"href":"https:\/\/amanecerhuasteco.com\/portal\/wp-json\/wp\/v2\/media\/70142"}],"wp:attachment":[{"href":"https:\/\/amanecerhuasteco.com\/portal\/wp-json\/wp\/v2\/media?parent=70141"}],"wp:term":[{"taxonomy":"category","embeddable":true,"href":"https:\/\/amanecerhuasteco.com\/portal\/wp-json\/wp\/v2\/categories?post=70141"},{"taxonomy":"post_tag","embeddable":true,"href":"https:\/\/amanecerhuasteco.com\/portal\/wp-json\/wp\/v2\/tags?post=70141"}],"curies":[{"name":"wp","href":"https:\/\/api.w.org\/{rel}","templated":true}]}}