{"id":71389,"date":"2022-07-17T15:54:13","date_gmt":"2022-07-17T21:54:13","guid":{"rendered":"http:\/\/amanecerhuasteco.com\/portal\/?p=71389"},"modified":"2022-07-17T15:54:13","modified_gmt":"2022-07-17T21:54:13","slug":"entre-columnas-524","status":"publish","type":"post","link":"https:\/\/amanecerhuasteco.com\/portal\/entre-columnas-524\/","title":{"rendered":"ENTRE COLUMNAS"},"content":{"rendered":"<p>INTERVENDRA EL CONGRESO \u00a0\u00a0EN\u00a0PRESUNTOS\u00a0\u201cABUSOS\u201d\u00a0DENUNCIADOS POR \u00a0USUARIOS DE \u00a0LA \u00a0DAPAS.<\/p>\n<p>&nbsp;<\/p>\n<p>-Pudiera estar generandose desinformaci\u00f3n en el asunto de los presuntos abusos a cobros del agua, por lo que el legisldor del PT, Rene Oyarvide dijo que nada \u00a0se puede \u00a0aumentar si no \u00a0est\u00e1 \u00a0aprobado por el Congreso\u201d<\/p>\n<p>&#8211; \u00a0 El clamor \u00a0que por \u00a0mucho \u00a0tiempo han elevado \u00a0\u00a0al Congreso del Estado los usuarios \u00a0de \u00a0a \u00a0Dapas \u00a0en \u00a0esta ciudad, \u00a0finalmente es \u00a0atendido por el Diputado local Ren\u00e9 Oyarvide Ibarra, declaro \u00a0\u00a0ante \u00a0informativos \u00a0\u00a0que solicitar\u00e1 \u00a0la intervenci\u00f3n \u00a0de la Auditoria \u00a0para \u00a0que \u00a0investigue \u00a0las denuncias por alteraci\u00f3n de cobro \u00a0al consumo de \u00a0\u00a0agua \u00a0en Valles.<\/p>\n<p>Precis\u00f3 \u00a0que el Congreso del Estado \u00a0el \u00a0pasado mes de noviembre \u00a0no aprob\u00f3 ning\u00fan tipo de aumento a la DAPAS.<\/p>\n<p>&nbsp;<\/p>\n<p>El legislador Vallense dijo que la Auditor\u00eda Superior del Estado (ASE) tendr\u00e1 que revisar qu\u00e9 es lo que pasa con estos aumentos \u00a0en la \u00a0Dapas \u00a0de \u00a0\u00a0Valles, porque el \u00fanico incremento que aprob\u00f3 el Congreso fue al ramo comercial, del 40 por ciento, no as\u00ed a los usuarios dom\u00e9sticos, que conforman la \u00a0mayor\u00eda \u00a0de \u00a0usuarios.<\/p>\n<p>&nbsp;<\/p>\n<p>Por \u00a0su parte el director \u00a0Francisco Jos\u00e9 G\u00f3mez Faisal ha explicado que los aumentos del recibo son dos conceptos : el indexado del \u00cdndice Nacional de Precios al Productor, que puede variar con el paso de los meses y el IVA a drenaje y saneamiento (que no se cobraba) \u00a0pero \u00a0tampoco \u00a0los usuarios \u00a0estaban enterados \u00a0\u00a0que ya se \u00a0paga \u00a0IVA lo \u00a0que \u00a0no ocurr\u00eda antes hasta la llegada de la \u00a0actual administraci\u00f3n.<\/p>\n<p>&nbsp;<\/p>\n<p>++++++++++++++++++<\/p>\n<p>PRODUCTOS Y SERVICIOS\u00a0\u00a0\u201cSERLIM\u201d<\/p>\n<ol>\n<li>Arista 202 \u00a0esq. Con Carranza sur \u00a0Colonia Hidalgo Cd Valles SLP. Somos fabricantes de cloro, pino, fabulex, suavizante de telas aromatizante, desengrasante, m\u00e1s color, sarricida limpia cristales y otros productos \u00a0para el hogar, oficina, escuelas, industrias y comercio en general.<\/li>\n<\/ol>\n<p>Menudeo y mayoreo.<\/p>\n<p>Pedidos a los n\u00fameros 4811337658 y 4811209333.<\/p>\n<p>+++++++++<\/p>\n<p>&nbsp;<\/p>\n<p>OTRO GRUPO DE EX \u00a0FUNCIONARIOS CARRERISTAS EN LA MIRA.<\/p>\n<p>En la capital del estado la Fiscal\u00eda \u00a0investiga a ex funcionarios carreristas, entre \u00a012 \u00a0a \u00a014 \u00a0carpetas est\u00e1n abiertas a \u00a0investigaci\u00f3n para determinar si hay delito o son del \u00e1mbito de la Contralor\u00eda, donde solo ameritan una sanci\u00f3n administrativa<\/p>\n<p>El Fiscal General del Estado, Jos\u00e9 Luis Ruiz Contreras, inform\u00f3 \u00a0que tienen en la mira a otro grupo \u00a0de ex \u00a0funcionarios estatales por probables desv\u00edos de \u00a0recursos \u00a0del erario p\u00fablico.\u00a0 \u00a0\u201cTenemos otras carpetas de investigaci\u00f3n, las cuales estamos integrando, y en su momento, ya les daremos el resultado estamos analizando su contenido, los hechos que refieren y determinar si constituyen un delito o son del \u00e1mbito de la Contralor\u00eda, donde solamente ameritan una sanci\u00f3n administrativa, por no haber cumplido ciertos requisitos\u201d, indic\u00f3.<\/p>\n<p>Ruiz Contreras agreg\u00f3 que seg\u00fan lo que concluyan las investigaciones, no se descarta que pudiera haber m\u00e1s \u00f3rdenes de aprehensi\u00f3n contra quien resulte responsable en la comisi\u00f3n de un delito \u00a0en agravio del erario estatal<\/p>\n<p>En cuanto a las denuncias que interpuso la actual administraci\u00f3n municipal de la Capital contra sus antecesores, tambi\u00e9n siguen integr\u00e1ndose para tomar una determinaci\u00f3n en cada una de ellas.<\/p>\n<p>\u201cEstamos trabajando en ello; pr\u00f3ximamente les daremos resultados\u201d, \u00a0concluy\u00f3 el funcionario.<\/p>\n<p>&nbsp;<\/p>\n<p>++++++++++++++<\/p>\n<p>EST\u00c1 \u00a0URGIDO DE DINERO?<\/p>\n<p>Pr\u00e9stamos \u00a0\u00a0\u00a0de \u00a0dinero inmediatos a pensionados \u00a0\u00a0CFE, ISSSTE.FFCC, SCT, PEMEX, \u00a0ACTIVOS Y JUBILADIS \u00a0IMSS \u00a0\u00a0SIN AFECTAR TARJETON. \u00a0\u00a0\u00a0Ll\u00e1menos las 24 hrs del d\u00eda \u00a04811039565<\/p>\n<p>CREDITO INMEDIATO<\/p>\n<p>+++++++++++++<\/p>\n<p>MAS DE 7 MILLONES \u00a0COSTARON \u00a0CAMIONES RECCOLECTORES DE BASURA \u00a0A VALLES.<\/p>\n<p>&nbsp;<\/p>\n<p>&#8211; Lo importante \u00a0que ya est\u00e1n al servicio de la \u00a0comunidad Vallense, luego de\u00a0varios meses \u00a0\u00a0de \u00a0crisis de la basura, por \u00a0fin el \u00a0actual ayuntamiento de Valles \u00a0resolvi\u00f3 el problema \u00a0con la adquisici\u00f3n de \u00a0\u00a0camiones usados \u00a0reconstruidos \u00a0para la recolecci\u00f3n de basura, seg\u00fan el comunicado \u00a0del \u00a0\u00a0Ayuntamiento la inversi\u00f3n fue de \u00a07 millones 350 mil pesos,\u00a0en seis camiones,\u00a0usados comprados a un proveedor de Allende, Nuevo Le\u00f3n.<\/p>\n<p>&nbsp;<\/p>\n<p>Lo importante es \u00a0que ya est\u00e1n en servicio a la comunidad Vallense.<\/p>\n<p>+++++++++++<\/p>\n<p>RESTAURANT \u00a0DE \u00a0MARISCOS \u201cEL PARAISO\u201d<\/p>\n<p>Calle Martha \u00a0entrada \u00a0al Carmen 2 Junto a Oxxo.<\/p>\n<p>Atenci\u00f3n personal de su propietario Chanito.<\/p>\n<p>Solicite presupuesto, precios \u00a0y ordene al<\/p>\n<p>Celular 481 102 5590<\/p>\n<p>Servicio de 11 \u00a0\u00a0a 8 de la noche.<\/p>\n<p>+++++++++++<\/p>\n<p>La Salmonelosis es una afecci\u00f3n provocada por consumir agua, alimentos en mal estado que puede provocar molestias dolor abdominal, diarreas, dolor de cabeza, malestar general, Estamos apoyando en tu diagn\u00f3stico con su previa solicitud m\u00e9dica, sin costo.<\/p>\n<p>QFB \u00a0FABIOLA GARCIA ALVAREZ<\/p>\n<p>Perito dictaminador en an\u00e1lisis bacteriol\u00f3gico de agua y alimentos con n\u00famero GES-PD 0705<\/p>\n<p>Perito dictaminador en \u00a0estupefacientes GES-PD0523<\/p>\n<p>Maestr\u00eda \u00a0en an\u00e1lisis cl\u00ednicos 1301 \u2013 368068<\/p>\n<p>Ced \u00a0prof \u00a08664204 \u00a0\u00a0Tel. 38 1 66 64<\/p>\n<p>Asesor\u00eda, \u00a0auditor\u00eda \u00a0y gesti\u00f3n ambiental.<\/p>\n<ol>\n<li>Victoria No. 8 \u00a0zona centro Cd Valles SLP.<\/li>\n<\/ol>\n<p>&nbsp;<\/p>\n<p>+++++++++++<\/p>\n<p>\u201cHOTEL RIVIERA\u201d \u00a0\u00a0en el coraz\u00f3n de \u00a0\u00a0Ciudad Valles SLP.<\/p>\n<p>5 DE Mayo 24 \u00a0Tel 014813823097<\/p>\n<h3>Email <a href=\"mailto:hotelrivieravalles@hotmail.com\"><u>hotelrivieravalles hotmail.com<\/u><\/a><\/h3>\n<p>T\u00edpicamente Huasteco.<\/p>\n<p>+++++**********<\/p>\n<p>LA JUSTICIA \u201cPRONTA Y EXPEDITA\u201d \u00a0SE \u00a0ATOR\u00d3 EN ALGUN \u00a0LUGAR.<\/p>\n<p>&nbsp;<\/p>\n<p>Han pasado varios meses que el Gobierno municipal de Valles dio vista al MP \u00a0por presuntos delitos de ex alcaldes antecesores.<\/p>\n<p>Pero ninguna instancia o la \u00a0vocer\u00eda oficial ha dado \u00a0seguimiento a la informaci\u00f3n que interesa a la poblaci\u00f3n porque son millones de pesos \u00a0de obras no terminadas o realizadas.<\/p>\n<p>Los protagonistas \u00a0siguen hasta con aspiraciones pol\u00edticas o disfrutando de bienes sustra\u00eddos \u00a0de municipio.<\/p>\n<p><strong><b>&#8211; <\/b><\/strong>Juan Jos\u00e9, Ter\u00e1n y Esper los presuntos responsables.<\/p>\n<p>+.- Ninguno ha \u00a0declarado \u00a0que \u00a0pag\u00f3 o abono. Ni el alcalde \u00a0si ya \u00a0recibi\u00f3 los fondos.<\/p>\n<p>Durante la funci\u00f3n \u00a0legislativa \u00a0como \u00a0diputado \u00a0federal \u00a0como diputado federal \u00a0del \u00a0\u00a0PT \u00a0posiblemente la \u00fanica acci\u00f3n positiva \u00a0que \u00a0haya hecho como representante \u00a0del \u00a0IV \u00a0distrito con sede en Valles, fue \u00a0su denuncia por presuntos \u00a0malos manejos \u00a0de los recursos p\u00fablicos \u00a0del \u00a0ex alcalde \u00a0JJOA, cuyos \u00a0resultados \u00a0de la auditor\u00eda fue notificada \u00a0a la actual administraci\u00f3n que preside David Armando Medina Salazar las irregularidades por m\u00e1s de 22 millones 742 mil 850.50 pesos detectadas \u00a0por \u00a0la \u00a0ASF \u00a0datan desde los gobiernos de los ex alcaldes Ter\u00e1n y Juan Jos\u00e9, mientras que del \u00a0independiente Adri\u00e1n Esper C\u00e1rdenas es enorme en millones de pesos.<\/p>\n<p>Seg\u00fan antecedentes la resoluci\u00f3n finca responsabilidades resarcitorias a Jorge Ter\u00e1n Ju\u00e1rez y Alberto Rivas Rubio as\u00ed como a Juan Jos\u00e9 Ortiz Azuara y su tesorero Sinesio Hervert L\u00f3pez despu\u00e9s de la auditor\u00eda aplicada por la propia ASF donde encontr\u00f3 un da\u00f1o a los recursos del fondo de infraestructura social municipal de la cuenta p\u00fablica 2015 por da\u00f1o a la hacienda p\u00fablica federal por 22 millones 742 mil 850.50 pesos.<\/p>\n<p>El mun\u00edcipe \u00a0en funciones \u00a0inform\u00f3 que adem\u00e1s de esta observaci\u00f3n existe una de la ASE del ex edil donde el da\u00f1o al erario\u00a0p\u00fablico del ramo 28 por \u00a0$51, 538,040 pesos.<\/p>\n<p>De todo esto \u00a0se \u00a0dar\u00e1 \u00a0vista \u00a0a la Fiscal\u00eda del Estado y remarc\u00f3 que no ser\u00e1 c\u00f3mplice de malos manejos \u00a0como lo habr\u00edan hecho sus antecesores y va requerir la devoluci\u00f3n de estos recursos porque no ser\u00e1 parte de las malas pr\u00e1cticas que se hac\u00edan antes donde los ex alcaldes no denunciaban las irregularidades.<\/p>\n<p>Se \u00a0tapaban con la misma cobija. Ninguno de los \u00a0tres ha devuelto un cinco.<\/p>\n<p>&nbsp;<\/p>\n<p>++++++++++<\/p>\n<h1>CARROCERIAS \u00a0BUSTOS<\/h1>\n<p>Reforma y Lerdo de tejada Col. Altavista.<\/p>\n<p>Cd Valles SLP \u00a0Tel. 3824777.<\/p>\n<p>En carrocer\u00edas para camiones y camionetas nadie nos compite.<\/p>\n<p>++++++++++++++<\/p>\n<p>REMODELACION \u00a0DE PLAZA PRINCIPAL, UNIDAD ADMINISTRATIVA C4 Y HASTA MUSEO.<\/p>\n<p>&nbsp;<\/p>\n<p>As\u00ed lo escribimos \u00a0aquel 14 \u00a0de junio del a\u00f1o\u00a02019<\/p>\n<p><strong>\u00a0<\/strong><\/p>\n<p><strong>+.- Espera la alcald\u00eda que la ciudadan\u00eda aporte ideas para desarrollar el proyecto.<\/strong><\/p>\n<p><strong>+.- En julio 2022 la ciudadan\u00eda espera resultado de la licitaci\u00f3n de obra semejante.<\/strong><\/p>\n<p><strong>\u00a0<\/strong><\/p>\n<p><strong>Ciudad Valles.- Proyectan construir el Centro Hist\u00f3rico de Ciudad Valles donde pretenden que funcione la plaza principal con un museo integrado en la misma manzana, es por eso que est\u00e1n trabajando de la mano con la Universidad para presentar un Plan de Desarrollo en conjunto y tambi\u00e9n con los arquitectos, dijo el alcalde Adri\u00e1n Esper C\u00e1rdenas.<\/strong><\/p>\n<p><strong>Coment\u00f3 que esperan que toda la poblaci\u00f3n de esta ciudad que quiera participar lo haga para los diferentes proyectos que puedan tener y detonar la ciudad para que sea agradable para los turistas y m\u00e1s c\u00f3moda para los ciudadanos.<\/strong><\/p>\n<p><strong>\u201cDe esta forma las oficinas de gobierno podr\u00e1n tener estacionamiento propio y el museo regional tendr\u00e1 un lugar m\u00e1s apropiado para poder exhibir toda esa cultura que tenemos y que est\u00e1 en un lugar que no le hace justicia a la cultura\u201d.<\/strong><\/p>\n<p><strong>Al hacer una oficina administrativa con todas las oficinas de gobierno, estas instalaciones podr\u00edan ser parte del complemento de la plaza principal con el museo.<\/strong><\/p>\n<p><strong>Mencion\u00f3 que las oficinas del C-4, de lo que es la Polic\u00eda Estatal, podr\u00edan empezar a migrar lo que son las oficinas de gobierno para ir despacio moviendo oficinas de gobierno con instalaciones de estacionamiento e ir desocupando los locales que renta el Ayuntamiento para ya no erogar ese gasto y tener las oficinas m\u00e1s cerca de la presidencia, porque actualmente pagan docenas de rentas en lugar de tener unas oficinas con estacionamiento.<\/strong><\/p>\n<p><strong>\u201cPor eso platicaron con los arquitectos para tener una ciudad administrativa que haga justicia a la ciudad, que ya est\u00e1 en crecimiento. Jun 14 2019<\/strong><\/p>\n<p>++++++<\/p>\n<p>El sitio ideal para \u00a0sus fiestas\u2026<\/p>\n<p>\u201cFINCA \u00a0SAN ISIDRO\u201d<\/p>\n<p>Sal\u00f3n para fiestas de todo tipo.<\/p>\n<p>Carretera Valles \u2013 R\u00edo Verde Km. 8<\/p>\n<p>Contrataciones al Tel. 01 481 179 09<\/p>\n<p>Cd. Valles SLP M\u00e9xico.<\/p>\n<p>+++<\/p>\n<p>&nbsp;<\/p>\n<p>&nbsp;<\/p>\n<p>PELIGRO EN VALLES \u00a0DE \u00a0QUEDAR SIN \u201cCUICOS\u201d<\/p>\n<p>&nbsp;<\/p>\n<p>&#8211; \u00a0\u00a0Ante un sinf\u00edn de quejas \u00a0de automovilistas y rancheros \u00a0propietarios de \u00a0automotores llamados \u201camericanos\u201d \u00a0por \u00a0atracos de \u00a0la polic\u00eda uniformada de Valles, el alcalde \u00a0atendi\u00f3 \u00a0las quejas y \u00a0exhorta a denunciar polic\u00edas que incurran en \u00a0abusos contra ciudadanos,, dijo estar \u00a0en contra y \u00a0molesta que hagan mal uso de sus cargos, y neg\u00f3 qu\u00e9 s\u00e9 hayan girado instrucciones para detener a qui\u00e9nes porten placas \u00a0de \u00a0organizaciones campesinas \u00a0cuyos miembros a base de esfuerzos \u00a0adquieren un veh\u00edculo y portan placas \u00a0de dichos organismos.<\/p>\n<p>\u00abson vicios muy arraigados\u00bb pero insisti\u00f3 Ante representantes de \u00a0las organizaciones quejosas y medios informativos \u00a0dijo el alcalde neg\u00f3 que \u00a0haya girado instrucciones para detener a veh\u00edculos con placas de la UNTRAC, en base a que \u00a0detuvieron \u00a0\u00a0a una pareja argumentando qu\u00e9 era por ordenes del edil,<\/p>\n<p>Reiter\u00f3 que presenten la denuncia para dar \u00a0seguimiento al caso \u00a0si resultan responsables ante la Comisi\u00f3n de Honor y Justicia son dados de baja y puestos a disposici\u00f3n de las autoridades \u00a0correspondientes.<\/p>\n<p>++++++++<\/p>\n<p>\u201cCAF\u00c9 Y RESTAURANT \u00a0EL FAROLITO\u201d<\/p>\n<p>Lo mejor de la cocina Huasteca; el tradicional zacahuil y cazueladas. \u00a0\u00a0Atendemos toda clase de \u00a0festejos. Pedidos al Tel \u00a03821017 Ciudad Valles SLP.<\/p>\n<p>+++++++++++++<\/p>\n<p><a href=\"mailto:davidfloresservicios@hotmail.com\"><u>davidfloresservicios@hotmail.com<\/u><\/a><\/p>\n<p>hasta la pr\u00f3xima semana..<\/p>\n<p>&nbsp;<\/p>\n<p>&nbsp;<\/p>\n<p>&nbsp;<\/p>\n<p>&nbsp;<\/p>\n<p>&nbsp;<\/p>\n<p>&nbsp;<\/p>\n<p>&nbsp;<\/p>\n<p>&nbsp;<\/p>\n<p>&nbsp;<\/p>\n<p>&nbsp;<\/p>\n<p>&nbsp;<\/p>\n<p>&nbsp;<\/p>\n<p>&nbsp;<\/p>\n<p>&nbsp;<\/p>\n<p>&nbsp;<\/p>\n<p>&nbsp;<\/p>\n<p>&nbsp;<\/p>\n<p>&nbsp;<\/p>\n<p>&nbsp;<\/p>\n<p>&nbsp;<\/p>\n<p>&nbsp;<\/p>\n<p>&nbsp;<\/p>\n<p>&nbsp;<\/p>\n<p>&nbsp;<\/p>\n<p>&nbsp;<\/p>\n<p>&nbsp;<\/p>\n<p>&nbsp;<\/p>\n<p>&nbsp;<\/p>\n<p>&nbsp;<\/p>\n<p>&nbsp;<\/p>\n","protected":false},"excerpt":{"rendered":"<p>INTERVENDRA EL CONGRESO \u00a0\u00a0EN\u00a0PRESUNTOS\u00a0\u201cABUSOS\u201d\u00a0DENUNCIADOS POR \u00a0USUARIOS DE \u00a0LA \u00a0DAPAS. &nbsp; -Pudiera estar generandose desinformaci\u00f3n en el asunto de los presuntos abusos a cobros del agua, por lo que el legisldor del PT, Rene Oyarvide dijo que nada \u00a0se puede \u00a0aumentar si no \u00a0est\u00e1 \u00a0aprobado por &hellip; <\/p>\n","protected":false},"author":1,"featured_media":71197,"comment_status":"open","ping_status":"open","sticky":false,"template":"","format":"standard","meta":{"footnotes":""},"categories":[17,4],"tags":[],"class_list":["post-71389","post","type-post","status-publish","format-standard","has-post-thumbnail","hentry","category-colaboraciones","category-inicio"],"_links":{"self":[{"href":"https:\/\/amanecerhuasteco.com\/portal\/wp-json\/wp\/v2\/posts\/71389","targetHints":{"allow":["GET"]}}],"collection":[{"href":"https:\/\/amanecerhuasteco.com\/portal\/wp-json\/wp\/v2\/posts"}],"about":[{"href":"https:\/\/amanecerhuasteco.com\/portal\/wp-json\/wp\/v2\/types\/post"}],"author":[{"embeddable":true,"href":"https:\/\/amanecerhuasteco.com\/portal\/wp-json\/wp\/v2\/users\/1"}],"replies":[{"embeddable":true,"href":"https:\/\/amanecerhuasteco.com\/portal\/wp-json\/wp\/v2\/comments?post=71389"}],"version-history":[{"count":1,"href":"https:\/\/amanecerhuasteco.com\/portal\/wp-json\/wp\/v2\/posts\/71389\/revisions"}],"predecessor-version":[{"id":71390,"href":"https:\/\/amanecerhuasteco.com\/portal\/wp-json\/wp\/v2\/posts\/71389\/revisions\/71390"}],"wp:featuredmedia":[{"embeddable":true,"href":"https:\/\/amanecerhuasteco.com\/portal\/wp-json\/wp\/v2\/media\/71197"}],"wp:attachment":[{"href":"https:\/\/amanecerhuasteco.com\/portal\/wp-json\/wp\/v2\/media?parent=71389"}],"wp:term":[{"taxonomy":"category","embeddable":true,"href":"https:\/\/amanecerhuasteco.com\/portal\/wp-json\/wp\/v2\/categories?post=71389"},{"taxonomy":"post_tag","embeddable":true,"href":"https:\/\/amanecerhuasteco.com\/portal\/wp-json\/wp\/v2\/tags?post=71389"}],"curies":[{"name":"wp","href":"https:\/\/api.w.org\/{rel}","templated":true}]}}