{"id":71667,"date":"2022-07-25T10:26:58","date_gmt":"2022-07-25T16:26:58","guid":{"rendered":"http:\/\/amanecerhuasteco.com\/portal\/?p=71667"},"modified":"2022-07-25T10:26:58","modified_gmt":"2022-07-25T16:26:58","slug":"entre-columnas-525","status":"publish","type":"post","link":"https:\/\/amanecerhuasteco.com\/portal\/entre-columnas-525\/","title":{"rendered":"ENTRE COLUMNAS"},"content":{"rendered":"<p><strong>LOCATARIOS DE MERCADOS \u00a0RENUENTES, NO ACATAN DISPOSICIONES DEL MUNICIPIO.<\/strong><\/p>\n<p><strong>Acostumbrados \u00a0a que \u00a0por a\u00f1os (desde \u00a0su fundaci\u00f3n \u00a0seg\u00fan antecedentes) los \u00a0comerciantes \u00a0conocidos como locatarios de los mercados p\u00fablicos \u00a0de esta ciudad, se \u00a0consideraban protegidos \u00a0por los pol\u00edticos en turno como lo eran alcaldes y hasta diputados \u00a0\u00a0que \u00a0\u00a0presum\u00edan tener en ese sector de la poblaci\u00f3n el voto cautivo para el otrora invencible PRI, con esa tutela \u00a0crearon cacicazgos \u00a0en los mercados e impon\u00edan sus condiciones \u00a0a las autoridades en turno, al grado \u00a0que \u00a0all\u00e1 por el a\u00f1o 1965 llegaron al extremo de \u00a0amenazar \u00a0al Ayuntamiento de \u00a0cerrar \u00a0el mercado si no se cumpl\u00edan sus condiciones pol\u00edticas, obviamente cedi\u00f3 el alcalde en turno y \u00a0repartieron como propio el territorio de los mercados permitiendo solo a sus allegados \u00a0instalarse como tianguistas o locatarios. Despu\u00e9s \u00a0vinieron las transas, vendieron los locales como consta \u00a0en el actual gobierno municipal.<\/strong><\/p>\n<p><strong>Nos salimos un poco del tema, la \u00a0instrucci\u00f3n conforme al reglamento de mercados a \u00a0los \u00a0comerciantes que tienen desocupados los locales \u00a0o los rentan, fue de \u00a0regularizarse \u00a0a la brevedad para que reabran sus locales.<\/strong><strong><br \/>\n<\/strong><strong>El alcalde \u00a0atiende personalmente el asunto de los mercados, se\u00f1al\u00f3 que muchos de estos comercios \u00a0pagan 200 pesos al ayuntamiento por local, han encontrado que los locatarios originales \u00a0rentan el espacio a personas ajenas a ellos y \u00a0cobran 5,000 a 7,000 pesos de renta o bien han vendido \u00a0sin tomar en cuenta al municipio.<\/strong><strong><br \/>\n<\/strong><strong>Est\u00e1n advertidos, cumplen con el \u00a0reglamento \u00a0o ser\u00e1 el juez calificador quien acuda a recuperar los locales con la intervenci\u00f3n de la Sindicatura para dar \u00a0legalidad a \u00a0las acciones. Ni modo, se opusieron al nuevo mercado ahora \u00a0at\u00e9nganse a las acciones legales y todo en orden. <\/strong><\/p>\n<p><strong>\u00a0<\/strong><strong>+++++++++++<\/strong><\/p>\n<p><strong>\u00a0<\/strong><\/p>\n<p><strong>\u00a0<\/strong><\/p>\n<p><strong>\u00a0<\/strong><\/p>\n<p><strong>&#8212;<\/strong><strong>CADA MOCHILA CON \u00daTILES ESCOLARES ES UNA OPORTUNIDAD PARA DESAFIAR LA POBREZA : GOBERNADOR<\/strong><\/p>\n<p><strong>\u00a0<\/strong><\/p>\n<p><strong>&#8211; El 80 por ciento de las ni\u00f1as y ni\u00f1os en Ciudad Valles tendr\u00e1n \u00a0este beneficio.<\/strong><\/p>\n<p><strong>El Gobernador \u00a0Ricardo Gallardo Cardona entreg\u00f3 en esta \u00a0Ciudad Valles m\u00e1s de 15 mil paquetes escolares, m\u00e1s de 4 mil pares de zapatos y anunci\u00f3 100 millones de pesos m\u00e1s para el 2023 para a\u00f1adir uniformes<\/strong><\/p>\n<p><strong>Porque a la escuela hay que acudir con alegr\u00eda y vivir la experiencia del aprendizaje con las herramientas necesarias, el \u00a0Gobierno del estado \u00a0e entregar\u00e1 cientos de miles de ni\u00f1as y ni\u00f1os potosinos \u00fatiles escolares, mochilas y zapatos. <\/strong><\/p>\n<p><strong>Se invierten 150 millones de pesos, pero en 2023 se invertir\u00e1n 250 millones para a\u00f1adir uniformes. \u201cCada mochila con \u00fatiles es una oportunidad para desafiar la pobreza y la marginaci\u00f3n\u201d \u00a0dijo el Gobernador potosino Ricardo Gallardo Cardona en Ciudad Valles, donde entreg\u00f3 parte de los 15 mil 225 paquetes de \u00fatiles escolares y de los 4 mil 187 pares de zapatos que se dar\u00e1n a estudiantes vallenses, refrendando el compromiso para que la educaci\u00f3n se convierta en la mejor oportunidad para erradicar la marginaci\u00f3n, la pobreza y la delincuencia.<\/strong><\/p>\n<p><strong>Dijo que, de acuerdo a comentarios de docentes de diversos planteles de la entidad, hay alumnas y alumnos de educaci\u00f3n b\u00e1sica no tienen los \u00fatiles adecuados para el proceso de aprendizaje por su limitante condici\u00f3n econ\u00f3mica y que sin embargo hacen su mejor esfuerzo para sobresalir. \u201cValoramos ese esfuerzo y apoyamos sin cortapisas\u201d, exclam\u00f3. <\/strong><\/p>\n<p><strong>Finalmente, el Gobernador dijo que el 80 por ciento de las ni\u00f1as y ni\u00f1os en Ciudad Valles tendr\u00e1n zapatos, mochila y \u00fatiles escolares nuevos y que el pr\u00f3ximo a\u00f1o tambi\u00e9n se les entregar\u00e1 uniformes escolares, por lo que se aumentar\u00e1 la inversi\u00f3n p\u00fablica para dicho programa.<\/strong><\/p>\n<p><strong>++++++++++++++++++<\/strong><\/p>\n<p><strong>PRODUCTOS Y SERVICIOS<\/strong><strong>\u00a0\u00a0<\/strong><strong>\u201cSERLIM\u201d<\/strong><\/p>\n<ol>\n<li><strong> Arista 202 \u00a0esq. Con Carranza sur \u00a0Colonia Hidalgo Cd Valles SLP. Somos fabricantes de cloro, pino, fabulex, suavizante de telas aromatizante, desengrasante, m\u00e1s color, sarricida limpia cristales y otros productos \u00a0para el hogar, oficina, escuelas, industrias y comercio en general.<\/strong><\/li>\n<\/ol>\n<p><strong>Menudeo y mayoreo.<\/strong><\/p>\n<p><strong>Pedidos a los n\u00fameros 4811337658 y 4811209333.<\/strong><\/p>\n<p><strong>\u00a0<\/strong><\/p>\n<p><strong><b>BECAS DE \u00a0TRANSPORTE A ESTUDIANTES \u00a0DARA EL ESTADO.<\/b><\/strong><\/p>\n<p><strong><b>+.- En Valles los estudiantes \u00a0ya disfrutan del descuento de un \u00a050% del \u00a0pasaje-<\/b><\/strong><\/p>\n<p><strong>Tentativamente a \u00a0finales de este mes de julio, estudiantes universitarios recibir\u00e1n sus becas de transporte, <\/strong><strong>el arranque del programa MI PASE \u00a0se prev\u00e9 realizar en Ciudad Valles.<\/strong><\/p>\n<p><strong>El titular \u00a0de \u00a0la SCT \u00a0del estado inform\u00f3 \u00a0que \u00a0se pondr\u00e1 en pr\u00e1ctica el programa de becas de transporte gratuito a estudiantes universitarios en cinco municipios del Estado, priorizando que las y los j\u00f3venes potosinos cuenten con este apoyo al inicio del ciclo escolar 2022-2023.<\/strong><\/p>\n<p><strong>El funcionario precis\u00f3 que ser\u00e1 entre la \u00faltima semana de julio y primera semana de agosto cuando comience la entrega de las tarjetas electr\u00f3nicas a las y los estudiantes que registraron sus datos en la plataforma del Programa de Apoyo y Subsidio a Estudiantes \u201cMI PASE\u201d que habilit\u00f3 el Gobierno del Estado, por lo que invit\u00f3 al resto de la comunidad estudiantil a actualizar sus datos para ser beneficiarios de este programa.<\/strong><\/p>\n<p><strong>Este programa se suma a una serie de acciones que llevan a cabo diversas dependencias como parte de un programa de seguridad integral que consiste en que cada organismo p\u00fablico del Ejecutivo implemente proyectos espec\u00edficos para alejar a ni\u00f1as, ni\u00f1os y j\u00f3venes, de grandes males como la delincuencia y las adicciones.<\/strong><\/p>\n<p><strong>Este programa apoya a la econom\u00eda de las familias y fortalece la estrategia de educaci\u00f3n que implementa el mandatario en todo el Estado, con la que se busca reducir los \u00edndices de deserci\u00f3n escolar.<\/strong><\/p>\n<p><strong>El funcionario indic\u00f3 que, una vez que los beneficiarios reciban su tarjeta electr\u00f3nica, podr\u00e1n hacer uso de esta en las unidades de transporte p\u00fablico que ya est\u00e9n equipadas con la tecnolog\u00eda acorde, aunque a\u00fan no hayan comenzado las clases. Indic\u00f3 adem\u00e1s que por el momento, las y los usuarios solo podr\u00e1n disponer del recurso que el Gobierno del Estado deposite en las tarjetas, sin embargo, m\u00e1s adelante podr\u00e1n recargarlas en los puntos que ser\u00e1n instalados en todo el Estado.<\/strong><\/p>\n<p><strong>Esta primera etapa de las becas transporte gratuito beneficiar\u00e1 a 25 mil estudiantes universitarios de instituciones p\u00fablicas de la capital potosina, Soledad de Graciano S\u00e1nchez, Ciudad Valles, Matehuala y Tamazunchale. Para el 2023 se buscar\u00e1 extender el programa al resto de la comunidad estudiantil y al p\u00fablico en general.<\/strong><\/p>\n<p><strong>Cabe se\u00f1alar \u00a0que \u00a0en Valles \u00a0el uso del \u00a0subsidio de un 50% del pasaje ya \u00a0existe desde \u00a0hace a\u00f1os, al disponer los estudiantes \u00a0en general de \u00a0una tarjeta de \u00a0descuento \u00a0que \u00a0hace la empresa \u00a0concesionaria del transporte, al igual que \u00a0adultos mayores y discapacitados.<\/strong><\/p>\n<p><strong>++++++++++++++<\/strong><\/p>\n<p><strong>EST\u00c1 \u00a0URGIDO DE DINERO?<\/strong><\/p>\n<p><strong>Pr\u00e9stamos \u00a0\u00a0\u00a0de \u00a0dinero inmediatos a pensionados \u00a0\u00a0CFE, ISSSTE.FFCC, SCT, PEMEX, \u00a0ACTIVOS Y JUBILADIS \u00a0IMSS \u00a0\u00a0SIN AFECTAR TARJETON. \u00a0\u00a0\u00a0Ll\u00e1menos las 24 hrs del d\u00eda \u00a04811039565<\/strong><\/p>\n<p><strong>\u00a0\u00a0\u00a0\u00a0CREDITO INMEDIATO <\/strong><\/p>\n<p><strong>+++++++++++++<\/strong><\/p>\n<p><strong>REALIDAD \u00a0EL<\/strong><strong>\u00a0<\/strong><strong>BULEVAR AL INGENIO, ARRANQUE OFICIAL DIO EL GOBERNADOR.<\/strong><\/p>\n<p><strong>Con el arranque simb\u00f3licode \u00a0la \u00a0obra del bulevar \u201cAdolfo L\u00f3pez \u00a0Mateos\u201d \u00a0\u00a0<\/strong><strong>(ramal carretero al IPA) se \u00a0concretar\u00e1 un anhelado \u00a0sue\u00f1o de los \u00a0Vallenses \u00a0de \u00a0convertir \u00a0esa \u00a0r\u00faa \u00a0en una v\u00eda de acceso funcional y segura \u00a0que \u00a0evitar\u00e1 decenas de accidentes \u00a0viales \u00a0de \u00a0fatales consecuencias durante temporada de zafra de la m\u00e1xima industria y tambi\u00e9n se disipan las \u00a0conjeturas \u00a0sobre \u00a0la \u00a0aplicaci\u00f3n de \u00a0recursos del municipio para dar \u00a0mantenimiento a la carretera \u00a0en condiciones \u00a0intransitables. Cuando ya \u00a0el gobernador hab\u00eda anunciado \u00a0que \u00a0destinar\u00eda presupuesto millonario para el bulevar.<\/strong><\/p>\n<p><strong>En la \u00a0reciente gira de trabajo del mandatario Potosino, adem\u00e1s \u00a0de \u00a0los beneficios escolares \u00a0que entreg\u00f3 \u00a0en el marco de los \u00a0festejos del \u00a0489 aniversario de la fundaci\u00f3n de Santiago de los Valles de Oxitipa, dio \u00a0el arranque simb\u00f3lico de la construcci\u00f3n del bulevar ante el benepl\u00e1cito de la \u00a0ciudadan\u00eda \u00a0que \u00a0por \u00a0d\u00e9cadas \u00a0tuvo promesas \u00a0de \u00a0los gobiernos en turno \u00a0sin \u00a0materializarse nunca \u00a0hasta hoy.<\/strong><\/p>\n<p><strong>La inversi\u00f3n \u00a0seg\u00fan dio el alcalde \u00a0ser\u00e1s \u00a0de \u00a040 millones de pesos y no de \u00a0200 \u00a0como se especul\u00f3 semanas \u00a0atr\u00e1s.<\/strong><\/p>\n<p><strong>+++++++++++<\/strong><\/p>\n<p><strong>RESTAURANT \u00a0DE \u00a0MARISCOS \u201cEL PARAISO\u201d<\/strong><\/p>\n<p><strong>Calle Martha \u00a0entrada \u00a0al Carmen 2 Junto a Oxxo.<\/strong><\/p>\n<p><strong>Atenci\u00f3n personal de su propietario Chanito.<\/strong><\/p>\n<p><strong>Solicite presupuesto, precios \u00a0y ordene al <\/strong><\/p>\n<p><strong>Celular 481 102 5590<\/strong><\/p>\n<p><strong>Servicio de 11 \u00a0\u00a0a 8 de la noche.<\/strong><\/p>\n<p><strong>+++++++++++<\/strong><\/p>\n<p><strong>Es importante, que conozca que toda fruta Antes de consumirla debe de ser enjuagada , ya que en ocasiones , pueden contener pesticidas que fueron aplicados durante su cultivo, y nos pudieran provocar intoxicaciones a nuestro organismo.<\/strong><\/p>\n<p><strong>QFB \u00a0FABIOLA GARCIA ALVAREZ<\/strong><\/p>\n<p><strong>Perito dictaminador en an\u00e1lisis bacteriol\u00f3gico de agua y alimentos con n\u00famero GES-PD 0705<\/strong><\/p>\n<p><strong>Perito dictaminador en \u00a0estupefacientes GES-PD0523<\/strong><\/p>\n<p><strong>Maestr\u00eda \u00a0en an\u00e1lisis cl\u00ednicos 1301 \u2013 368068<\/strong><\/p>\n<p><strong>Ced \u00a0prof \u00a08664204 \u00a0\u00a0Tel. 38 1 66 64<\/strong><\/p>\n<p><strong>Asesor\u00eda, \u00a0auditor\u00eda \u00a0y gesti\u00f3n ambiental.<\/strong><\/p>\n<ol>\n<li><strong> Victoria No. 8 \u00a0zona centro Cd Valles SLP.<\/strong><\/li>\n<\/ol>\n<p><strong>\u00a0<\/strong><\/p>\n<p><strong>\u201cHOTEL RIVIERA\u201d \u00a0\u00a0en el coraz\u00f3n de \u00a0\u00a0Ciudad Valles SLP.<\/strong><\/p>\n<p><strong>5 DE Mayo 24 \u00a0Tel 014813823097<\/strong><\/p>\n<h3><strong><b>Email <\/b><\/strong><a href=\"mailto:hotelrivieravalles@hotmail.com\"><u>hotelrivieravalles hotmail.com<\/u><\/a><\/h3>\n<p><strong>T\u00edpicamente Huasteco.<\/strong><\/p>\n<p><strong>+++++<\/strong><strong>**********<\/strong><\/p>\n<p><strong><b>\u00a0<\/b><\/strong><\/p>\n<p><strong><b>DAPAS \u00a0SABRA \u00a0CUANTOS \u00a0USUARIOS TIENE.<\/b><\/strong><\/p>\n<p><strong><b>+.- <\/b><\/strong><strong>Desde <\/strong><strong>\u00a0tiempos de Lico se \u00a0sab\u00eda \u00a0que eran mas de \u00a050 mil usuarios.<\/strong><\/p>\n<p><strong>Ser\u00eda interesante \u00a0que \u00a0alguien o una instituci\u00f3n hurgara en la \u00a0historia administrativa desde \u00a0la JASAPA \u00a0hasta \u00a0la actual Dapas, han transcurrido mas de \u00a060 \u00a0a\u00f1os \u00a0de operaciones t\u00e9cnicas \u00a0y administrativas, ser\u00eda \u00a0interesante porque \u00a0en funci\u00f3n del n\u00famero de habitantes que reporta INEGI se \u00a0considera \u00a0el n\u00famero de usuarios \u00a0cautivos. <\/strong><\/p>\n<p><strong>Si tomamos en cuenta el factor de \u00a0que \u00a0cada \u00a0usuario tiene 5 miembros \u00a0de \u00a0familia, entonces \u00a0\u00a0la Dapas dice que son mas de \u00a052 mil usuarios, la ciudad ha crecido, a la \u00a0que \u00a0agregamos \u00a0los \u00a0sectores \u00a0que \u00a0crecen de los servicios de agua y drenaje, pero eso es otro cuento. <\/strong><\/p>\n<p><strong>Pues bien un bolet\u00edn de la Dapas \u00a0entregado esta semana \u00a0dice que con la intenci\u00f3n de \u201clograr una eficiencia en el servicio, que lleve al organismo a los mejores est\u00e1ndares de calidad en su productividad a nivel nacional, ser\u00e1 a trav\u00e9s de cuadrillas de personal que a partir de la siguiente semana se lleven a cabo recorridos por parte de la Direcci\u00f3n de Agua Potable, Alcantarillado y Saneamiento de Ciudad Valles en todo el municipio dentro del programa \u201cActualizaci\u00f3n de Padr\u00f3n de Usuarios\u201d. \u00a0\u00a0El director general, expone que las acciones \u00a0tienen como objetivo visitar domicilio por domicilio, para \u00a0verificar que el servicio de agua potable se brinde sin inconveniente alguno y que \u00e9ste, se registre puntualmente a trav\u00e9s del correcto funcionamiento de los medidores y\u00a0 de no ser as\u00ed, se lleve a cabo de manera inmediata el reemplazo del equipo por antig\u00fcedad o mal funcionamiento se dar\u00e1n a conocer los resultados semanalmente para hacer saber a la ciudadan\u00eda de manera puntual los datos que arrojen las estad\u00edsticas. \u00a0<\/strong><\/p>\n<p><strong>La DAPAS reitera as\u00ed el compromiso de elevar la calidad y productividad del organismo, haciendo el llamado ciudadano a permitir todas las facilidades para que esta actividad se logre sin problema alguno a la Metr\u00f3poli Huasteca.<\/strong><\/p>\n<p><strong>\u00a0<\/strong><strong>++++++++++<\/strong><\/p>\n<h1><strong><b>CARROCERIAS \u00a0BUSTOS<\/b><\/strong><\/h1>\n<p><strong>Reforma y Lerdo de tejada Col. Altavista.<\/strong><\/p>\n<p><strong>Cd Valles SLP \u00a0Tel. 3824777.<\/strong><\/p>\n<p><strong>En carrocer\u00edas para camiones y camionetas nadie nos compite.<\/strong><\/p>\n<p><strong>++++++++++++++<\/strong><\/p>\n<p><strong>\u00a0EDGAR QUINTERO NUEVO DIRECTOR DE LA POLIC\u00cdA MUNICIPAL EN CIUDAD VALLES <\/strong><\/p>\n<p><strong>\u00a0<\/strong><\/p>\n<p><strong>El \u00a0alcalde \u00a0de esta ciudad presento ante el cabildo \u00a0al nuevo director \u00a0de polic\u00eda y tr\u00e1nsito, \u00a0manifest\u00f3 que este cambio responde a una estrategia para blindar la ciudad, que viene a reforzar y demostrar que se est\u00e1 trabajando de manera coordinada con el Gobierno del Estado, para que \u00a0la \u00a0urbe Huasteca mantenga la paz y tranquilidad social.<\/strong><\/p>\n<p><strong>Quintero Badillo como nuevo titular de la Direcci\u00f3n de Seguridad P\u00fablica y Tr\u00e1nsito Municipal sustituye en su cargo a Luis Enrique Contreras Garc\u00eda y \u00a0agreg\u00f3 el mun\u00edcipe que por parte de la administraci\u00f3n municipal, existe toda la disposici\u00f3n, debido a que se busca tener una ciudad tranquila y que la ciudadan\u00eda \u00a0viva en seguridad, considerando que es la <\/strong><\/p>\n<p><strong>Polic\u00eda Municipal la proximidad social, \u00a0desafortunadamente \u00a0est\u00e1 \u00a0muy \u00a0desprestigiada y \u00a0ahora \u00a0el principal objetivo es que \u00a0la gente vuelva a creer en ella realizando un \u00a0buen trabajo ante la sociedad Vallense<\/strong><\/p>\n<p><strong>El nuevo funcionario policiaco es un polic\u00eda \u00a0estatal cuenta con 23 a\u00f1os de experiencia, ha \u00a0desempe\u00f1ado diferentes cargos en la extinta Polic\u00eda Estatal, fue Jefe Regional en la zona huasteca en el a\u00f1o 2013, Jefe Regional en la zona Altiplano, Director General del Estado en el 2015, titular \u00a0de la direcci\u00f3n municipal de Aquism\u00f3n y San Ciro de Acosta, as\u00ed como de jefaturas de \u00e1rea en la capital potosina.<\/strong><\/p>\n<p><strong>Por \u00a0si usted \u00a0no lo sab\u00eda \u00a0todos los \u00a0anteriores \u00a0directores \u00a0de \u00a0polic\u00eda \u00a0en \u00a0Valle s \u00a0y municipios importantes \u00a0son elementos \u00a0de \u00a0la \u201cvieja guardia\u201d \u00a0de \u00a0la polic\u00eda \u00a0\u00a0estatal desaparecida.<\/strong><\/p>\n<p><strong>++++++<\/strong><\/p>\n<p><strong>El sitio ideal para \u00a0sus fiestas\u2026<\/strong><\/p>\n<p><strong>\u201cFINCA \u00a0SAN ISIDRO\u201d <\/strong><\/p>\n<p><strong>Sal\u00f3n para fiestas de todo tipo.<\/strong><\/p>\n<p><strong>Carretera Valles \u2013 R\u00edo Verde Km. 8 <\/strong><\/p>\n<p><strong>Contrataciones al Tel. 01 481 179 09<\/strong><\/p>\n<p><strong>Cd. Valles SLP M\u00e9xico.<\/strong><\/p>\n<p><strong>+++<\/strong><strong>\u00a0<\/strong><\/p>\n<p><strong><b>Ley el alcohol\u00edmetro-<\/b><\/strong><\/p>\n<p><strong><b>MAS SEVERIDAD CONTRA \u00a0CHOFERES \u00a0EBRIOS \u00a0PROXIMAMENTE.<\/b><\/strong><\/p>\n<p><strong>+.- Evitar\u00e1 \u00a0muchas muertes por accidentes viales por el consumo de alcohol.<\/strong><\/p>\n<p><strong><b>Ahora si \u00a0va \u00a0en serio el \u00a0combate \u00a0de \u00a0los \u00a0conductores de automotores sorprendidos \u00a0\u00a0en estado de ebriedad tripulando sus veh\u00edculos, con la promulgaci\u00f3n como Ley \u00a0la aplicaci\u00f3n \u00a0del alcohol\u00edmetro y sus \u00a0penalidades a \u00a0que se har\u00e1n acreedores los responsables. <\/b><\/strong><\/p>\n<p><strong><b>Seg\u00fan las estad\u00edsticas, <\/b><\/strong><strong>M\u00e9xico ocupa el 7 lugar en muertes por accidentes viales en el mundo y el tercero en Latinoam\u00e9rica, de acuerdo con el Instituto Nacional de Salud P\u00fablica, por eso es necesaria la implementaci\u00f3n de programas de educaci\u00f3n vial y la aplicaci\u00f3n del alcohol\u00edmetro.<\/strong><strong><b>\u00a0\u00a0\u00a0<\/b><\/strong><strong>A \u00a0nivel estatal \u00a0replic\u00f3 \u00a0esta iniciativa a el diputado local por Valles quien a\u00f1adi\u00f3 que ambos temas van incluidos en la nueva Ley de Movilidad, la cual fue presentada en el Congreso del Estado. Disponiendo tambi\u00e9n del consenso de \u00a0otras bancadas legislativas, entre ellas del \u00a0\u00a0diputado Antonio Lorca y las dem\u00e1s bancadas trabajan en esa ley, para beneficio de los ciudadanos.<\/strong><\/p>\n<p><strong>En la \u00a0referida \u00a0nueva Ley de Movilidad de \u00a0acuerdo con informaci\u00f3n del Congreso se trata de una ley incluyente, ya que ser\u00e1 \u00a0obligatorio que los \u00a0ayuntamientos \u00a0modernicen las banquetas p\u00fablicas \u00a0disponiendo de rampas para discapacitados y donde \u00a0existen como es el caso de Valles, que se \u00a0aumente su aplicaci\u00f3n de las rampas para discapacitados, \u00a0perro adem\u00e1s \u00a0que los automovilistas, motociclistas y comerciantes ambulantes \u00a0las respeten.<\/strong><\/p>\n<p><strong>++++++++<\/strong><\/p>\n<p><strong>\u201cCAF\u00c9 Y RESTAURANT \u00a0EL FAROLITO\u201d \u00a0\u00a0<\/strong><\/p>\n<p><strong>Lo mejor de la cocina Huasteca; el tradicional zacahuil y cazueladas. \u00a0\u00a0Atendemos toda clase de \u00a0festejos. Pedidos al Tel \u00a03821017 Ciudad Valles SLP.<\/strong><\/p>\n<p><strong>DE VOLADA.-<\/strong><\/p>\n<p><strong>ATINADA A DESIGNACION.- \u00a0<\/strong><strong>Nombran al abogado \u00a0Jos\u00e9 Ignacio de la Rosa Mart\u00ednez, delegado estatal de la Federaci\u00f3n Mexicana de Colegios de Abogados en el estado de San Luis Potos\u00ed. \u00a0\u00a0Nuestras \u00a0felicitaciones.<\/strong><\/p>\n<p><strong>+++++++++++<\/strong><\/p>\n<p><strong>NO \u00a0ALCANZARON \u00a0APOYOS \u00a0ESCOLARES \u00a0MILES DE \u00a0FAMILIAS.<\/strong><\/p>\n<p><strong>Buenos y tambi\u00e9n comentarios negativos \u00a0hicieron padres de familia \u00a0que \u00a0asistieron al \u00a0evento presidido por el gobernador \u00a0en el Lienzo Charro \u00a0para \u00a0entregar las mochiles y \u00fatiles escolares \u00a0a estudiantes \u00a0de \u00a0las comunidades y colonias \u00a0de \u00a0la \u00a0Urbe Huasteca, porque \u00a0tras permanecer \u00a0horas \u00a0bajo \u00a0el sol con temperaturas superiores a los 40 grados, cientos \u00a0de \u00a0padres \u00a0no alcanzaron el donativo oficial por \u00a0el que se \u00a0trasladaron desde sus poblados \u00a0alejados de la ciudad.<\/strong><\/p>\n<p><strong>Los organizadores invitaron no solo a los censados sino a todos los padres de familia \u00a0que \u00a0intentaron aprovechar el \u00a0donativo oficial, esta \u00a0situaci\u00f3n gener\u00f3 comentarios \u00a0negativos, los \u00a0culpables \u00a0fueron los \u00a0organizadores que debieron \u00a0invitar solo a los beneficiarios. Despu\u00e9s \u00a0ser\u00e1n los dem\u00e1s seg\u00fan el programa del gobernador.<\/strong><\/p>\n<p><strong>++++++++<\/strong><\/p>\n<p><strong>POR \u00a0CUANTO TIEMPO\u2026\u2026.. Libre de \u201ctianguistas\u201d el <\/strong><strong>callej\u00f3n peatonal Padre Xavier<\/strong><\/p>\n<p><strong>Por \u00a0en\u00e9sima ocasi\u00f3n la direcci\u00f3n de Comercio desaloj\u00f3 a comerciantes establecidos, semifijos y tianguistas \u00a0que se hab\u00edan \u201capropiado\u201d \u00a0del Callej\u00f3n peatonal \u00a0Padre \u00a0Xavier. Desde la semana anterior \u00a0el paso libre pero ahora \u00a0son los motociclistas y carretoneros los \u00a0que utilizan este acceso poniendo en riesgo a los peatones.<\/strong><\/p>\n<p><strong>Las autoridades de tr\u00e1nsito deben poner orden.<\/strong><\/p>\n<p><a href=\"mailto:davidfloresservicios@hotmail.com\"><strong><u>davidfloresservicios@hotmail.com<\/u><\/strong><\/a><strong>\u00a0<\/strong><\/p>\n<p><strong>hasta la pr\u00f3xima semana..<\/strong><\/p>\n<p><strong>\u00a0<\/strong><\/p>\n<p><strong>\u00a0<\/strong><\/p>\n<p><strong>\u00a0<\/strong><\/p>\n<p><strong>\u00a0<\/strong><\/p>\n<p><strong>\u00a0<\/strong><\/p>\n<p><strong>\u00a0<\/strong><\/p>\n<p><strong>\u00a0<\/strong><\/p>\n<p><strong>\u00a0<\/strong><\/p>\n<p><strong>\u00a0<\/strong><\/p>\n<p><strong>\u00a0<\/strong><\/p>\n<p><strong>\u00a0<\/strong><\/p>\n<p><strong>\u00a0<\/strong><\/p>\n<p><strong>\u00a0<\/strong><\/p>\n<p><strong>\u00a0<\/strong><\/p>\n<p><strong>\u00a0<\/strong><\/p>\n<p><strong>\u00a0<\/strong><\/p>\n<p><strong>\u00a0<\/strong><\/p>\n<p><strong>\u00a0<\/strong><\/p>\n<p><strong>\u00a0<\/strong><\/p>\n<p><strong>\u00a0<\/strong><\/p>\n<p><strong>\u00a0<\/strong><\/p>\n<p><strong>\u00a0<\/strong><\/p>\n<p><strong>\u00a0<\/strong><\/p>\n<p><strong>\u00a0<\/strong><\/p>\n<p><strong>\u00a0<\/strong><\/p>\n<p><strong>\u00a0<\/strong><\/p>\n<p><strong>\u00a0<\/strong><\/p>\n<p><strong>\u00a0<\/strong><\/p>\n<p><strong>\u00a0<\/strong><\/p>\n<p><strong>\u00a0<\/strong><\/p>\n<p><strong>\u00a0<\/strong><\/p>\n","protected":false},"excerpt":{"rendered":"<p>LOCATARIOS DE MERCADOS \u00a0RENUENTES, NO ACATAN DISPOSICIONES DEL MUNICIPIO. Acostumbrados \u00a0a que \u00a0por a\u00f1os (desde \u00a0su fundaci\u00f3n \u00a0seg\u00fan antecedentes) los \u00a0comerciantes \u00a0conocidos como locatarios de los mercados p\u00fablicos \u00a0de esta ciudad, se \u00a0consideraban protegidos \u00a0por los pol\u00edticos en turno como lo eran alcaldes y hasta &hellip; <\/p>\n","protected":false},"author":1,"featured_media":71668,"comment_status":"open","ping_status":"open","sticky":false,"template":"","format":"standard","meta":{"footnotes":""},"categories":[17],"tags":[],"class_list":["post-71667","post","type-post","status-publish","format-standard","has-post-thumbnail","hentry","category-colaboraciones"],"_links":{"self":[{"href":"https:\/\/amanecerhuasteco.com\/portal\/wp-json\/wp\/v2\/posts\/71667","targetHints":{"allow":["GET"]}}],"collection":[{"href":"https:\/\/amanecerhuasteco.com\/portal\/wp-json\/wp\/v2\/posts"}],"about":[{"href":"https:\/\/amanecerhuasteco.com\/portal\/wp-json\/wp\/v2\/types\/post"}],"author":[{"embeddable":true,"href":"https:\/\/amanecerhuasteco.com\/portal\/wp-json\/wp\/v2\/users\/1"}],"replies":[{"embeddable":true,"href":"https:\/\/amanecerhuasteco.com\/portal\/wp-json\/wp\/v2\/comments?post=71667"}],"version-history":[{"count":1,"href":"https:\/\/amanecerhuasteco.com\/portal\/wp-json\/wp\/v2\/posts\/71667\/revisions"}],"predecessor-version":[{"id":71669,"href":"https:\/\/amanecerhuasteco.com\/portal\/wp-json\/wp\/v2\/posts\/71667\/revisions\/71669"}],"wp:featuredmedia":[{"embeddable":true,"href":"https:\/\/amanecerhuasteco.com\/portal\/wp-json\/wp\/v2\/media\/71668"}],"wp:attachment":[{"href":"https:\/\/amanecerhuasteco.com\/portal\/wp-json\/wp\/v2\/media?parent=71667"}],"wp:term":[{"taxonomy":"category","embeddable":true,"href":"https:\/\/amanecerhuasteco.com\/portal\/wp-json\/wp\/v2\/categories?post=71667"},{"taxonomy":"post_tag","embeddable":true,"href":"https:\/\/amanecerhuasteco.com\/portal\/wp-json\/wp\/v2\/tags?post=71667"}],"curies":[{"name":"wp","href":"https:\/\/api.w.org\/{rel}","templated":true}]}}