{"id":71896,"date":"2022-07-31T22:38:19","date_gmt":"2022-08-01T04:38:19","guid":{"rendered":"http:\/\/amanecerhuasteco.com\/portal\/?p=71896"},"modified":"2022-07-31T22:38:19","modified_gmt":"2022-08-01T04:38:19","slug":"entre-columnas-526","status":"publish","type":"post","link":"https:\/\/amanecerhuasteco.com\/portal\/entre-columnas-526\/","title":{"rendered":"ENTRE COLUMNAS"},"content":{"rendered":"<p>DECLINA ALCALDE LA \u00a0REMODELACI\u00d3N DE LA PLAZA PRINCIPAL.<\/p>\n<p>Suspendi\u00f3 \u00a0la \u00a0obra, no dijo que \u00a0estaba cancelada.<\/p>\n<p>Ante el reclamo ciudadano, el \u00a0alcalde \u00a0de \u00a0La Puerta Grande de la \u00a0Huasteca David Medina declin\u00f3 el proyecto de \u00a0demoler la plaza \u00a0principal y la \u00a0fuente de Los \u00a0Loros icono de \u00a0identidad \u00a0Huasteca en Valles, obra \u00a0que \u00a0cuenta \u00a0con el \u00a0apoyo \u00a0del \u00a0gobernador Ricardo Gallardo como lo fue \u00a0el derribo del \u201cArco de las tres Culturas\u201d \u00a0para \u00a0erigir un puente rechazado por el pueblo Huasteco.<\/p>\n<p>La reacci\u00f3n ciudadana en contra \u00a0del proyecto que \u00a0al parecer \u00a0no ten\u00eda la \u00a0aprobaci\u00f3n del cabildo para derrumbar \u00a0la plaza \u00a0y la Fuente de los Loros, tampoco ten\u00eda \u00a0aprobaci\u00f3n del mismo \u00a0como obra prioritaria, pese a que se hablaba \u00a0de concesionar a un particular el estacionamiento subterr\u00e1neo y zona adyacente, \u00a0irregularidades \u00a0que dieron cuerpo a la integraci\u00f3n de \u00a0grupos \u00a0\u00a0que por la v\u00eda legal tomar\u00edan la \u00a0inconformidad del pueblo para \u00a0frenar acciones que \u00a0a \u00a0emprendido la actual administraci\u00f3n sin sustento legal y mucho menos tomar en cuenta a la ciudadan\u00eda.<\/p>\n<p>Apareci\u00f3 la activista Cecilia Terrones, quien a\u00fan est\u00e1 en proceso de \u00a0recabar 1500 firmas para \u00a0demostrar el \u00a0rechazo a las acciones arbitrarias y sin consenso de las \u00a0actuales autoridades que intentan demoler bienes \u00a0del pueblo, figuras culturales ic\u00f3nicas y emblem\u00e1ticas. \u201cNo debemos permitir que nos las quiten, menos cuando hay tantos inconformes. No toleremos m\u00e1s caprichos pol\u00edticos, gastos innecesarios. Hay partes de la ciudad que merecen y necesitan m\u00e1s el apoyo en cuestiones b\u00e1sicas de vivienda, bacheo y luminarias. Valles necesita identidad, pertenencia y pol\u00edticos preocupados por mejorar su aspecto. No s\u00f3lo que se vea bonito, debe ser necesario\u201d.<\/p>\n<p>++++++++++++++++++<\/p>\n<p>PRODUCTOS Y SERVICIOS\u00a0\u00a0\u201cSERLIM\u201d<\/p>\n<ol>\n<li>Arista 202 \u00a0esq. Con Carranza sur \u00a0Colonia Hidalgo Cd Valles SLP. Somos fabricantes de cloro, pino, fabulex, suavizante de telas aromatizante, desengrasante, m\u00e1s color, sarricida limpia cristales y otros productos \u00a0para el hogar, oficina, escuelas, industrias y comercio en general.<\/li>\n<\/ol>\n<p>Menudeo y mayoreo.<\/p>\n<p>Pedidos a los n\u00fameros 4811337658 y 4811209333.<\/p>\n<p>+++++++++<\/p>\n<p>++++++++++++++<\/p>\n<p>EST\u00c1 \u00a0URGIDO DE DINERO?<\/p>\n<p>Pr\u00e9stamos \u00a0\u00a0\u00a0de \u00a0dinero inmediatos a pensionados \u00a0\u00a0CFE, ISSSTE.FFCC, SCT, PEMEX, \u00a0ACTIVOS Y JUBILADIS \u00a0IMSS \u00a0\u00a0SIN AFECTAR TARJETON. \u00a0\u00a0\u00a0Ll\u00e1menos las 24 hrs del d\u00eda \u00a04811039565<\/p>\n<p>CREDITO INMEDIATO<\/p>\n<p>+++++++++++++<\/p>\n<p>REGIDORES \u00a0DEBE SER \u00a0VIGILANTES \u00a0DE LOS \u00a0BIENES \u00a0DEL PUEBLO.<\/p>\n<p>+.- \u00a0La intentona de demoler las obras ic\u00f3nicas de la plaza, con su silencio la aprobaron.<\/p>\n<p>Las \u00a0obras \u00a0urbanas y de servicio a la comunidad ciertamente \u00a0benefician y deben ser \u00a0preservadas \u00a0y la ciudadan\u00eda a trav\u00e9s de sus \u00a0representantes populares que en este caso son los regidores \u00a0ante el \u00a0Ayuntamiento de \u00a0\u00a0un municipio, deben ser celosos vigilantes de los bienes y depositarios de \u00a0la \u00a0confianza para la proyecci\u00f3n de \u00a0nuevas. \u00a0En el caso \u00a0de la intenci\u00f3n de remodelaci\u00f3n de la plaza principal de esta ciudad; ni una palabra de los se\u00f1ores regidores, falta informaci\u00f3n sobre el origen del financiamiento si es \u00a0del estado, privado \u00a0o de Codesol.<\/p>\n<p>Sobre el caso de la plaza principal el ex contralor municipal CP Abraham Camarillo Orta \u00a0expresa que;<\/p>\n<ul>\n<li>\u201cTodos los actos de gobierno deben estar apegados a la Ley, seg\u00fan \u00e9sta (Ley de bienes del edo y m\u00edos de SLP) la plaza es un bien del dominio p\u00fablico de uso com\u00fan y por el tipo de construcci\u00f3n, tiempo y otras caracter\u00edsticas es considerado como un bien inmueble de valor hist\u00f3rico y cultural, por tal motivo, hay otra Ley de protecci\u00f3n del patrimonio cultural para el Edo de SLP, que tiene por objeto definir, conservar, proteger y rescatar el Patrimonio Cultural de la Entidad, as\u00ed como ejercer las facultades para la conservaci\u00f3n y restauraci\u00f3n del patrimonio arqueol\u00f3gico, hist\u00f3rico y art\u00edstico por lo que determina que es de utilidad p\u00fablica la protecci\u00f3n del patrimonio cultural (en el caso de la plaza y el Arco derrumbado son patrimonios culturales tangibles) ya que constituyen valores de identidad de la sociedad. Entonces el Ayuntamiento en lugar de registrar estas obras como patrimonio y conservarlas, pretende acabar con ellas, significa desaparecer la Identidad Cultural de la Sociedad. La Ley impone sanciones a quien lo haga y por supuesto la sociedad tiene Facultades Legales para impedir tales decisiones. Ya lo dijo Don Benito Ju\u00e1rez \u00abNo se debe gobernar a impulsos ni antojos de los gobernantes, sino con apego a la Ley\u00bb y podr\u00edamos agregar que mucho menos a caprichos. \u00a0(jul 27-22)<\/li>\n<\/ul>\n<p>+++++++++++<\/p>\n<p>RESTAURANT \u00a0DE \u00a0MARISCOS \u201cEL PARAISO\u201d<\/p>\n<p>Calle Martha \u00a0entrada \u00a0al Carmen 2 Junto a Oxxo.<\/p>\n<p>Atenci\u00f3n personal de su propietario Chanito.<\/p>\n<p>Solicite presupuesto, precios \u00a0y ordene al<\/p>\n<p>Celular 481 102 5590<\/p>\n<p>Servicio de 11 \u00a0\u00a0a 8 de la noche.<\/p>\n<p>+++++++++++<\/p>\n<p>Es importante, que conozca que toda fruta Antes de consumirla debe de ser enjuagada , ya que en ocasiones , pueden contener pesticidas que fueron aplicados durante su cultivo, y nos pudieran provocar intoxicaciones a nuestro organismo.<\/p>\n<p>QFB \u00a0FABIOLA GARCIA ALVAREZ<\/p>\n<p>Perito dictaminador en an\u00e1lisis bacteriol\u00f3gico de agua y alimentos con n\u00famero GES-PD 0705<\/p>\n<p>Perito dictaminador en \u00a0estupefacientes GES-PD0523<\/p>\n<p>Maestr\u00eda \u00a0en an\u00e1lisis cl\u00ednicos 1301 \u2013 368068<\/p>\n<p>Ced \u00a0prof \u00a08664204 \u00a0\u00a0Tel. 38 1 66 64<\/p>\n<p>Asesor\u00eda, \u00a0auditor\u00eda \u00a0y gesti\u00f3n ambiental.<\/p>\n<ol>\n<li>Victoria No. 8 \u00a0zona centro Cd Valles SLP.<\/li>\n<\/ol>\n<p>+++<\/p>\n<p>PRIMER A\u00d1O DE GALLARDO, INVERSI\u00d3N HIST\u00d3RICA \u00a0EN OBRAS POR SIETE MIL MDP<\/p>\n<ul>\n<li>En un solo a\u00f1o, el nuevo Gobierno registra una inversi\u00f3n hist\u00f3rica habr\u00e1n invertido m\u00e1s que cada uno de los dos sexenios anteriores durante toda su gesti\u00f3n<\/li>\n<\/ul>\n<p>Con los dos mil millones de pesos generados gracias a ahorros y apoyo del Gobierno Federal, el nuevo Gobierno encabezado por Ricardo Gallardo Cardona invertir\u00e1 en su primer a\u00f1o caso siete mil millones de pesos en obras de infraestructura, cifra r\u00e9cord en comparaci\u00f3n con pasadas administraciones, las cuales quedar\u00e1n rebasadas en este rubro. Se ha posicionado como un gobierno de cambio, muestra de ello, distintas acciones con visi\u00f3n de Estado que durante la \u201cherencia maldita\u201d nunca pudieron ser realidad: placas y licencias gratuitas, Feria Nacional Potosina (Fenapo) de primer nivel y tambi\u00e9n sin costo, Casa de Gobierno al servicio de adultos mayores y menores en situaci\u00f3n de vulnerabilidad, un Hospital Central equipado y con nuevas instalaciones, atenci\u00f3n a municipios de las cuatro regiones del Estado, entre otras.<\/p>\n<p>En el rubro de infraestructura, una de las primeras determinaciones de Gallardo Cardona fue la creaci\u00f3n del Consejo Potos\u00ed, formado por empresarios comprometidos con el desarrollo del Estado y que marcan una directriz para la inversi\u00f3n del recurso para la obra p\u00fablica.<\/p>\n<p>\u201cGeneramos obras de infraestructura en estos 10 meses por cuatro mil 800 millones de pesos, vamos a cerrar el a\u00f1o con dos mil millones m\u00e1s, que estamos acordando con el Consejo Potos\u00ed. Estamos hablando de casi siete mil millones, una cantidad bastante grande a comparaci\u00f3n de lo que ven\u00edan generando los pasados gobiernos, yo les comento a todos que siempre habido dinero en el gobierno, lo que ha faltado es voluntad\u201d.<\/p>\n<p>Entre las obras de infraestructura emblem\u00e1ticas durante estos primeros meses de gesti\u00f3n tan solo en la zona metropolitana, se encuentra el Circuito Potos\u00ed, el cu\u00e1l ser\u00e1 inaugurado en pr\u00f3ximos d\u00edas tras 18 a\u00f1os de olvido, la rehabilitaci\u00f3n de todas las calles de la colonia Hogares Populares Pav\u00f3n en Soledad de Graciano S\u00e1nchez, de ambos parques Tangamanga, incluyendo en Teatro de la Ciudad en el uno, y de las instalaciones de la Fenapo, lo cual resultar\u00e1 en derrama econ\u00f3mica y proyecci\u00f3n nacional e internacional de San Luis Potos\u00ed.<\/p>\n<p>+++++++++++<\/p>\n<p>\u201cHOTEL RIVIERA\u201d \u00a0\u00a0en el coraz\u00f3n de \u00a0\u00a0Ciudad Valles SLP.<\/p>\n<p>5 DE Mayo 24 \u00a0Tel 014813823097<\/p>\n<h3>Email <a href=\"mailto:hotelrivieravalles@hotmail.com\"><u>hotelrivieravalles hotmail.com<\/u><\/a><\/h3>\n<p>T\u00edpicamente Huasteco.<\/p>\n<p>+++++**********<\/p>\n<p><a href=\"http:\/\/www.emsavalles.com\/RP8224\/el-trasfondo-de-la-captura-de-rafael-caro-quintero\"><br \/>\n<\/a>ALCALDE \u00a0CAMBIARA NOMBRES A ESCUELAS Y \u00a0CALLES.<\/p>\n<p>+.- El diputado por \u00a0Valles present\u00f3 la iniciativa del mandatario.<\/p>\n<p>Por disposici\u00f3n del gobernador del estado quien critic\u00f3 la imposici\u00f3n de nombres a centros educativos para venerar \u00a0a quienes mataron estudiantes, \u00a0propone \u00a0cambiar \u00a0a escuelas nombres de pol\u00edticos corruptos, \u00a0de \u00a0calles \u00a0y \u00a0avenidas \u00a0en todos los \u00a0municipios \u00a0del territorio potosino, incluye \u00a0Valles \u00a0donde \u00a0no existe \u00a0oposici\u00f3n \u00a0pero s\u00ed el inconveniente de los problemas \u00a0que se \u00a0generar\u00e1n con el fisco, el \u00a0INE, la propiedad, mercantiles y \u00a0\u00a0y otros menesteres.<\/p>\n<p>El mandatario, anunci\u00f3 que calles, avenidas y escuelas del Estado, dejar\u00e1n de llevar los nombres de ex presidentes y ex pol\u00edticos corruptos que lastimaron a los mexicanos y mancharon con sangre de j\u00f3venes al pa\u00eds \u00a0en \u00a0un pasado reciente., \u00a0Manifest\u00f3 que existen calles y escuelas con el nombre de Gustavo D\u00edaz Ordaz, es un personaje que sangr\u00f3 a M\u00e9xico y como \u00e9l hay muchos m\u00e1s ex presidentes que han lastimado a los mexicanos\u201d, afirm\u00f3 Gallardo Cardona.<\/p>\n<p>El Mandatario Estatal lament\u00f3 que incluso existan colonias con alto grado de marginaci\u00f3n y en extrema pobreza, que lleven nombres de los mismos personajes que los mantuvieron en el olvido y les impidieron acceder a mejores oportunidades de vida y al desarrollo.<\/p>\n<p>Consider\u00f3 una burla que se enaltezca el nombre de personajes que no lo merecen, como el caso de escuelas que hacen alusi\u00f3n a D\u00edaz Ordaz, cuando fue responsable de que cientos de estudiantes perdieran la vida en una de las peores masacres que ha sufrido M\u00e9xico.<\/p>\n<p>Los 58 municipios y sus cabildos, as\u00ed como el Congreso del Estado, recibir\u00e1n por parte del Ejecutivo Estatal una solicitud para cambiar los nombres a calles, avenidas y escuelas, detall\u00f3 Gallardo Cardona adem\u00e1s de informar que el tema ha sido ya platicado con algunos presidentes municipales que apoyar\u00e1n la iniciativa.<\/p>\n<p>.\u00a0++++++++++<\/p>\n<h1>CARROCERIAS \u00a0BUSTOS<\/h1>\n<p>Reforma y Lerdo de tejada Col. Altavista.<\/p>\n<p>Cd Valles SLP \u00a0Tel. 3824777.<\/p>\n<p>En carrocer\u00edas para camiones y camionetas nadie nos compite.<\/p>\n<p>++++++++++++++<\/p>\n<p>El sitio ideal para \u00a0sus fiestas\u2026<\/p>\n<p>\u201cFINCA \u00a0SAN ISIDRO\u201d<\/p>\n<p>Sal\u00f3n para fiestas de todo tipo.<\/p>\n<p>Carretera Valles \u2013 R\u00edo Verde Km. 8<\/p>\n<p>Contrataciones al Tel. 01 481 179 09<\/p>\n<p>Cd. Valles SLP M\u00e9xico.<\/p>\n<p>+++<\/p>\n<p>&nbsp;<\/p>\n<p>&nbsp;<\/p>\n<p>REV\u00c9S DA \u00a0EL AYUNTAMIENTO A INTENCIONES \u00a0DE VIVIDORES DE TIANGUISTAS.<\/p>\n<p>+.- \u00a0Solo el municipio facultado cobrar \u201cpiso\u201d<\/p>\n<p>+.- Dicen que la cuota es \u00a0para \u00a0pagar uniformes.<\/p>\n<p>Aun no \u00a0inician con la primera \u00a0semana \u00a0de \u00a0actividades \u00a0del un tianguis \u00a0en la \u00a0colonia \u00a0Cuauht\u00e9moc y los \u00a0cabecillas ya \u00a0establecieron cuotas \u00a0propias \u00a0a \u00a0quienes \u00a0pretenden \u00a0sumarse \u00a0al comercio informal en ese sitio, por la \u00a0calle \u00a0principal de acceso a los terrenos de la feria, mientras \u00a0la lideresa \u00a0de \u00a0una facci\u00f3n de tianguistas del mercado \u201cGNS\u201d se quejan de \u00a0desleal competencia que \u00a0las \u00a0autoridades hayan otorgado permiso para crear un nuevo tianguis de fin de semana.<\/p>\n<p>Los interesados \u00a0a \u00a0integrarse \u00a0al nuevo tianguis \u00a0de la Colonia \u00a0Cuauht\u00e9moc fueron condicionados \u00a0a pagar una cuota de 250 pesos al promotor \u00a0del permiso, de \u00a0no pagar \u00a0no tienen permiso, situaci\u00f3n que \u00a0\u00a0al \u00a0llegar a la alcald\u00eda, la Secretaria \u00a0del Ayuntamiento declar\u00f3 \u00a0que \u00a0\u201cNadie debe cobrar nada por vender en tianguis de \u00a0la \u00a0Colonia Cuauht\u00e9moc \u00a0\u00a0advirti\u00f3 que\u00a0nadie debe cobrar ninguna cuota o cooperaci\u00f3n onerosa, en caso de que quiera vender en el tianguis que se \u00a0instalar\u00e1 en los accesos \u00a0a \u00a0terrenos de la Feria.<\/p>\n<p>La \u00a0funcionaria \u00a0declar\u00f3 que la \u00fanica cuota que tendr\u00e1n que pagar es la de la Direcci\u00f3n de Comercio, de 14 pesos por \u00a0concepto de piso<\/p>\n<p>Este \u00a0mercadito publico \u00a0beneficiar a \u00a0\u00a0los habitantes \u00a0de la zona \u00a0norte \u00a0y \u00a0noroeste de la \u00a0ciudad.<\/p>\n<p>++++++++<\/p>\n<p>\u201cCAF\u00c9 Y RESTAURANT \u00a0EL FAROLITO\u201d<\/p>\n<p>Lo mejor de la cocina Huasteca; el tradicional zacahuil y cazueladas. \u00a0\u00a0Atendemos toda clase de \u00a0festejos. Pedidos al Tel \u00a03821017 Ciudad Valles SLP.<\/p>\n<p>+++++++++<\/p>\n<p>DE VOLADA.-<\/p>\n<p>AMLO DISPUESTO A ABANDONAR EL T-MEC PARA \u201cPROTEGER\u201d SOBERAN\u00cdA NACIONAL<\/p>\n<p>En redes sociales \u00a0en una entrevista, un Periodista pregunt\u00f3 a \u00a0AMLO: \u00bfHasta donde est\u00e1 dispuesto usted y su gobierno a llevar esta defensa de la soberan\u00eda nacional? \u00bfImplicar\u00eda, por ejemplo, salirse del tratado de libre comercio si EE.UU insiste en tratar de vulnerar esta soberan\u00eda?<\/p>\n<p>AMLO: Aun trat\u00e1ndose del mercado m\u00e1s importante del mundo. Si tener acceso a ese mercado nos implica ceder soberan\u00eda, no lo aceptamos, no vamos a entregar nuestra independencia a ning\u00fan gobierno extranjero.<\/p>\n<p>-Andr\u00e9s Manuel L\u00f3pez Obrador dispuesto a romper con T-MEC. El presidente mexicano se\u00f1al\u00f3 que su pa\u00eds no ceder\u00e1 ante presiones de EE.UU. por supuestas violaciones al acuerdo comercial T-MEC. (jul 29)<\/p>\n<p>++++++++++<\/p>\n<p>Paso a paso para descargar la boleta de calificaciones y certificados<\/p>\n<p>Si necesitas \u00a0estos \u00a0documentos para cualquier tr\u00e1mite, puedes consultarlo por internet a la SEP. \u00a0De acuerdo a Informaci\u00f3n de la Secretar\u00eda de Educaci\u00f3n P\u00fablica, el actual ciclo escolar 2021-2022 termin\u00f3 el jueves 28 de julio, seguramente \u00a0miles de padres quieran consultar las calificaciones de sus hijos desde el hogar. El propio organismo explico que habilitar\u00e1 una p\u00e1gina donde se podr\u00e1n consultar las boletas, incluso se podr\u00e1n descargar en PDF.<\/p>\n<p>La boleta de calificaciones es un documento oficial con validez de la SEP, en el se expresa el desempe\u00f1o de los alumnos durante el ciclo escolar. La finalidad de estos documentos es conocer el aprovechamiento de los ni\u00f1os, pero tambi\u00e9n hay que recordar que las autoridades educativas exhortaron el no reprobar a ni\u00f1os en el \u00faltimo ciclo escolar, esto por la pandemia que afecto el conocimiento de los ni\u00f1os.<\/p>\n<p>La SEP se\u00f1al\u00f3 que las boletas finales de los alumnos de primaria, estuvieron \u00a0disponibles desde el primer minuto del 26 de julio y los alumnos de secundaria el 27 de julio. Si quieres consultar la boleta, puedes hacerlo al dar\u00a0<a href=\"https:\/\/www2.aefcm.gob.mx\/directorio_escuelas\/\">clic aqu\u00ed.<\/a><\/p>\n<p>Si deseas imprimir la boleta, puedes realizarlo desde este\u00a0<a href=\"https:\/\/www.controlescolar.aefcm.gob.mx:8011\/ConsultaBoleta\/\">link<\/a>. Para una respuesta se solicita la CURP y la Clave del centro de trabajo (CCT).<\/p>\n<p>+++++++++++++++<\/p>\n<p>&nbsp;<\/p>\n<p>&nbsp;<\/p>\n<p>&nbsp;<\/p>\n<p>&nbsp;<\/p>\n<p><a href=\"mailto:davidfloresservicios@hotmail.com\"><u>davidfloresservicios@hotmail.com<\/u><\/a><\/p>\n<p>hasta la pr\u00f3xima semana..<\/p>\n<p>&nbsp;<\/p>\n<p>&nbsp;<\/p>\n<p>&nbsp;<\/p>\n<p>&nbsp;<\/p>\n<p>&nbsp;<\/p>\n<p>&nbsp;<\/p>\n<p>&nbsp;<\/p>\n<p>&nbsp;<\/p>\n<p>&nbsp;<\/p>\n<p>&nbsp;<\/p>\n<p>&nbsp;<\/p>\n<p>&nbsp;<\/p>\n<p>&nbsp;<\/p>\n<p>&nbsp;<\/p>\n<p>&nbsp;<\/p>\n<p>&nbsp;<\/p>\n<p>&nbsp;<\/p>\n<p>&nbsp;<\/p>\n<p>&nbsp;<\/p>\n<p>&nbsp;<\/p>\n<p>&nbsp;<\/p>\n<p>&nbsp;<\/p>\n<p>&nbsp;<\/p>\n<p>&nbsp;<\/p>\n<p>&nbsp;<\/p>\n<p>&nbsp;<\/p>\n<p>&nbsp;<\/p>\n<p>&nbsp;<\/p>\n<p>&nbsp;<\/p>\n<p>&nbsp;<\/p>\n<p>&nbsp;<\/p>\n","protected":false},"excerpt":{"rendered":"<p>DECLINA ALCALDE LA \u00a0REMODELACI\u00d3N DE LA PLAZA PRINCIPAL. Suspendi\u00f3 \u00a0la \u00a0obra, no dijo que \u00a0estaba cancelada. Ante el reclamo ciudadano, el \u00a0alcalde \u00a0de \u00a0La Puerta Grande de la \u00a0Huasteca David Medina declin\u00f3 el proyecto de \u00a0demoler la plaza \u00a0principal y la \u00a0fuente de Los \u00a0Loros &hellip; <\/p>\n","protected":false},"author":1,"featured_media":71197,"comment_status":"open","ping_status":"open","sticky":false,"template":"","format":"standard","meta":{"footnotes":""},"categories":[17],"tags":[],"class_list":["post-71896","post","type-post","status-publish","format-standard","has-post-thumbnail","hentry","category-colaboraciones"],"_links":{"self":[{"href":"https:\/\/amanecerhuasteco.com\/portal\/wp-json\/wp\/v2\/posts\/71896","targetHints":{"allow":["GET"]}}],"collection":[{"href":"https:\/\/amanecerhuasteco.com\/portal\/wp-json\/wp\/v2\/posts"}],"about":[{"href":"https:\/\/amanecerhuasteco.com\/portal\/wp-json\/wp\/v2\/types\/post"}],"author":[{"embeddable":true,"href":"https:\/\/amanecerhuasteco.com\/portal\/wp-json\/wp\/v2\/users\/1"}],"replies":[{"embeddable":true,"href":"https:\/\/amanecerhuasteco.com\/portal\/wp-json\/wp\/v2\/comments?post=71896"}],"version-history":[{"count":1,"href":"https:\/\/amanecerhuasteco.com\/portal\/wp-json\/wp\/v2\/posts\/71896\/revisions"}],"predecessor-version":[{"id":71897,"href":"https:\/\/amanecerhuasteco.com\/portal\/wp-json\/wp\/v2\/posts\/71896\/revisions\/71897"}],"wp:featuredmedia":[{"embeddable":true,"href":"https:\/\/amanecerhuasteco.com\/portal\/wp-json\/wp\/v2\/media\/71197"}],"wp:attachment":[{"href":"https:\/\/amanecerhuasteco.com\/portal\/wp-json\/wp\/v2\/media?parent=71896"}],"wp:term":[{"taxonomy":"category","embeddable":true,"href":"https:\/\/amanecerhuasteco.com\/portal\/wp-json\/wp\/v2\/categories?post=71896"},{"taxonomy":"post_tag","embeddable":true,"href":"https:\/\/amanecerhuasteco.com\/portal\/wp-json\/wp\/v2\/tags?post=71896"}],"curies":[{"name":"wp","href":"https:\/\/api.w.org\/{rel}","templated":true}]}}