{"id":72491,"date":"2022-08-17T07:07:05","date_gmt":"2022-08-17T13:07:05","guid":{"rendered":"http:\/\/amanecerhuasteco.com\/portal\/?p=72491"},"modified":"2022-08-17T07:07:05","modified_gmt":"2022-08-17T13:07:05","slug":"localizan-a-policias-del-municipio-de-moctezuma-que-estaban-desaparecidos","status":"publish","type":"post","link":"https:\/\/amanecerhuasteco.com\/portal\/localizan-a-policias-del-municipio-de-moctezuma-que-estaban-desaparecidos\/","title":{"rendered":"Localizan a polic\u00edas del municipio de Moctezuma, que estaban desaparecidos"},"content":{"rendered":"<div class=\"\" dir=\"auto\">\n<div id=\"jsc_c_3aq\" class=\"ecm0bbzt hv4rvrfc ihqw7lf3 dati1w0a\" data-ad-comet-preview=\"message\" data-ad-preview=\"message\">\n<div class=\"j83agx80 cbu4d94t ew0dbk1b irj2b8pg\">\n<div class=\"qzhwtbm6 knvmm38d\">\n<div class=\"kvgmc6g5 cxmmr5t8 oygrvhab hcukyx3x c1et5uql ii04i59q\">\n<div dir=\"auto\"><\/div>\n<\/div>\n<div class=\"cxmmr5t8 oygrvhab hcukyx3x c1et5uql o9v6fnle ii04i59q\">\n<div dir=\"auto\">\u2022 Se trata de los cuatro polic\u00edas municipales que el pasado martes por la ma\u00f1ana habr\u00edan sido sustra\u00eddos de la comandancia de aquel lugar.<\/div>\n<\/div>\n<div class=\"cxmmr5t8 oygrvhab hcukyx3x c1et5uql o9v6fnle ii04i59q\">\n<div dir=\"auto\">En una acci\u00f3n coordinada de la Guardia Civil Estatal se logr\u00f3 la localizaci\u00f3n en el municipio de Villa Hidalgo SLP. A los cuatro elementos municipales que desde el martes por la ma\u00f1ana se desconoc\u00eda su paradero.<\/div>\n<\/div>\n<div class=\"cxmmr5t8 oygrvhab hcukyx3x c1et5uql o9v6fnle ii04i59q\">\n<div dir=\"auto\">En este operativo coordinado se involucraron personal de la Fiscal\u00eda General del Estado, SEDENA y Guardia Nacional.<\/div>\n<\/div>\n<div class=\"cxmmr5t8 oygrvhab hcukyx3x c1et5uql o9v6fnle ii04i59q\">\n<div dir=\"auto\">Hasta el momento solo se tienen los primeros datos que est\u00e1n sanos y salvos y que ser\u00e1 la autoridad competente quien contin\u00fae con las indagatorias de lo sucedido y dar con las o los responsables de estos hechos.<\/div>\n<\/div>\n<\/div>\n<\/div>\n<\/div>\n<\/div>\n","protected":false},"excerpt":{"rendered":"<p>\u2022 Se trata de los cuatro polic\u00edas municipales que el pasado martes por la ma\u00f1ana habr\u00edan sido sustra\u00eddos de la comandancia de aquel lugar. En una acci\u00f3n coordinada de la Guardia Civil Estatal se logr\u00f3 la localizaci\u00f3n en el municipio de Villa Hidalgo SLP. A &hellip; <\/p>\n","protected":false},"author":1,"featured_media":72492,"comment_status":"open","ping_status":"open","sticky":false,"template":"","format":"standard","meta":{"footnotes":""},"categories":[7,11,4,12,19],"tags":[],"class_list":["post-72491","post","type-post","status-publish","format-standard","has-post-thumbnail","hentry","category-ciudad","category-estado","category-inicio","category-nacional","category-policia"],"_links":{"self":[{"href":"https:\/\/amanecerhuasteco.com\/portal\/wp-json\/wp\/v2\/posts\/72491","targetHints":{"allow":["GET"]}}],"collection":[{"href":"https:\/\/amanecerhuasteco.com\/portal\/wp-json\/wp\/v2\/posts"}],"about":[{"href":"https:\/\/amanecerhuasteco.com\/portal\/wp-json\/wp\/v2\/types\/post"}],"author":[{"embeddable":true,"href":"https:\/\/amanecerhuasteco.com\/portal\/wp-json\/wp\/v2\/users\/1"}],"replies":[{"embeddable":true,"href":"https:\/\/amanecerhuasteco.com\/portal\/wp-json\/wp\/v2\/comments?post=72491"}],"version-history":[{"count":1,"href":"https:\/\/amanecerhuasteco.com\/portal\/wp-json\/wp\/v2\/posts\/72491\/revisions"}],"predecessor-version":[{"id":72493,"href":"https:\/\/amanecerhuasteco.com\/portal\/wp-json\/wp\/v2\/posts\/72491\/revisions\/72493"}],"wp:featuredmedia":[{"embeddable":true,"href":"https:\/\/amanecerhuasteco.com\/portal\/wp-json\/wp\/v2\/media\/72492"}],"wp:attachment":[{"href":"https:\/\/amanecerhuasteco.com\/portal\/wp-json\/wp\/v2\/media?parent=72491"}],"wp:term":[{"taxonomy":"category","embeddable":true,"href":"https:\/\/amanecerhuasteco.com\/portal\/wp-json\/wp\/v2\/categories?post=72491"},{"taxonomy":"post_tag","embeddable":true,"href":"https:\/\/amanecerhuasteco.com\/portal\/wp-json\/wp\/v2\/tags?post=72491"}],"curies":[{"name":"wp","href":"https:\/\/api.w.org\/{rel}","templated":true}]}}