{"id":72881,"date":"2022-08-29T08:24:26","date_gmt":"2022-08-29T14:24:26","guid":{"rendered":"http:\/\/amanecerhuasteco.com\/portal\/?p=72881"},"modified":"2022-08-29T08:24:26","modified_gmt":"2022-08-29T14:24:26","slug":"entre-columnas-530","status":"publish","type":"post","link":"https:\/\/amanecerhuasteco.com\/portal\/entre-columnas-530\/","title":{"rendered":"ENTRE COLUMNAS"},"content":{"rendered":"<p><strong>\u00bfEMPIEZA \u00a0LA \u201cCAIDA DE LOS FLOJOS?<\/strong><strong>..<\/strong><strong>\u00a0\u00a0Despu\u00e9s del Informe del gobernador se har\u00e1 el anuncio de nuevos funcionarios.<\/strong><strong>&#8230;<\/strong><strong>\u00a0La \u00a0semana anterior advirti\u00f3 el Secretario de Gobierno.<\/strong><strong>&#8230;..<\/strong><strong>El propio Gobernador del Estado dijo que varios colaboradores \u00a0no estaban respondiendo a la demanda de trabajo que impuso a su gobierno, se\u00f1al\u00f3 que \u00a0al t\u00e9rmino de la Fenapo habr\u00eda un reajuste y tras \u00a0confirmarse la salida \u00a0de Marcela \u00a0Garc\u00eda V\u00e1zquez \u00a0quien se \u00a0desempe\u00f1aba como titular del Instituto de las Mujeres, se dio a conocer que otras cuatro mujeres se encuentran tambi\u00e9n en la cuerda floja, medidas \u00a0que \u00a0se aplican por la necesidad de entregar mejores resultados a los potosinos.<\/strong><\/p>\n<p><strong>Desde \u00a0Hace \u00a0algunos meses \u00a0atr\u00e1s trascendi\u00f3 y ahora de \u00a0acuerdo con fuentes internas de Gobierno del Estado, la \u201cHuastequita\u201d Patricia Veliz Alem\u00e1n, actual titular de la Secretar\u00eda de Turismo, es una de las que \u00a0causar\u00e1n baja del gabinete, \u00a0supuestamente no atiende sus \u00a0funciones \u00a0pero tampoco ha desarrollado un solo proyecto trascendente para la presente administraci\u00f3n.<\/strong><\/p>\n<p><strong>Elizabeth Torres M\u00e9ndez, secretaria de Cultura, es otra de las funcionarias se \u00a0dice que uego de que a finales del a\u00f1o pasado presum\u00eda la inminente creaci\u00f3n de nuevos festivales y de grandes proyectos para detonar la cultura en el estado, a la fecha \u00a0no se ve un s\u00f3lo proyecto s\u00f3lido, solo m\u00ednimas exposiciones en galer\u00edas que no logran trascender para el pueblo potosino.<\/strong><\/p>\n<p><strong>Lilia Villafuerte Zavala, titular de la Contralor\u00eda General del Estado, y Nohem\u00ed Proal Huerta, secretaria T\u00e9cnica del Gobierno, aparecen tambi\u00e9n en la lista negra ya que, seg\u00fan refieren, por m\u00e1s que se les ha intentado orientar sobre las funciones que deben desempe\u00f1ar, no han logrado el ritmo que demanda el estado.<\/strong><\/p>\n<p><strong>En el caso del IMES, ya se inform\u00f3 que ser\u00e1 Gloria Serrato la nueva titular, en las otras instancias no se sabe sin embargo, el secretario general de Gobierno, dijo que los cambios precisos y los nuevos nombramientos se anunciar\u00e1n oficialmente despu\u00e9s del Primer Informe del gobernador.<\/strong><\/p>\n<p><strong>\u00a0<\/strong>++++++++++++++++++<\/p>\n<p>PRODUCTOS Y SERVICIOS\u00a0\u00a0\u201cSERLIM\u201d<\/p>\n<ol>\n<li>Arista 202 \u00a0esq. Con Carranza sur \u00a0Colonia Hidalgo Cd Valles SLP. Somos fabricantes de cloro, pino, fabulex, suavizante de telas aromatizante, desengrasante, m\u00e1s color, sarricida limpia cristales y otros productos \u00a0para el hogar, oficina, escuelas, industrias y comercio en general.<\/li>\n<\/ol>\n<p>Menudeo y mayoreo.<\/p>\n<p>Pedidos a los n\u00fameros 4811337658 y 4811209333.<\/p>\n<p>+++++++++<\/p>\n<p>NUEVO PLAN DE \u00a0STUDIOS DE LA SEP, va contra la \u00abl\u00f3gica colonial\u00bb y \u00abmercantil\u00bb en educaci\u00f3n. Esto es lo que propone<\/p>\n<p>En medios informativos nacionales \u00a0publican esta semana: Los ni\u00f1os deben comprender que hay cuatro tipos de dominios: econ\u00f3mico, pol\u00edtico, social y el epist\u00e9mico, los cuales generan estados de desigualdad, de acuerdo con el programa para educaci\u00f3n preescolar, primaria y secundaria que arrancar\u00e1 como piloto en el ciclo escolar 2022-2023<\/p>\n<p>La Secretar\u00eda de Educaci\u00f3n P\u00fablica (SEP)\u00a0 present\u00f3 el Plan de Estudios de Educaci\u00f3n Preescolar, Primaria y Secundaria, que arrancar\u00e1 como programa piloto en el ciclo escolar 2022-2023, el cual tiene un \u201cenfoque comunitario\u201d que adem\u00e1s permitir\u00e1 comprender la \u201cl\u00f3gica colonial\u201d y \u201cmercantil\u201d con que estuvieron operando los proyectos educativos anteriores.<\/p>\n<p>El plan &#8211;dado a conocer un d\u00eda despu\u00e9s de que Leticia Ram\u00edrez fue anunciada como futura titular de la SEP&#8211;, adelanta que har\u00e1 \u00e9nfasis en \u201cbuscar un enfoque comunitario que articule lo com\u00fan a partir de lo diverso\u201d (mi\u00e9rcoles \u00a017 de \u00a0agosto)<\/p>\n<p>+++++++++++++<\/p>\n<p>EST\u00c1 \u00a0URGIDO DE DINERO?<\/p>\n<p>Pr\u00e9stamos \u00a0\u00a0\u00a0de \u00a0dinero inmediatos a pensionados \u00a0\u00a0CFE, ISSSTE.FFCC, SCT, PEMEX, \u00a0ACTIVOS Y JUBILADIS \u00a0IMSS \u00a0\u00a0SIN AFECTAR TARJETON. \u00a0\u00a0\u00a0Ll\u00e1menos las 24 hrs del d\u00eda \u00a04811039565<\/p>\n<p>CREDITO INMEDIATO<\/p>\n<p>+++++++++++++<\/p>\n<p>CERVEZA SE \u00a0DISPARO SU PRECIO, CERO PROTESTAS.<\/p>\n<p>Falta \u00a0agua para \u00a0abastecer \u00a0las \u00a0plantas \u00a0embotelladoras \u00a0\u00a0del lupulizo producto y el impedimento de importar desde \u00a0el \u00a0lejano oriente \u00a0a causa de la guerra de EUA-Ucrania VS Rusia, registra marcada \u00a0escasez \u00a0\u00a0de \u00a0cerveza en el mercado \u00a0nacional, situaci\u00f3n \u00a0que seg\u00fan los proveedores \u00a0ha provocado \u00a0el incremento de precios \u00a0en las \u00faltimas semanas.<\/p>\n<p>El impacto de \u00a0precios \u00a0hasta el momento no ha \u00a0originado ninguna protesta de \u00a0los consumidores, revelan empresarios \u00a0restauranteros, \u00a0de bares y centros nocturnos, protestas por la falta del producto \u00a0que origin\u00f3 incremento \u00a0del precio, comentan comerciantes del ramo.<\/p>\n<p>Por si fuera poco el desabasto de cerveza que en la entidad potosina a\u00fan se resiente, este la Asociaci\u00f3n de Empresarios de Bares, Restaurantes y Centros Nocturnos de San Luis Potos\u00ed que preside Roberto Pinto inform\u00f3 hace unos d\u00edas se registr\u00f3 \u00a0otro \u00a0incremento en el costo de esta bebida alcoh\u00f3lica \u00a0\u00a0no hay producto suficiente para cubrir la demanda, adem\u00e1s de que los mayoristas complican m\u00e1s la situaci\u00f3n al acaparar la poca mercanc\u00eda \u00a0\u00a0disponible en el mercado local.<\/p>\n<p>Respecto \u00a0los precios, en los primeros meses del presente a\u00f1o el precio de un cart\u00f3n de cerveza \u00a0se cotizaba a \u00a0$250, mientras que hoy en d\u00eda ronda entre los $335 hasta los $360 pesos aun asi la demanda persiste.<\/p>\n<p>.+++++++++++<\/p>\n<p>RESTAURANT \u00a0DE \u00a0MARISCOS \u201cEL PARAISO\u201d<\/p>\n<p>Calle Martha \u00a0entrada \u00a0al Carmen 2 Junto a Oxxo.<\/p>\n<p>Atenci\u00f3n personal de su propietario Chanito.<\/p>\n<p>Solicite presupuesto, precios \u00a0y ordene al<\/p>\n<p>Celular 481 102 5590<\/p>\n<p>Servicio de 11 \u00a0\u00a0a 8 de la noche.<\/p>\n<p>++++++++++<\/p>\n<p>Sabias ? Que cuando la radiaci\u00f3n solar lo recibimos directamente a nuestra piel, se puede causar una reacci\u00f3n que se observa enrojecimiento, comez\u00f3n, y dolor . Es necesario utilizar un antag\u00f3nista que proteja la epid\u00e9rmis (PIEL). Usar bloqueador solar de acuerdo a tu tipo de piel.<\/p>\n<p>+++++++++++<\/p>\n<p>QFB \u00a0FABIOLA GARCIA ALVAREZ<\/p>\n<p>Perito dictaminador en an\u00e1lisis bacteriol\u00f3gico de agua y alimentos con n\u00famero GES-PD 0705<\/p>\n<p>Perito dictaminador en \u00a0estupefacientes GES-PD0523<\/p>\n<p>Maestr\u00eda \u00a0en an\u00e1lisis cl\u00ednicos 1301 \u2013 368068<\/p>\n<p>Ced \u00a0prof \u00a08664204 \u00a0\u00a0Tel. 38 1 66 64<\/p>\n<p>Asesor\u00eda, \u00a0auditor\u00eda \u00a0y gesti\u00f3n ambiental.<\/p>\n<ol>\n<li>Victoria No. 8 \u00a0zona centro Cd Valles SLP.<\/li>\n<\/ol>\n<p>+++<\/p>\n<p>CAMIONES \u00a0CON MAS \u00a0DE \u00a018 A\u00d1OS DE ANTIG\u00dcEDAD \u00a0COMPRO EL MUNICIPIO.<\/p>\n<p>&nbsp;<\/p>\n<p>El lote de \u00a0camiones \u00a0recolectores \u00a0de \u00a0basura \u00a0que \u00a0adquiri\u00f3 el Ayuntamiento de Valles recientemente, son \u00a0usados con \u00a0una \u00a0antig\u00fcedad \u00a0de \u00a0hasta 18 a\u00f1os, seg\u00fan la \u00a0respuesta \u00a0que \u00a0recibi\u00f3 un ciudadano \u00a0a \u00a0trav\u00e9s de \u00a0Transparencia, porque \u00a0ninguna \u00a0dependencia \u00a0involucrada \u00a0en la adquisici\u00f3n \u00a0ha \u00a0informado p\u00fablicamente \u00a0nada al respecto, ni los \u00a0propios regidores, el mas nuevo en modelo \u00a0es \u00a0del a\u00f1o 2010. No es posible hacer una comparaci\u00f3n de precios con la chatarra \u00a0que \u00a0adquiri\u00f3 \u00a0la administraci\u00f3n anterior \u00a0con la actual, la primera nunca \u00a0revelo \u00a0con certeza \u00a0el costo total. Lo que si es \u00a0comparable \u00a0la tardanza \u00a0\u00a0entre la fecha \u00a0que se dijo hab\u00edan comprado las unidades y los meses \u00a0que pasaron para que llegaran a su destino. Suponemos fueron adquiridos \u00a0de \u00a0alguna revendedora de \u00a0maquinaria usada \u00a0\u00a0en el sur de \u00a0Texas. A continuaci\u00f3n la lista \u00a0del lote adquirido por el gobierno municipal en funciones, para la flota de \u00a0recolectores de basura.<\/p>\n<p>1.- Un cami\u00f3n marca International modelo 2004.- $ 1,077,586.21<\/p>\n<p>2.- Un cami\u00f3n marca Internacional modelo 2005.- $ 1,077,586.21<\/p>\n<p>3.- Un cami\u00f3n marca Internacional modelo 2005.- $ 1,077,586.21<\/p>\n<p>4.- Un cami\u00f3n marca Sterling modelo 2007.- $ 1,077,586.21<\/p>\n<p>5.- Un cami\u00f3n marca Sterling modelo 2006.- $ 1,077,586.21<\/p>\n<p>6.- Un cami\u00f3n marca Internacional modelo 2010.- $ 948,275.86 \u00a0\u00a0(el modelo mas \u00a0nuevo cost\u00f3 \u00a0menos \u00a0que \u00a0los \u00a0mas \u00a0antiguos)<\/p>\n<p>La \u00a0ciudadan\u00eda \u00a0conf\u00eda \u00a0\u00a0que \u00a0esta \u00a0nueva flota \u00a0si este en mejores \u00a0condiciones \u00a0mec\u00e1nicas de uso, no se \u00a0repita \u00a0lo del gobierno de las ocurrencias \u00a0que en el camino de traslado a Valles registraron fallas mec\u00e1nicas, esa fue la raz\u00f3n de su tardanza \u00a0y despu\u00e9s \u00a0la mayor parte del tiempo las unidades \u00a0estaban en el taller municipal. Fue un fraude \u00a0esa \u00a0adquisici\u00f3n, se se\u00f1alaron posibles \u00a0autores pero nunca hubo \u00a0respuesta a \u00a0las supuestas investigaciones.<\/p>\n<p>+++++++++++<\/p>\n<p>\u201cHOTEL RIVIERA\u201d \u00a0\u00a0en el coraz\u00f3n de \u00a0\u00a0Ciudad Valles SLP.<\/p>\n<p>5 DE Mayo 24 \u00a0Tel 014813823097<\/p>\n<h3>Email <a href=\"mailto:hotelrivieravalles@hotmail.com\"><u>hotelrivieravalles hotmail.com<\/u><\/a><\/h3>\n<p>T\u00edpicamente Huasteco.<\/p>\n<p>+++++**********<\/p>\n<p>&nbsp;<\/p>\n<p>&nbsp;<\/p>\n<p>VEHICULOS EN ESTACIONAMIENTOS PARTICULARES ESTARAN ASEGURADOS.<\/p>\n<p>&nbsp;<\/p>\n<p>Se \u00a0acab\u00f3 el negociazo de los propietarios de estacionamientos o pensiones particulares de \u00a0autom\u00f3viles en \u00a0la \u00a0zona urbana \u00a0de Valles y la entidad potosina, el Congreso<\/p>\n<p>Aprueba reformar la Ley de Tr\u00e1nsito para que los propietarios de \u00a0estacionamientos respondan por da\u00f1os parciales en los veh\u00edculos.<\/p>\n<p>Los integrantes de la Comisi\u00f3n de Comunicaciones y Transportes del Congreso del Estado, aprobaron por unanimidad, el dictamen que propone reformas al art\u00edculo 54 de la Ley de Tr\u00e1nsito del Estado, para que los estacionamientos contraten seguros que cubran da\u00f1os parciales en las unidades automotoras seg\u00fan inform\u00f3 el diputado \u00a0presidente de la Comisi\u00f3n, Ren\u00e9 Oyarvide Ibarra.<\/p>\n<p>&nbsp;<\/p>\n<p>De esta manera, en los estacionamientos deber\u00e1 colocarse un letrero donde se informe a los usuarios que la empresa se har\u00e1 responsable de los da\u00f1os parciales que pueda sufrir la unidad durante su estancia; es necesario que la persona conozca la contraprestaci\u00f3n a la que tiene. \u201c\u2026 no se permitir\u00e1 que haya m\u00e1s veh\u00edculos de los que establezca \u00a0el cupo, deber\u00e1n \u00a0dejar las las llaves para mover la unidad porque entonces quedar\u00e1 sin efecto la aplicaci\u00f3n del seguro en caso de un percance, son medidas que definitivamente van a poner orden en este tipo de establecimientos\u201d \u00a0\u00a0La informaci\u00f3n proveniente del Congreso no habla sobre p\u00e9rdidas de \u00a0objetos o valores que \u00a0haya \u00a0en el interior de las unidades, se \u00a0sobre entiende que da\u00f1os \u00a0se \u00a0refieren a da\u00f1os materiales al veh\u00edculo.<\/p>\n<p>La iniciativa fue presentada por los legisladores Jos\u00e9 Luis \u00abChiquis\u00bb Fern\u00e1ndez, Eloy Franklin, Nadia Esmeralda Ochoa Lim\u00f3n, Roberto Ulises Mendoza Padr\u00f3n, Edgar Alejandro Anaya Escobedo, Dolores Eliza Garc\u00eda Rom\u00e1n, Martha Patricia Aradillas Aradillas, Cinthia Ver\u00f3nica Segovia Colunga, Salvador Isais Rodr\u00edguez y Ren\u00e9 Oyarvide Ibarra.<\/p>\n<p>El dictamen ser\u00e1 enviado a la Comisi\u00f3n de Desarrollo Territorial Sustentable, \u00a0posteriormente se turnar\u00e1 al Pleno para su votaci\u00f3n.<\/p>\n<p>++++++++++<\/p>\n<p>CARROCERIAS \u00a0BUSTOS<\/p>\n<p>Reforma y Lerdo de tejada Col. Altavista.<\/p>\n<p>Cd Valles SLP \u00a0Tel. 3824777.<\/p>\n<p>En carrocer\u00edas para camiones y camionetas nadie nos compite.<\/p>\n<p>++++++++++++++<\/p>\n<p>CUAL JUSTICIA \u00a0PRONTA Y \u00a0EXPEDITA.<\/p>\n<p>Al menos \u00a0en los \u00a0\u00a0meses \u00a0recientes \u00a0\u00a0\u00a0las polic\u00edas \u00a0del municipio y \u00a0del estado, redujeron sus \u00edndices \u00a0en abusos \u00a0de autoridad en \u00a0agravio de la ciudadan\u00eda \u00a0\u00a0que \u00a0ya \u00a0teme mas a \u00a0los elementos \u00a0de seguridad p\u00fablica \u00a0que a los delincuentes, \u00a0ahora \u00a0son los Ministerios P\u00fablicos \u00a0de \u00a0la \u00a0delegaci\u00f3n regional los \u00a0mas \u00a0acusados de \u00a0violaci\u00f3n de los derechos humanos, seg\u00fan el reporte que hace la titular de la Segunda Visitadur\u00eda de la Comisi\u00f3n Estatal de Derechos Humanos (CEDH) con sede en Valles, ahora estas faltas las cometen m\u00e1s estos funcionarios \u00a0responsables de la procuraci\u00f3n de justicia a la ciudadan\u00eda.<\/p>\n<p>La \u00a0ciudadan\u00eda \u00a0teme caer \u00a0en manos de un Ministerio P\u00fablico ya sea \u00a0en procuraci\u00f3n de justicia, por \u00a0involucrarse en alg\u00fan accidentes, da\u00f1os a las cosas etc, el menor asunto pasan d\u00edas para ser \u00a0atendido \u00a0y despu\u00e9s \u00a0para procurar la justicia, luego los fiscales \u00a0aduciendo mucho trabajo \u00a0tren \u201cvueltas y vueltas\u201d \u00a0a los quejosos \u00a0que en ocasiones prefieren no \u00a0denunciar un hecho delictivo y en ocasiones \u00a0el quejoso resulta culpable porque la \u201cjusticia tiene precio\u201d \u00a0\u00a0\u00a0por lo que la \u00a0delegaci\u00f3n de los Derechos Humanos \u00a0ha recibido en los meses de junio y \u00a0julio, tres \u00a0denuncias \u00a0por omisi\u00f3n y darle largas a \u00a0los \u00a0asuntos. Los \u00a0fiscales \u00a0aducen que \u00a0carecen de personal suficiente para atender a la ciudadan\u00eda, es \u00a0necesario ampliar el presupuesto \u00a0para \u00a0incrementar las plazas \u00a0en el rengl\u00f3n administrativo y atenci\u00f3n al p\u00fablico.<\/p>\n<p>Los polis municipales y del estado, \u00a0en el mismo periodo \u00a0solamente registraron dos denuncias \u00a0cada \u00a0corporaci\u00f3n, seg\u00fan el informe de la segunda visitadora, Elvira Viggiano Guerra, O \u00a0sea \u00a0que \u00a0los agentes \u00a0ya \u00a0empiezan a comportarse \u00a0conforme a sus \u00a0atribuciones sin \u00a0abusar que son \u201cautorid\u00e1\u201d<\/p>\n<p>En meses \u00a0anteriores \u00a0los \u00a0abusos de la polic\u00eda municipal fueron del orden de casi \u00a0un \u00a0abuso \u00a0de autoridad \u00a0por d\u00eda, aunque \u00a0algunos \u00a0como \u00a0las \u00a0quejas \u00a0contra el que fuera director de polic\u00eda \u00a0\u00a0durante el trienio fallido de Adri\u00e1n Esper, pese a la intervenci\u00f3n de la \u00a0CEDH \u00a0no hubo acci\u00f3n penal \u00a0c otra \u00a0nadie \u00a0de los involucrados \u00a0\u00a0en casos tipificados como abusos.<\/p>\n<p>++++++<\/p>\n<p>El sitio ideal para \u00a0sus fiestas\u2026<\/p>\n<p>\u201cFINCA \u00a0SAN ISIDRO\u201d<\/p>\n<p>Sal\u00f3n para fiestas de todo tipo.<\/p>\n<p>Carretera Valles \u2013 R\u00edo Verde Km. 8<\/p>\n<p>Contrataciones al Tel. 01 481 179 09<\/p>\n<p>Cd. Valles SLP M\u00e9xico.<\/p>\n<p>+++<\/p>\n<p>Y \u00a0quiere \u00a0suceder a David \u00a0Medina.<\/p>\n<p>&nbsp;<\/p>\n<p>REPROBADO EL DIPUTADO LOCAL POR EL XII DISTRITO.<\/p>\n<p>&nbsp;<\/p>\n<p>De acuerdo con el resultado \u00a0de la tercera \u00a0evaluaci\u00f3n \u00a0trimestral \u00a0al interior \u00a0del Poder \u00a0Legislativo \u00a0del estado, realizada por \u00a0la organizaci\u00f3n \u00a0ciudadana Congreso Calificado, solo cuatro diputados \u00a0de los \u00a027 alcanzaron calificaci\u00f3n aprobatoria. Qu\u00e9 \u00a0pena.<\/p>\n<p>&nbsp;<\/p>\n<p>El comunicado difundido la \u00a0semana anterior por la organizaci\u00f3n Congreso Calificado con sede en la \u00a0capital del estado, los diputados con mejor calificaci\u00f3n y desempe\u00f1o en este segundo trimestre fueron: en primer lugar, Eloy Franklin Sarabia con 7.72 puntos (PVEM); en segundo, Emma Idalia Salda\u00f1a Guerrero (MC) con 6.90 puntos; en tercero, Jos\u00e9 Antonio Lorca Valle (<a href=\"https:\/\/www.facebook.com\/hashtag\/morena?__eep__=6&amp;__cft__%5b0%5d=AZUDqA3VM3OQD3nGPGhuGBce6bcWyZaUX6zg7x4kQSV6mhxD-BzHsw12ImRpWUMGOJffYzgYRy5mFhGBYGG_4HlwjdU8uj2KfaHxyCGOPmSvPYF68RVx-Nn70pdzrxqW-S13_zx2doIBFcPOeuNZ4QkHmv9-nsqEM4PXZGSyaWMBiQ&amp;__tn__=*NK-R\"><u>#Morena<\/u><\/a>) con 6.30 puntos; en cuarto, Alejandro Leal Tov\u00edas (PRI) con 6.25 puntos; y en quinto, Roberto Ulises Mendoza Padr\u00f3n (PVEM) con 5.55 puntos.<\/p>\n<p>Los diputados peor evaluados fueron: en antepen\u00faltimo lugar, Mar\u00eda Claudia Trist\u00e1n Alvarado (PANAL) con -0.50 puntos; en pen\u00faltimo, el Vallense por el XII \u00a0distrito \u00a0del PT Ren\u00e9 Oyarvide Ibarra con -2.02 puntos; y en el \u00faltimo sitio, H\u00e9ctor Mauricio Ram\u00edrez Konishi de \u00a0origen priista (sin partido) con -2.50 puntos.<\/p>\n<p>El diputado m\u00e1s faltista fue Edgar Alejandro Anaya Escobedo (PVEM), con 6 inasistencias.<\/p>\n<p>Con 11 retardos, Cuauhtli Fernando Badillo Moreno<u>\u00a0\u00a0<\/u>de Morena fue el legislador m\u00e1s impuntual. El legislador Vallense \u00a0tiene en su haber \u00a0su cumplimiento de entregar la iniciativa del Gobernador del Estado para \u00a0cambiar \u00a0nombres de aquellas escuelas \u00a0que ostentan recuerdos nada \u00a0agradables a la ciudadan\u00eda de pol\u00edticos del pasado. A la fecha no se sabe en que punto va esta iniciativa.<\/p>\n<p>&nbsp;<\/p>\n<p>++++++++<\/p>\n<p>\u201cCAF\u00c9 Y RESTAURANT \u00a0EL FAROLITO\u201d<\/p>\n<p>Lo mejor de la cocina Huasteca; el tradicional zacahuil y cazueladas. \u00a0\u00a0Atendemos toda clase de \u00a0festejos. Pedidos al Tel \u00a03821017 Ciudad Valles SLP.<\/p>\n<p>+++++++++<\/p>\n<p>DE \u00a0\u00a0VOLADA.-<\/p>\n<p>EEUU: \u00a1\u00abdemocracia\u00bb y golpes de Estado!<\/p>\n<p>\u00abDesde el fin de la Segunda Guerra Mundial, EE.UU. ha intervenido para derrocar \u00a1a cincuenta Gobiernos! Y luego se atreven a hablar de democracia y derechos humanos\u00bb (04\/09\/2014).<\/p>\n<p><a href=\"https:\/\/spanish.khamenei.ir\/news\/3545?fbclid=IwAR2aHqlwVnmNFOhtKf1uZRd7Z8XWML7gblueyxynBNKAHw0opXkmH0arKs0\"><u>spanish.khamenei.ir\/news\/3545<\/u><\/a><\/p>\n<p>++++++++++++<\/p>\n<p>ASESORES \u00a0PARA POLITICOS \u2026.<\/p>\n<p>Siguen llegando pol\u00edticos \u00a0al poder \u00a0que \u00a0requieren obligadamente contar \u00a0de \u00a0asesores para \u00a0justificar los millonarios \u00a0gastos \u00a0de \u00a0obras, \u00a0al menos eso es \u00a0lo que \u00a0opina el experimentado pol\u00edtico ex alcalde de Valles \u00a0conocido como JUANJO en alusi\u00f3n directa al mun\u00edcipe actual \u00a0de este municipio que tiene \u00a0asesores ne\u00f3fitos y soberbios, no planifican bien los proyectos y\u00a0sus resultados fallidos est\u00e1n a la vista, \u00a0el mercado GNS, la remodelaci\u00f3n de la plaza \u00a0principal \u00a0y lo que \u00a0sigue\u2026.. Ah pero \u00a0\u00a0el alcalde \u00a0Medina \u00a0\u201cest\u00e1 haciendo bien las cosas, tiene ganas de hacer bien las cosas\u2026pero\u201d \u00a0por fin es o no es.<\/p>\n<p>++++++++<\/p>\n<p>&nbsp;<\/p>\n<p>ENEMIGOS \u00a0DE \u00a0AMLO, ESTAN EQUIVOCADOS\u2026. Unos por ignorancia, otros por resentimiento pol\u00edtico, mas que nada por lo primero, \u00a0culpan al gobierno de AMLO \u00a0de una crisis econ\u00f3mica \u00a0que \u201cpadece \u00a0M\u00e9xico\u201d \u00a0cuando la realidad \u00a0es otra.<\/p>\n<p>&nbsp;<\/p>\n<p>El siguiente texto aparece publicado en un medio especializado a nivel mundial, a nuestro juicio el problema es general pero en el caso de los Estados Unidos Mexicanos \u00a0no pidi\u00f3 prestado al FMI para hacer frente al Covid 19 ni para rescatar empresas \u00a0quebradas o acostumbradas a anteriores gobiernos a \u00a0recibir subsidios por cualquier situaci\u00f3n.<\/p>\n<p>\u201c\u201d\u201d\u201dComo consecuencia de la pandemia de COVID-19, la deuda mundial se ha disparado.<\/p>\n<p><a href=\"https:\/\/twitter.com\/intent\/tweet?text=En+la+actualidad%2C+el+58+%25+de+los+pa%C3%ADses+m%C3%A1s+pobres+del+mundo+se+encuentran+en+situaci%C3%B3n+de+sobreendeudamiento+o+tienen+un+alto+riesgo+de+caer+en+ella&amp;url=https:\/\/blogs.worldbank.org\/es\/voces\/cuando-se-produzcan-las-crisis-de-deuda-no-hay-que-culpar-simplemente-la-pandemia?cid=ECR_FB_worldbank_ES_EXTP\/?cid=SHR_BlogSiteTweetable_ES_EXT&amp;via=Bancomundial\">En la actualidad, el 58 % de los pa\u00edses m\u00e1s pobres del mundo se encuentran en situaci\u00f3n de sobreendeudamiento o tienen un alto riesgo de caer en ella\u00a0<\/a>, y el peligro se est\u00e1 extendiendo tambi\u00e9n a algunos\u00a0<a href=\"https:\/\/www.theguardian.com\/world\/2022\/may\/19\/sri-lanka-defaults-on-debts-for-first-time\"><u>pa\u00edses de ingreso mediano<\/u><\/a>\u00a0(i). La elevada inflaci\u00f3n, el aumento de las tasas de inter\u00e9s y la desaceleraci\u00f3n del crecimiento han\u00a0<a href=\"https:\/\/openknowledge.worldbank.org\/bitstream\/handle\/10986\/37224\/Global-Economic-Prospects-June-2022-Global-Outlook.pdf\">preparado el terreno<\/a><\/p>\n<p>para crisis financieras similares a las que estuvieron sumidas numerosas econom\u00edas en desarrollo a principios de la d\u00e9cada de 1980<\/p>\n<p>Pero ser\u00eda un error culpar a la pandemia si se produjesen esas crisis.<\/p>\n<p>Las semillas se sembraron mucho antes de la COVID-19. Un an\u00e1lisis de una muestra de 65 pa\u00edses en desarrollo indica que, entre 2011 y 2019, la deuda p\u00fablica aument\u00f3 un 18 % del PIB en promedio, y mucho m\u00e1s en varios casos.\u00a0<a href=\"https:\/\/twitter.com\/intent\/tweet?text=En+%C3%81frica+subsahariana%2C+por+ejemplo%2C+la+deuda+aument%C3%B3+un+27+%25+del+PIB+en+promedio.&amp;url=https:\/\/blogs.worldbank.org\/es\/voces\/cuando-se-produzcan-las-crisis-de-deuda-no-hay-que-culpar-simplemente-la-pandemia?cid=ECR_FB_worldbank_ES_EXTP\/?cid=SHR_BlogSiteTweetable_ES_EXT&amp;via=Bancomundial\">En \u00c1frica subsahariana, por ejemplo, la deuda aument\u00f3 un 27 % del PIB en promedio.\u00a0<\/a><\/p>\n<p><a href=\"https:\/\/twitter.com\/intent\/tweet?text=%C2%BFQu%C3%A9+impuls%C3%B3+la+acumulaci%C3%B3n+de+deuda+antes+de+la+COVID-19%3F+Seamos+claros%3A+no+se+trataba+de+sorpresas+econ%C3%B3micas+que+no+pudiesen+haber+sido+previstas+por+los+Gobiernos.&amp;url=https:\/\/blogs.worldbank.org\/es\/voces\/cuando-se-produzcan-las-crisis-de-deuda-no-hay-que-culpar-simplemente-la-pandemia?cid=ECR_FB_worldbank_ES_EXTP\/?cid=SHR_BlogSiteTweetable_ES_EXT&amp;via=Bancomundial\">\u00bfQu\u00e9 impuls\u00f3 la acumulaci\u00f3n de deuda antes\u00a0<\/a><\/p>\n<p>+++++ <a href=\"mailto:davidfloresservicios@hotmail.com\"><u>davidfloresservicios@hotmail.com<\/u><\/a><\/p>\n<p>hasta la pr\u00f3xima semana..<\/p>\n<p>&nbsp;<\/p>\n<p>&nbsp;<\/p>\n<p>&nbsp;<\/p>\n<p>&nbsp;<\/p>\n<p>&nbsp;<\/p>\n<p>&nbsp;<\/p>\n<p>&nbsp;<\/p>\n<p>&nbsp;<\/p>\n<p>&nbsp;<\/p>\n<p>&nbsp;<\/p>\n<p>&nbsp;<\/p>\n<p>&nbsp;<\/p>\n<p>&nbsp;<\/p>\n<p>&nbsp;<\/p>\n<p>&nbsp;<\/p>\n<p>&nbsp;<\/p>\n<p>&nbsp;<\/p>\n<p>&nbsp;<\/p>\n<p>&nbsp;<\/p>\n<p>&nbsp;<\/p>\n<p>&nbsp;<\/p>\n<p>&nbsp;<\/p>\n<p>&nbsp;<\/p>\n<p>&nbsp;<\/p>\n<p>&nbsp;<\/p>\n<p>&nbsp;<\/p>\n<p>&nbsp;<\/p>\n<p>&nbsp;<\/p>\n<p>&nbsp;<\/p>\n<p>&nbsp;<\/p>\n<p>&nbsp;<\/p>\n<p>&nbsp;<\/p>\n<p>&nbsp;<\/p>\n<p>&nbsp;<\/p>\n<p>&nbsp;<\/p>\n<p>&nbsp;<\/p>\n<p>&nbsp;<\/p>\n<p>&nbsp;<\/p>\n","protected":false},"excerpt":{"rendered":"<p>\u00bfEMPIEZA \u00a0LA \u201cCAIDA DE LOS FLOJOS?..\u00a0\u00a0Despu\u00e9s del Informe del gobernador se har\u00e1 el anuncio de nuevos funcionarios.&#8230;\u00a0La \u00a0semana anterior advirti\u00f3 el Secretario de Gobierno.&#8230;..El propio Gobernador del Estado dijo que varios colaboradores \u00a0no estaban respondiendo a la demanda de trabajo que impuso a su gobierno, &hellip; <\/p>\n","protected":false},"author":1,"featured_media":71668,"comment_status":"open","ping_status":"open","sticky":false,"template":"","format":"standard","meta":{"footnotes":""},"categories":[17,4],"tags":[],"class_list":["post-72881","post","type-post","status-publish","format-standard","has-post-thumbnail","hentry","category-colaboraciones","category-inicio"],"_links":{"self":[{"href":"https:\/\/amanecerhuasteco.com\/portal\/wp-json\/wp\/v2\/posts\/72881","targetHints":{"allow":["GET"]}}],"collection":[{"href":"https:\/\/amanecerhuasteco.com\/portal\/wp-json\/wp\/v2\/posts"}],"about":[{"href":"https:\/\/amanecerhuasteco.com\/portal\/wp-json\/wp\/v2\/types\/post"}],"author":[{"embeddable":true,"href":"https:\/\/amanecerhuasteco.com\/portal\/wp-json\/wp\/v2\/users\/1"}],"replies":[{"embeddable":true,"href":"https:\/\/amanecerhuasteco.com\/portal\/wp-json\/wp\/v2\/comments?post=72881"}],"version-history":[{"count":1,"href":"https:\/\/amanecerhuasteco.com\/portal\/wp-json\/wp\/v2\/posts\/72881\/revisions"}],"predecessor-version":[{"id":72882,"href":"https:\/\/amanecerhuasteco.com\/portal\/wp-json\/wp\/v2\/posts\/72881\/revisions\/72882"}],"wp:featuredmedia":[{"embeddable":true,"href":"https:\/\/amanecerhuasteco.com\/portal\/wp-json\/wp\/v2\/media\/71668"}],"wp:attachment":[{"href":"https:\/\/amanecerhuasteco.com\/portal\/wp-json\/wp\/v2\/media?parent=72881"}],"wp:term":[{"taxonomy":"category","embeddable":true,"href":"https:\/\/amanecerhuasteco.com\/portal\/wp-json\/wp\/v2\/categories?post=72881"},{"taxonomy":"post_tag","embeddable":true,"href":"https:\/\/amanecerhuasteco.com\/portal\/wp-json\/wp\/v2\/tags?post=72881"}],"curies":[{"name":"wp","href":"https:\/\/api.w.org\/{rel}","templated":true}]}}