{"id":73509,"date":"2022-09-13T07:34:13","date_gmt":"2022-09-13T13:34:13","guid":{"rendered":"http:\/\/amanecerhuasteco.com\/portal\/?p=73509"},"modified":"2022-09-13T07:34:13","modified_gmt":"2022-09-13T13:34:13","slug":"jucopo-aprobo-modificaciones-en-la-integracion-de-la-directiva-y-la-comision-de-vigilancia","status":"publish","type":"post","link":"https:\/\/amanecerhuasteco.com\/portal\/jucopo-aprobo-modificaciones-en-la-integracion-de-la-directiva-y-la-comision-de-vigilancia\/","title":{"rendered":"JUCOPO aprob\u00f3 modificaciones en la integraci\u00f3n de la directiva y la comisi\u00f3n de vigilancia"},"content":{"rendered":"<p>&nbsp;<\/p>\n<p>El diputado Jos\u00e9 Luis Fern\u00e1ndez Mart\u00ednez, presidente de la Junta de Coordinaci\u00f3n Pol\u00edtica (JUCOPO), inform\u00f3 que en reuni\u00f3n de trabajo se acordaron modificaciones a la integraci\u00f3n de la Directiva y de la Comisi\u00f3n de Vigilancia.<br \/>\nInform\u00f3 que, con fundamento en los art\u00edculos 62, 63 y 82 fracci\u00f3n III, inciso a) de la Ley Org\u00e1nica del Poder Legislativo, se propone al Pleno, la integraci\u00f3n de la Directiva que fungir\u00e1 durante el primer periodo ordinario de sesiones del segundo a\u00f1o legislativo, quedar\u00e1 integrada por:<br \/>\nDiputada Mar\u00eda Ar\u00e1nzazu Puente Bustindui, presidenta; diputada Cinthia Ver\u00f3nica Segovia Colunga, primer vecepresidenta; diputada Yolanda Josefina Cepeda Echavarr\u00eda, segunda vicepresidenta; diputada Emma Idalia Salda\u00f1a Guerrero, primera secretaria; diputada Nadia Esmeralda Ochoa Lim\u00f3n, segunda secretaria; diputada Gabriela Mart\u00ednez L\u00e1rraga, primera prosecretaria; diputada Lidia Nallely Vargas Hern\u00e1ndez, segunda prosecretaria.<br \/>\nEl diputado Jos\u00e9 Luis Fern\u00e1ndez inform\u00f3 que, en el caso de la presidencia de la Directiva, en el segundo periodo ordinario de sesiones se tendr\u00eda que hacer una renovaci\u00f3n, debido a que la fracci\u00f3n parlamentaria del Partido Acci\u00f3n Nacional (PAN), asumir\u00eda la presidencia de la Junta de Coordinaci\u00f3n Pol\u00edtica.<br \/>\nAsimismo inform\u00f3 que, con fundamento en los art\u00edculos 82 fracci\u00f3n III, inciso a) y 91 de la Ley Org\u00e1nica del Poder Legislativo, se propone al Pleno, la reestructuraci\u00f3n de la Comisi\u00f3n de Vigilancia para el segundo a\u00f1o legislativo, para quedar como sigue:<br \/>\nDiputado Ren\u00e9 Oyarvide Ibarra, presidente; diputada Liliana Guadalupe Flores Almaz\u00e1n, vicepresidenta; diputado Edmundo Azael Torrescano Medina, secretario; diputada Martha Patricia Aradillas Aradillas, primer vocal; Jos\u00e9 Antonio Lorca Valle, segundo vocal; Bernarda Reyes Hern\u00e1ndez, tercer vocal; Roberto Ulises Mendoza Padr\u00f3n, cuarto vocal.<br \/>\nEl diputado Fern\u00e1ndez Mart\u00ednez inform\u00f3 que, las propuestas ser\u00e1n planteadas ante el Pleno del Congreso del Estado para su votaci\u00f3n.<\/p>\n","protected":false},"excerpt":{"rendered":"<p>&nbsp; El diputado Jos\u00e9 Luis Fern\u00e1ndez Mart\u00ednez, presidente de la Junta de Coordinaci\u00f3n Pol\u00edtica (JUCOPO), inform\u00f3 que en reuni\u00f3n de trabajo se acordaron modificaciones a la integraci\u00f3n de la Directiva y de la Comisi\u00f3n de Vigilancia. Inform\u00f3 que, con fundamento en los art\u00edculos 62, 63 &hellip; <\/p>\n","protected":false},"author":1,"featured_media":73510,"comment_status":"open","ping_status":"open","sticky":false,"template":"","format":"standard","meta":{"footnotes":""},"categories":[23,11,4],"tags":[],"class_list":["post-73509","post","type-post","status-publish","format-standard","has-post-thumbnail","hentry","category-congreso","category-estado","category-inicio"],"_links":{"self":[{"href":"https:\/\/amanecerhuasteco.com\/portal\/wp-json\/wp\/v2\/posts\/73509","targetHints":{"allow":["GET"]}}],"collection":[{"href":"https:\/\/amanecerhuasteco.com\/portal\/wp-json\/wp\/v2\/posts"}],"about":[{"href":"https:\/\/amanecerhuasteco.com\/portal\/wp-json\/wp\/v2\/types\/post"}],"author":[{"embeddable":true,"href":"https:\/\/amanecerhuasteco.com\/portal\/wp-json\/wp\/v2\/users\/1"}],"replies":[{"embeddable":true,"href":"https:\/\/amanecerhuasteco.com\/portal\/wp-json\/wp\/v2\/comments?post=73509"}],"version-history":[{"count":1,"href":"https:\/\/amanecerhuasteco.com\/portal\/wp-json\/wp\/v2\/posts\/73509\/revisions"}],"predecessor-version":[{"id":73511,"href":"https:\/\/amanecerhuasteco.com\/portal\/wp-json\/wp\/v2\/posts\/73509\/revisions\/73511"}],"wp:featuredmedia":[{"embeddable":true,"href":"https:\/\/amanecerhuasteco.com\/portal\/wp-json\/wp\/v2\/media\/73510"}],"wp:attachment":[{"href":"https:\/\/amanecerhuasteco.com\/portal\/wp-json\/wp\/v2\/media?parent=73509"}],"wp:term":[{"taxonomy":"category","embeddable":true,"href":"https:\/\/amanecerhuasteco.com\/portal\/wp-json\/wp\/v2\/categories?post=73509"},{"taxonomy":"post_tag","embeddable":true,"href":"https:\/\/amanecerhuasteco.com\/portal\/wp-json\/wp\/v2\/tags?post=73509"}],"curies":[{"name":"wp","href":"https:\/\/api.w.org\/{rel}","templated":true}]}}