{"id":73521,"date":"2022-09-13T07:44:29","date_gmt":"2022-09-13T13:44:29","guid":{"rendered":"http:\/\/amanecerhuasteco.com\/portal\/?p=73521"},"modified":"2022-09-13T07:44:29","modified_gmt":"2022-09-13T13:44:29","slug":"comision-vigilancia-del-congreso-recibe-informe-final-de-la-auditoria-al-capitulo-1000-que-realizo-la-unidad-de-evaluacion-y-control-uec-a-la-ase","status":"publish","type":"post","link":"https:\/\/amanecerhuasteco.com\/portal\/comision-vigilancia-del-congreso-recibe-informe-final-de-la-auditoria-al-capitulo-1000-que-realizo-la-unidad-de-evaluacion-y-control-uec-a-la-ase\/","title":{"rendered":"Comisi\u00f3n Vigilancia del Congreso, recibe informe final de la auditor\u00eda al cap\u00edtulo 1000 que realiz\u00f3 la unidad de evaluaci\u00f3n y control UEC a la ASE"},"content":{"rendered":"<div class=\"\" dir=\"auto\">\n<div id=\"jsc_c_14z\" class=\"d2hqwtrz r227ecj6 ez8dtbzv gt60zsk1\" data-ad-comet-preview=\"message\" data-ad-preview=\"message\">\n<div class=\"alzwoclg cqf1kptm siwo0mpr gu5uzgus\">\n<div class=\"jroqu855 nthtkgg5\">\n<div class=\"m8h3af8h l7ghb35v kjdc1dyq kmwttqpk gh25dzvf n3t5jt4f\">\n<div dir=\"auto\"><\/div>\n<\/div>\n<div class=\"l7ghb35v kjdc1dyq kmwttqpk gh25dzvf jikcssrz n3t5jt4f\">\n<div dir=\"auto\">-LA DIP. MARTHA PATRICIA ARADILLAS AFIRM\u00d3 QUE SE LOGRARON LOS OBJETIVOS EN EL A\u00d1O QUE PRESIDI\u00d3 LA COMISI\u00d3N<\/div>\n<\/div>\n<div class=\"l7ghb35v kjdc1dyq kmwttqpk gh25dzvf jikcssrz n3t5jt4f\">\n<div dir=\"auto\"><\/div>\n<div dir=\"auto\">San Luis Potos\u00ed.- Las y los integrantes de la Comisi\u00f3n de Vigilancia del Congreso del Estado, recibieron el informe final de la auditor\u00eda al Cap\u00edtulo 1000 que realiz\u00f3 la Unidad de Evaluaci\u00f3n y Control (UEC) a la Auditor\u00eda Superior del Estado y acordaron darle vista al \u00f3rgano interno de control para su puntual seguimiento.<\/div>\n<\/div>\n<div class=\"l7ghb35v kjdc1dyq kmwttqpk gh25dzvf jikcssrz n3t5jt4f\">\n<div dir=\"auto\">La diputada Martha Patricia Aradillas Aradillas presidi\u00f3 la \u00faltima reuni\u00f3n como presidenta de la Comisi\u00f3n y dijo que en este a\u00f1o que termina, se realiz\u00f3 un trabajo serio, a fondo y de trabajo para abatir el rezago y atender temas de gran relevancia a favor de la fiscalizaci\u00f3n y rendici\u00f3n de cuentas.<\/div>\n<\/div>\n<div class=\"l7ghb35v kjdc1dyq kmwttqpk gh25dzvf jikcssrz n3t5jt4f\">\n<div dir=\"auto\">Dio a conocer que la titular de la UEC Lorena Palomo Colunga present\u00f3 el informe final de auditor\u00eda al cap\u00edtulo 1000 que corresponde a la n\u00f3mina del personal contratado bajo diversas modalidades, sus funciones, perfiles, responsabilidades, estatus y dem\u00e1s datos administrativos que se obtuvieron.<\/div>\n<\/div>\n<div class=\"l7ghb35v kjdc1dyq kmwttqpk gh25dzvf jikcssrz n3t5jt4f\">\n<div dir=\"auto\">Tambi\u00e9n fue presentado el proyecto de la p\u00e1gina electr\u00f3nica de la UEC, que tiene el objetivo de abrir una comunicaci\u00f3n directa con la ciudadan\u00eda, para que est\u00e9 informada no solamente de las actividades del \u00f3rgano de apoyo de la Comisi\u00f3n de Vigilancia, sino que pueda presentar denuncias y dar seguimiento a temas diversos.<\/div>\n<\/div>\n<div class=\"l7ghb35v kjdc1dyq kmwttqpk gh25dzvf jikcssrz n3t5jt4f\">\n<div dir=\"auto\">Las diputadas Liliana Flores, Aranzaz\u00fa Puente y Bernarda Reyes coincidieron en que el informe ser\u00e1 enviado al \u00f3rgano interno de control de la ASE para que le d\u00e9 seguimiento a las observaciones realizadas; afirmaron que el compromiso es solamente con los ciudadanos y con nadie m\u00e1s.<\/div>\n<\/div>\n<div class=\"l7ghb35v kjdc1dyq kmwttqpk gh25dzvf jikcssrz n3t5jt4f\">\n<div dir=\"auto\">Los legisladores Edmundo Torrescano y Jos\u00e9 Antonio Lorca manifestaron que el trabajo de la UEC servir\u00e1 como base para resolver problemas de fondo que existen en la Auditor\u00eda Superior del Estado, donde han encontrado disposici\u00f3n y apertura total para mejorar su funcionamiento.<\/div>\n<\/div>\n<div class=\"l7ghb35v kjdc1dyq kmwttqpk gh25dzvf jikcssrz n3t5jt4f\">\n<div dir=\"auto\">La encargada de despacho de la ASE Edith Virginia Mu\u00f1oz Guti\u00e9rrez manifest\u00f3 que el plan de trabajo se ha implementado desde el primer d\u00eda que asumi\u00f3 el encargo, resolviendo los serios problemas internos que recibimos, enfrentando los retos y trabajando para mejorar la fiscalizaci\u00f3n.<\/div>\n<\/div>\n<div class=\"l7ghb35v kjdc1dyq kmwttqpk gh25dzvf jikcssrz n3t5jt4f\">\n<div dir=\"auto\">Primero tomamos medidas en lo interno para despu\u00e9s reflejar los cambios en lo externo; hubo reducci\u00f3n de personal, trabajamos en los manuales y en los lineamientos; hay trabajadores con 75 a\u00f1os de edad y debemos jubilarlos; hay que actualizar el software, comprar una nube para almacenar toda la informaci\u00f3n, estamos trabajando con lo que tenemos de recursos.<\/div>\n<\/div>\n<div class=\"l7ghb35v kjdc1dyq kmwttqpk gh25dzvf jikcssrz n3t5jt4f\">\n<div dir=\"auto\">A\u00f1adi\u00f3 Mu\u00f1oz Guti\u00e9rrez que heredamos un adeudo de retenci\u00f3n del ISR por 30 millones de pesos, es decir, se le descont\u00f3 a los trabajadores pero no se pag\u00f3 y gracias a la gesti\u00f3n y apoyo, en agosto pasado hicimos el primer pago de 7 millones de pesos. Record\u00f3 que la ASE cubre el costo del \u00f3rgano interno de control, que le representa 10 millones de pesos.<\/div>\n<\/div>\n<div class=\"l7ghb35v kjdc1dyq kmwttqpk gh25dzvf jikcssrz n3t5jt4f\">\n<div dir=\"auto\">El auditor especial jur\u00eddico Miguel \u00c1ngel M\u00e9ndez dijo que se han alcanzado negociaciones con ex trabajadores que demandaron y antes de que se emita un laudo, se lograron acuerdos para el pago de cantidades menores a las proyectadas; adem\u00e1s, en 2023 estima que 15 trabajadores ser\u00e1n jubilados.<\/div>\n<\/div>\n<div class=\"l7ghb35v kjdc1dyq kmwttqpk gh25dzvf jikcssrz n3t5jt4f\">\n<div dir=\"auto\">La diputada Martha Patricia Aradillas expuso que en el a\u00f1o que fungi\u00f3 como presidenta de la Comisi\u00f3n de Vigilancia, se obtuvieron grandes logros porque el compromiso fue dar resultados; dejo la presidencia de la Comisi\u00f3n contenta, se\u00f1al\u00f3.<\/div>\n<\/div>\n<\/div>\n<\/div>\n<\/div>\n<\/div>\n<div id=\"jsc_c_150\" class=\"om3e55n1\"><\/div>\n","protected":false},"excerpt":{"rendered":"<p>-LA DIP. MARTHA PATRICIA ARADILLAS AFIRM\u00d3 QUE SE LOGRARON LOS OBJETIVOS EN EL A\u00d1O QUE PRESIDI\u00d3 LA COMISI\u00d3N San Luis Potos\u00ed.- Las y los integrantes de la Comisi\u00f3n de Vigilancia del Congreso del Estado, recibieron el informe final de la auditor\u00eda al Cap\u00edtulo 1000 que &hellip; <\/p>\n","protected":false},"author":1,"featured_media":73522,"comment_status":"open","ping_status":"open","sticky":false,"template":"","format":"standard","meta":{"footnotes":""},"categories":[7,23,11,4,12],"tags":[],"class_list":["post-73521","post","type-post","status-publish","format-standard","has-post-thumbnail","hentry","category-ciudad","category-congreso","category-estado","category-inicio","category-nacional"],"_links":{"self":[{"href":"https:\/\/amanecerhuasteco.com\/portal\/wp-json\/wp\/v2\/posts\/73521","targetHints":{"allow":["GET"]}}],"collection":[{"href":"https:\/\/amanecerhuasteco.com\/portal\/wp-json\/wp\/v2\/posts"}],"about":[{"href":"https:\/\/amanecerhuasteco.com\/portal\/wp-json\/wp\/v2\/types\/post"}],"author":[{"embeddable":true,"href":"https:\/\/amanecerhuasteco.com\/portal\/wp-json\/wp\/v2\/users\/1"}],"replies":[{"embeddable":true,"href":"https:\/\/amanecerhuasteco.com\/portal\/wp-json\/wp\/v2\/comments?post=73521"}],"version-history":[{"count":1,"href":"https:\/\/amanecerhuasteco.com\/portal\/wp-json\/wp\/v2\/posts\/73521\/revisions"}],"predecessor-version":[{"id":73523,"href":"https:\/\/amanecerhuasteco.com\/portal\/wp-json\/wp\/v2\/posts\/73521\/revisions\/73523"}],"wp:featuredmedia":[{"embeddable":true,"href":"https:\/\/amanecerhuasteco.com\/portal\/wp-json\/wp\/v2\/media\/73522"}],"wp:attachment":[{"href":"https:\/\/amanecerhuasteco.com\/portal\/wp-json\/wp\/v2\/media?parent=73521"}],"wp:term":[{"taxonomy":"category","embeddable":true,"href":"https:\/\/amanecerhuasteco.com\/portal\/wp-json\/wp\/v2\/categories?post=73521"},{"taxonomy":"post_tag","embeddable":true,"href":"https:\/\/amanecerhuasteco.com\/portal\/wp-json\/wp\/v2\/tags?post=73521"}],"curies":[{"name":"wp","href":"https:\/\/api.w.org\/{rel}","templated":true}]}}