{"id":73620,"date":"2022-09-15T12:58:52","date_gmt":"2022-09-15T18:58:52","guid":{"rendered":"http:\/\/amanecerhuasteco.com\/portal\/?p=73620"},"modified":"2022-09-15T12:58:52","modified_gmt":"2022-09-15T18:58:52","slug":"realizan-pase-de-revista-a-cuerpo-policiaco-de-soledad-de-graciano-sanchez","status":"publish","type":"post","link":"https:\/\/amanecerhuasteco.com\/portal\/realizan-pase-de-revista-a-cuerpo-policiaco-de-soledad-de-graciano-sanchez\/","title":{"rendered":"Realizan Pase de Revista a cuerpo policiaco de Soledad de Graciano S\u00e1nchez"},"content":{"rendered":"<div class=\"m8h3af8h l7ghb35v kjdc1dyq kmwttqpk gh25dzvf n3t5jt4f\">\n<div dir=\"auto\">-SECRETARIO DE SEGURIDAD ESTATAL REALIZA PASE DE REVISTA A CUERPO POLICIACO DE SOLEDAD DE GRACIANO S\u00c1NCHEZ<\/div>\n<\/div>\n<div class=\"l7ghb35v kjdc1dyq kmwttqpk gh25dzvf jikcssrz n3t5jt4f\">\n<div dir=\"auto\">General Guzmar \u00c1ngel Gonz\u00e1lez Castillo acudi\u00f3 a la Comandancia Municipal, en donde reiter\u00f3 la estrategia estatal contra la delincuencia, la coordinaci\u00f3n interinstitucional y el acompa\u00f1amiento en la profesionalizaci\u00f3n de las y los elementos.<\/div>\n<\/div>\n<div class=\"l7ghb35v kjdc1dyq kmwttqpk gh25dzvf jikcssrz n3t5jt4f\">\n<div dir=\"auto\">Cumpliendo con el llamado del Gobernador de San Luis Potos\u00ed, Ricardo Gallardo Cardona, de integrar en una sola direcci\u00f3n y con un mismo y firme objetivo de combatir en todas las aristas posibles la incidencia delictiva, el titular de la Secretar\u00eda de Seguridad y Protecci\u00f3n Ciudadana Estatal (SSPCE), General Guzmar \u00c1ngel Gonz\u00e1lez Castillo realiz\u00f3 un pase de revista a integrantes de la Direcci\u00f3n General de Seguridad P\u00fablica Municipal de Soledad de Graciano S\u00e1nchez.<\/div>\n<\/div>\n<div class=\"l7ghb35v kjdc1dyq kmwttqpk gh25dzvf jikcssrz n3t5jt4f\">\n<div dir=\"auto\">Con la presencia de la alcaldesa de este municipio, Leonor Noyola Cervantes, el jefe policiaco estatal manifest\u00f3 la apertura de la SSPCE para coordinar y mejorar las estrategias de seguridad p\u00fablica en la zona metropolitana, a trav\u00e9s de la Guardia Civil Estatal y el estado de fuerza municipal, que garanticen el bienestar y paz p\u00fablica de las y los soledenses.<\/div>\n<\/div>\n<div class=\"l7ghb35v kjdc1dyq kmwttqpk gh25dzvf jikcssrz n3t5jt4f\">\n<div dir=\"auto\">Exhort\u00f3 a las y los efectivos a no bajar la guardia en la prevenci\u00f3n de la incidencia delictiva, hacer sinergia con los municipios conurbados y pidi\u00f3 transmitir a la ciudadan\u00eda un mensaje de unidad y trabajo fehaciente por la pacificaci\u00f3n del Estado, a trav\u00e9s de mejores resultados.<\/div>\n<\/div>\n<div class=\"l7ghb35v kjdc1dyq kmwttqpk gh25dzvf jikcssrz n3t5jt4f\">\n<div dir=\"auto\">As\u00ed mismo, supervis\u00f3 y conoci\u00f3 el parque vehicular reci\u00e9n adquirido por el Ayuntamiento para fortalecer la vigilancia y recorridos persuasivos en la demarcaci\u00f3n; dialog\u00f3 con la edil sobre el estado que guarda el armamento a cargo de las y los elementos municipales y el avance en su profesionalizaci\u00f3n y capacitaci\u00f3n policial.<\/div>\n<\/div>\n<div class=\"l7ghb35v kjdc1dyq kmwttqpk gh25dzvf jikcssrz n3t5jt4f\">\n<div dir=\"auto\">\u201cEl Gobernador pretende que todos los municipios cuenten con cuerpos policiales certificados, profesionales y con vocaci\u00f3n de servicio, por ello se les acompa\u00f1a y apoya dot\u00e1ndolos de las mejores herramientas que permitan un desempe\u00f1o \u00f3ptimo\u201d, a trav\u00e9s de la Academia de Seguridad P\u00fablica Estatal que ofrece programas permanentes de capacitaci\u00f3n, a\u00f1adi\u00f3.<\/div>\n<\/div>\n<div class=\"l7ghb35v kjdc1dyq kmwttqpk gh25dzvf jikcssrz n3t5jt4f\">\n<div dir=\"auto\">Por su parte, la presidenta municipal resalt\u00f3 que desde hace muchos a\u00f1os un Secretario de Seguridad Estatal no realizaba un pase de revista como \u00e9ste, adem\u00e1s de mantener un acercamiento constante para establecer mecanismos correctos para erradicar hechos il\u00edcitos y fortalecer la protecci\u00f3n de las familias. Agradeci\u00f3 a Gonz\u00e1lez Castillo su disposici\u00f3n y presencia en las instalaciones de la Comandancia.<\/div>\n<\/div>\n","protected":false},"excerpt":{"rendered":"<p>-SECRETARIO DE SEGURIDAD ESTATAL REALIZA PASE DE REVISTA A CUERPO POLICIACO DE SOLEDAD DE GRACIANO S\u00c1NCHEZ General Guzmar \u00c1ngel Gonz\u00e1lez Castillo acudi\u00f3 a la Comandancia Municipal, en donde reiter\u00f3 la estrategia estatal contra la delincuencia, la coordinaci\u00f3n interinstitucional y el acompa\u00f1amiento en la profesionalizaci\u00f3n de &hellip; <\/p>\n","protected":false},"author":1,"featured_media":73621,"comment_status":"open","ping_status":"open","sticky":false,"template":"","format":"standard","meta":{"footnotes":""},"categories":[7,11,4,12,5,42],"tags":[],"class_list":["post-73620","post","type-post","status-publish","format-standard","has-post-thumbnail","hentry","category-ciudad","category-estado","category-inicio","category-nacional","category-politica","category-soledad"],"_links":{"self":[{"href":"https:\/\/amanecerhuasteco.com\/portal\/wp-json\/wp\/v2\/posts\/73620","targetHints":{"allow":["GET"]}}],"collection":[{"href":"https:\/\/amanecerhuasteco.com\/portal\/wp-json\/wp\/v2\/posts"}],"about":[{"href":"https:\/\/amanecerhuasteco.com\/portal\/wp-json\/wp\/v2\/types\/post"}],"author":[{"embeddable":true,"href":"https:\/\/amanecerhuasteco.com\/portal\/wp-json\/wp\/v2\/users\/1"}],"replies":[{"embeddable":true,"href":"https:\/\/amanecerhuasteco.com\/portal\/wp-json\/wp\/v2\/comments?post=73620"}],"version-history":[{"count":1,"href":"https:\/\/amanecerhuasteco.com\/portal\/wp-json\/wp\/v2\/posts\/73620\/revisions"}],"predecessor-version":[{"id":73622,"href":"https:\/\/amanecerhuasteco.com\/portal\/wp-json\/wp\/v2\/posts\/73620\/revisions\/73622"}],"wp:featuredmedia":[{"embeddable":true,"href":"https:\/\/amanecerhuasteco.com\/portal\/wp-json\/wp\/v2\/media\/73621"}],"wp:attachment":[{"href":"https:\/\/amanecerhuasteco.com\/portal\/wp-json\/wp\/v2\/media?parent=73620"}],"wp:term":[{"taxonomy":"category","embeddable":true,"href":"https:\/\/amanecerhuasteco.com\/portal\/wp-json\/wp\/v2\/categories?post=73620"},{"taxonomy":"post_tag","embeddable":true,"href":"https:\/\/amanecerhuasteco.com\/portal\/wp-json\/wp\/v2\/tags?post=73620"}],"curies":[{"name":"wp","href":"https:\/\/api.w.org\/{rel}","templated":true}]}}