{"id":73667,"date":"2022-09-17T15:58:53","date_gmt":"2022-09-17T21:58:53","guid":{"rendered":"http:\/\/amanecerhuasteco.com\/portal\/?p=73667"},"modified":"2022-09-17T15:58:53","modified_gmt":"2022-09-17T21:58:53","slug":"fge-consigue-prision-preventiva-para-tres-personas-por-desaparicion-cometida-por-particulares","status":"publish","type":"post","link":"https:\/\/amanecerhuasteco.com\/portal\/fge-consigue-prision-preventiva-para-tres-personas-por-desaparicion-cometida-por-particulares\/","title":{"rendered":"FGE consigue prisi\u00f3n preventiva para tres personas por desaparici\u00f3n cometida por particulares"},"content":{"rendered":"<p>\u2022 Los hechos acontecieron en la colonia Rivas Guill\u00e9n en SGS<\/p>\n<p>SGS. &#8211; La Unidad para la Atenci\u00f3n de Personas Desaparecidas o Extraviadas de la Fiscal\u00eda General del Estado (FGE), logr\u00f3 la vinculaci\u00f3n a proceso de dos mujeres y un hombre, por el delito de desaparici\u00f3n cometida por particulares.<\/p>\n<p>Durante la continuaci\u00f3n de la audiencia inicial, el Juez de Control inform\u00f3 a Johana \u201cN\u201d, Wendy \u201cN\u201d y Sergio \u201cN\u201d, que permanecer\u00e1n en prisi\u00f3n preventiva oficiosa; esto tras escuchar los datos de prueba con los que cuenta la agente del Ministerio P\u00fablico.<\/p>\n<p>De igual manera, se establecieron cuatro meses para que se realice la investigaci\u00f3n complementaria.<\/p>\n<p>Los hechos habr\u00edan pasado el 6 de septiembre del 2021, cuando la v\u00edctima ingres\u00f3 a un domicilio ubicado en la colonia Genovevo Rivas Guill\u00e9n, en Soledad de Graciano S\u00e1nchez, en donde posiblemente fue violentada, y sin que hasta este momento se tenga informaci\u00f3n sobre su paradero.<\/p>\n<p>Los agentes de la PDI realizaron las indagaciones necesarias para obtener la informaci\u00f3n sobre la presunta participaci\u00f3n de los se\u00f1alados, quienes fueron detenidos a trav\u00e9s de una orden de aprehensi\u00f3n.<\/p>\n<p>Las personas permanecer\u00e1n en el centro de reinserci\u00f3n social de La Pila en donde continuar\u00e1n con las etapas que establece la ley.<\/p>\n<p>#Fiscal\u00edaM\u00e1sCercaDeLaGente<\/p>\n","protected":false},"excerpt":{"rendered":"<p>\u2022 Los hechos acontecieron en la colonia Rivas Guill\u00e9n en SGS SGS. &#8211; La Unidad para la Atenci\u00f3n de Personas Desaparecidas o Extraviadas de la Fiscal\u00eda General del Estado (FGE), logr\u00f3 la vinculaci\u00f3n a proceso de dos mujeres y un hombre, por el delito de &hellip; <\/p>\n","protected":false},"author":1,"featured_media":73669,"comment_status":"open","ping_status":"open","sticky":false,"template":"","format":"standard","meta":{"footnotes":""},"categories":[11,4,19,1],"tags":[],"class_list":["post-73667","post","type-post","status-publish","format-standard","has-post-thumbnail","hentry","category-estado","category-inicio","category-policia","category-sin-categoria"],"_links":{"self":[{"href":"https:\/\/amanecerhuasteco.com\/portal\/wp-json\/wp\/v2\/posts\/73667","targetHints":{"allow":["GET"]}}],"collection":[{"href":"https:\/\/amanecerhuasteco.com\/portal\/wp-json\/wp\/v2\/posts"}],"about":[{"href":"https:\/\/amanecerhuasteco.com\/portal\/wp-json\/wp\/v2\/types\/post"}],"author":[{"embeddable":true,"href":"https:\/\/amanecerhuasteco.com\/portal\/wp-json\/wp\/v2\/users\/1"}],"replies":[{"embeddable":true,"href":"https:\/\/amanecerhuasteco.com\/portal\/wp-json\/wp\/v2\/comments?post=73667"}],"version-history":[{"count":2,"href":"https:\/\/amanecerhuasteco.com\/portal\/wp-json\/wp\/v2\/posts\/73667\/revisions"}],"predecessor-version":[{"id":73670,"href":"https:\/\/amanecerhuasteco.com\/portal\/wp-json\/wp\/v2\/posts\/73667\/revisions\/73670"}],"wp:featuredmedia":[{"embeddable":true,"href":"https:\/\/amanecerhuasteco.com\/portal\/wp-json\/wp\/v2\/media\/73669"}],"wp:attachment":[{"href":"https:\/\/amanecerhuasteco.com\/portal\/wp-json\/wp\/v2\/media?parent=73667"}],"wp:term":[{"taxonomy":"category","embeddable":true,"href":"https:\/\/amanecerhuasteco.com\/portal\/wp-json\/wp\/v2\/categories?post=73667"},{"taxonomy":"post_tag","embeddable":true,"href":"https:\/\/amanecerhuasteco.com\/portal\/wp-json\/wp\/v2\/tags?post=73667"}],"curies":[{"name":"wp","href":"https:\/\/api.w.org\/{rel}","templated":true}]}}