{"id":73910,"date":"2022-09-22T07:26:47","date_gmt":"2022-09-22T13:26:47","guid":{"rendered":"http:\/\/amanecerhuasteco.com\/portal\/?p=73910"},"modified":"2022-09-22T07:26:47","modified_gmt":"2022-09-22T13:26:47","slug":"facultad-de-agronomia-y-veterinaria-de-la-uaslp-presente-en-el-segundo-seminario-riares-en-colombia","status":"publish","type":"post","link":"https:\/\/amanecerhuasteco.com\/portal\/facultad-de-agronomia-y-veterinaria-de-la-uaslp-presente-en-el-segundo-seminario-riares-en-colombia\/","title":{"rendered":"Facultad de Agronom\u00eda y Veterinaria de la UASLP, presente en el Segundo Seminario RIARES en Colombia\u00a0  \u00a0"},"content":{"rendered":"<p class=\"x_MsoNormal\">\n<p class=\"x_MsoNormal\"><span class=\"x_ContentPasted0\">Despu\u00e9s de que se realiz\u00f3 en San Luis Potos\u00ed, el Primer Seminario de la Red Iberoamericana de Agricultura Resiliente, Equitativa y Sostenible (RIARES), el cuerpo acad\u00e9mico de Sistemas de Producci\u00f3n en Ambientes Controlados de la Facultad, formar\u00e1 parte del del Segundo Seminario, \u201cUso sostenible de los recursos agr\u00edcolas, biotecnolog\u00eda y seguridad agroambiental\u201d, que tendr\u00e1 lugar del 26 al 29 de octubre de 2022, en la Universidad Pedag\u00f3gica y Tecnol\u00f3gica de Colombia, en Tunja Boyac\u00e1.\u00a0<\/span><\/p>\n<p class=\"x_MsoNormal\">\n<p class=\"x_MsoNormal\"><span class=\"x_ContentPasted0\">Lo anterior fue dado a conocer por la doctora Mar\u00eda Fernando Quintero Castellanos, investigadora de la Facultad de Agronom\u00eda y Veterinaria de la UASLP, y responsable de RIARES, M\u00e9xico, quien inform\u00f3 que en el evento participan universidad y empresas de Colombia, Chile, M\u00e9xico y Espa\u00f1a y su objetivo principal es fomentar la cooperaci\u00f3n internacional entre los investigadores de las instituciones participantes, concentrando sus esfuerzos para conseguir mayor impacto en el desarrollo de una agricultura sostenible con capacidad de hacer frente a las desigualdades, a los efectos de la pandemia y al cambio clim\u00e1tico.\u00a0<\/span><\/p>\n<p class=\"x_MsoNormal\">\n<p class=\"x_MsoNormal\"><span class=\"x_ContentPasted0\">Estos seminarios forman parte de las acciones que est\u00e1 realizando la Red RIARES, la cual fue aprobada por el Programa para el Fortalecimiento de los Sistemas Cient\u00edficos en Iberoam\u00e9rica (FORCYT), de la Organizaci\u00f3n de Estados Iberoamericanos de la Uni\u00f3n Europea.\u00a0<\/span><\/p>\n<p class=\"x_MsoNormal\">\n<p class=\"x_MsoNormal\"><span class=\"x_ContentPasted0\">De igual manera, la doctora Mar\u00eda Fernando Quintero Castellanos record\u00f3 que la UASLP a trav\u00e9s de la Facultad de Agronom\u00eda y Veterinaria, fue sede de este importante evento y en donde se presentaron 70 trabajos (232 asistentes, 182 coautores y 30 organizadores) de 11 pa\u00edses.\u00a0<\/span><\/p>\n<p class=\"x_MsoNormal\">\n<p class=\"x_MsoNormal\"><span class=\"x_ContentPasted0\">La inscripci\u00f3n para el Segundo Seminario RIARES es gratuita y se realiza a trav\u00e9s de la Web RIARES en el siguiente enlace: http:\/\/www2.ual.es\/riares\/inscripcion-al-primer-seminario-riares\/.\u00a0<\/span><\/p>\n<p class=\"x_MsoNormal\">\n<p class=\"x_MsoNormal\"><span class=\"x_ContentPasted0\">Para mayores informes e inscripciones, sobre esta red y el seminario en la p\u00e1gina, pueden acceder a la p\u00e1gina http:\/\/www2.ual.es\/riares\/. O bien, se puede contactar a la doctora Mar\u00eda Fernanda Quintero Castellanos, a trav\u00e9s del correo\u00a0<a id=\"LPlnk375456\" class=\"x_ContentPasted0\" href=\"mailto:maria.quintero@uaslp.mx\" target=\"_blank\" rel=\"noopener noreferrer\" data-auth=\"NotApplicable\" data-linkindex=\"0\">maria.quintero@uaslp.mx<\/a>.\u00a0\u00a0\u00a0<\/span><\/p>\n<p class=\"x_MsoNormal\"><b>\u00a0<\/b><\/p>\n","protected":false},"excerpt":{"rendered":"<p>Despu\u00e9s de que se realiz\u00f3 en San Luis Potos\u00ed, el Primer Seminario de la Red Iberoamericana de Agricultura Resiliente, Equitativa y Sostenible (RIARES), el cuerpo acad\u00e9mico de Sistemas de Producci\u00f3n en Ambientes Controlados de la Facultad, formar\u00e1 parte del del Segundo Seminario, \u201cUso sostenible de &hellip; <\/p>\n","protected":false},"author":1,"featured_media":73911,"comment_status":"open","ping_status":"open","sticky":false,"template":"","format":"standard","meta":{"footnotes":""},"categories":[7,11,4,12],"tags":[],"class_list":["post-73910","post","type-post","status-publish","format-standard","has-post-thumbnail","hentry","category-ciudad","category-estado","category-inicio","category-nacional"],"_links":{"self":[{"href":"https:\/\/amanecerhuasteco.com\/portal\/wp-json\/wp\/v2\/posts\/73910","targetHints":{"allow":["GET"]}}],"collection":[{"href":"https:\/\/amanecerhuasteco.com\/portal\/wp-json\/wp\/v2\/posts"}],"about":[{"href":"https:\/\/amanecerhuasteco.com\/portal\/wp-json\/wp\/v2\/types\/post"}],"author":[{"embeddable":true,"href":"https:\/\/amanecerhuasteco.com\/portal\/wp-json\/wp\/v2\/users\/1"}],"replies":[{"embeddable":true,"href":"https:\/\/amanecerhuasteco.com\/portal\/wp-json\/wp\/v2\/comments?post=73910"}],"version-history":[{"count":1,"href":"https:\/\/amanecerhuasteco.com\/portal\/wp-json\/wp\/v2\/posts\/73910\/revisions"}],"predecessor-version":[{"id":73912,"href":"https:\/\/amanecerhuasteco.com\/portal\/wp-json\/wp\/v2\/posts\/73910\/revisions\/73912"}],"wp:featuredmedia":[{"embeddable":true,"href":"https:\/\/amanecerhuasteco.com\/portal\/wp-json\/wp\/v2\/media\/73911"}],"wp:attachment":[{"href":"https:\/\/amanecerhuasteco.com\/portal\/wp-json\/wp\/v2\/media?parent=73910"}],"wp:term":[{"taxonomy":"category","embeddable":true,"href":"https:\/\/amanecerhuasteco.com\/portal\/wp-json\/wp\/v2\/categories?post=73910"},{"taxonomy":"post_tag","embeddable":true,"href":"https:\/\/amanecerhuasteco.com\/portal\/wp-json\/wp\/v2\/tags?post=73910"}],"curies":[{"name":"wp","href":"https:\/\/api.w.org\/{rel}","templated":true}]}}