{"id":73942,"date":"2022-09-23T07:32:24","date_gmt":"2022-09-23T13:32:24","guid":{"rendered":"http:\/\/amanecerhuasteco.com\/portal\/?p=73942"},"modified":"2022-09-23T07:32:24","modified_gmt":"2022-09-23T13:32:24","slug":"aprueban-punto-de-acuerdo-para-exhortar-a-las-autoridades-a-que-implementen-acciones-para-atender-las-necesidades-de-abasto-de-agua","status":"publish","type":"post","link":"https:\/\/amanecerhuasteco.com\/portal\/aprueban-punto-de-acuerdo-para-exhortar-a-las-autoridades-a-que-implementen-acciones-para-atender-las-necesidades-de-abasto-de-agua\/","title":{"rendered":"Aprueban punto de acuerdo para exhortar a las autoridades a que implementen acciones para atender las necesidades de abasto de agua"},"content":{"rendered":"<p lang=\"es-ES\" align=\"center\">\n<p lang=\"es-ES\" align=\"center\">\n<p class=\"western\" lang=\"es-ES\" align=\"center\"><span style=\"font-family: Verdana, sans-serif;\"><span style=\"font-size: small;\"><b>SE APROB\u00d3 EXHORTAR AL INM A REALIZAR ACTIVIDADES PARA GARANTIZAR QUE POBLACI\u00d3N MIGRANTE CUENTE CON DOCUMENTACI\u00d3N OFICIAL Y VIGENTE DURANTE TR\u00c1NSITO EN EL ESTADO<\/b><\/span><\/span><\/p>\n<p class=\"western\" lang=\"es-ES\" align=\"justify\"><span style=\"font-family: Verdana, sans-serif;\">En Sesi\u00f3n Ordinaria, se aprob\u00f3 por unanimidad de 24 votos a favor, el Punto de Acuerdo por el que la LXIII Legislatura exhorta a las comisiones del agua: Nacional; y Estatal; direcciones municipales de servicios h\u00eddricos; y organismos descentralizados como INTERAPAS, con academia y sociedad civil, a realizar acciones y planes de trabajo para atender necesidades h\u00eddricas de potosinos de manera sostenible, y sustentable, as\u00ed como prevenir desabasto del agua.<\/span><\/p>\n<p class=\"western\" lang=\"es-ES\" align=\"justify\"><span style=\"font-family: Verdana, sans-serif;\">El exhorto, propuesto por el diputado Juan Francisco Aguilar Hern\u00e1ndez, se\u00f1ala en su exposici\u00f3n de motivos, que el derecho humano al agua es indispensable para el desarrollo social ya que ocupa un lugar fundamental en la vida cotidiana y en el entorno de todo ser humano, adulto o ni\u00f1o. <\/span><\/p>\n<p class=\"western\" lang=\"es-ES\" align=\"justify\"><span style=\"font-family: Verdana, sans-serif;\">Agrega que en los \u00faltimos meses hemos estado presenciando crisis de agua en distintos municipios y colonias de la misma capital, tanto que seg\u00fan indicadores de sequ\u00eda de la CONAGUA indica que al menos 7 municipios potosinos se encuentran en riesgo de sequ\u00eda extrema: Rioverde, San Nicol\u00e1s Tolentino, Santa Mar\u00eda del R\u00edo, Zaragoza, San Ciro de Acosta, Tierra Nueva y Ciudad Fern\u00e1ndez y otros 11 en situaci\u00f3n de sequ\u00eda moderada, por lo que se deben aplicar protocolos de cuidado, programas y pol\u00edticas p\u00fablicas que vayan en armon\u00eda con la legislaci\u00f3n potosina para salvaguardar este recurso natural, y brindar certeza de que las siguientes generaciones podr\u00e1n tener acceso a \u00e9ste. <\/span><\/p>\n<p class=\"western\" lang=\"es-ES\" align=\"justify\"><span style=\"font-family: Verdana, sans-serif;\">Por ello, se requiere la creaci\u00f3n de comisiones de trabajo especializadas en las que converja la academia, la sociedad civil y las entidades gubernamentales tanto municipales, estatales y federales en el \u00e1mbito de sus competencias para atender las necesidades de estos municipios, de manera responsable, a trav\u00e9s de la implementaci\u00f3n de programas y pol\u00edticas p\u00fablicas que garanticen el acceso a recursos h\u00eddricos sin comprometer el acceso de las futuras generaciones de forma sostenible y responsable.<\/span><\/p>\n<p class=\"western\" lang=\"es-ES\" align=\"justify\"><span style=\"font-family: Verdana, sans-serif;\">Tambi\u00e9n, por unanimidad se aprob\u00f3 que la LXIII Legislatura exhorta a: Secretar\u00eda de Ecolog\u00eda y Gesti\u00f3n Ambiental; Interapas; y Comisi\u00f3n Estatal del Agua, actualizar Norma T\u00e9cnica Ecol\u00f3gica SLP- AR001\/05 publicada en el Peri\u00f3dico Oficial del Estado el 20 de octubre 2005, que establece condiciones generales descarga aguas residuales a red de drenaje y alcantarillado; y procedimiento para condiciones particulares de descarga, que derog\u00f3 la AR-001\/98 publicada en el precitado \u00f3rgano el 27 de enero 1999, que no contempla a comisi\u00f3n enunciada entre autoridades competentes para aplicarla, sobre todo en descargas aguas residuales a drenaje y alcantarillado zona industrial.<\/span><\/p>\n<p class=\"western\" lang=\"es-ES\" align=\"justify\"><span style=\"font-family: Verdana, sans-serif;\">El exhorto, propuesto por la diputada Dolores Eliza Garc\u00eda Rom\u00e1n, se\u00f1ala que es de la mayor importancia y relevancia que uno de los sectores como es el industrial que mayor hace descargas de aguas residuales al sistema de drenaje no se encuentre sujeto a la norma t\u00e9cnica ecol\u00f3gica que establece las condiciones generales de descarga; por tanto, es de urgente y expedito que las instancias involucradas en esta responsabilidad como son la Secretar\u00eda de Ecolog\u00eda y Gesti\u00f3n Ambiental, el Organismo Operador de Agua Potable y Conexos Metropolitano Intermunicipal de San Luis Potos\u00ed, Soledad de Graciano S\u00e1nchez y Cerro de San Pedro, en este caso particular la Comisi\u00f3n Estatal del Agua se aboquen a actualizar la citada norma en bien del medio ambiente, salud, desarrollo y bienestar del planeta y las personas que lo habitamos.<\/span><\/p>\n<p class=\"western\" lang=\"es-ES\" align=\"justify\"><span style=\"font-family: Verdana, sans-serif;\"><b>Otros dict\u00e1menes.<\/b><\/span><\/p>\n<p class=\"western\" lang=\"es-ES\" align=\"justify\"><span style=\"font-family: Verdana, sans-serif;\">Por unanimidad se aprob\u00f3 el Punto de Acuerdo que exhorta a titulares: del Instituto Nacional de Migraci\u00f3n, Federal, y Estatal, realizar actividades para garantizar que poblaci\u00f3n migrante cuente con documentaci\u00f3n oficial y vigente durante tr\u00e1nsito en el estado; coadyuvar en investigaci\u00f3n de casos en donde se denuncie presunto uso de documentaci\u00f3n ilegal en perjuicio de migrantes y del estado en su tr\u00e1nsito por la Entidad.<\/span><\/p>\n<p class=\"western\" lang=\"es-ES\" align=\"justify\"><span style=\"font-family: Verdana, sans-serif;\">Y que oficiales migratorios en aeropuerto internacional \u201cPonciano Arriaga\u201d de San Luis Potos\u00ed, respeten plazo de estancia establecido en forma migratoria, garantizando respeto a derechos humanos, libre tr\u00e1nsito, evitando se comentan actos en contra de la identidad de las personas, as\u00ed como cobro irregular en perjuicio de \u00e9stas.<\/span><\/p>\n<p class=\"western\" lang=\"es-ES\" align=\"justify\"><span style=\"font-family: Verdana, sans-serif;\">El Punto de Acuerdo, propuesto por el diputado Jos\u00e9 Ram\u00f3n Torres Garc\u00eda, indica que se considera factible y urgente la propuesta al considerar que es necesario que la poblaci\u00f3n migrante que se encuentre transitando por la entidad potosina, cuente con la documentaci\u00f3n necesaria para su identificaci\u00f3n, y que en todo momento se vele y protejan sus derechos humanos, muchas veces violados desgraciadamente por las propias autoridades de nuestro pa\u00eds.<\/span><\/p>\n<p class=\"western\" lang=\"es-ES\" align=\"justify\"><span style=\"font-family: Verdana, sans-serif;\">Por mayor\u00eda de 17 votos a favor, 1 abstenci\u00f3n y 6 votos en contra, se aprob\u00f3 el Punto de Acuerdo por el que se exhorta a titulares de: la Secretar\u00eda de Desarrollo Econ\u00f3mico Estatal dar cabal cumplimiento a Ley del Registro de Agentes Inmobiliarios del Estado; y de la Procuradur\u00eda Urbana ejecutar acciones requiriendo formalmente a empresas, asesores y agentes inmobiliarios locales, en plazo perentorio, regularizar su situaci\u00f3n y cumplan obligaci\u00f3n de inscribirse en Registro Estatal de Agentes Inmobiliarios, presentando documentaci\u00f3n y cumpliendo requisitos para obtener licencia respectiva, con apercibimiento que, de no hacerlo, se har\u00e1n acreedores a imposici\u00f3n de sanciones que establece referido Ordenamiento. <\/span><\/p>\n<p class=\"western\" lang=\"es-ES\" align=\"justify\"><span style=\"font-family: Verdana, sans-serif;\">El Punto de Acuerdo fue propuesto por la diputada Liliana Flores Almaz\u00e0n, indica que toda vez de que los usuarios de servicios inmobiliarios acuden con la plena confianza en quienes son los ofertantes, y se auxilian para la adquisici\u00f3n de un bien inmueble, la Secretaria de m\u00e9rito no puede ni debe permanecer omisa al registro, verificaci\u00f3n y revalidaci\u00f3n para el otorgamiento y revalidaci\u00f3n de las licencias de los agentes inmobiliarios, como lo enmarca el art\u00edculo 4\u00b0 de la Ley del Registro de Agentes Inmobiliarios del Estado de San Luis Potos\u00ed.<\/span><\/p>\n<p class=\"western\" lang=\"es-ES\" align=\"justify\"><span style=\"font-family: Verdana, sans-serif;\">Tambi\u00e9n se aprob\u00f3 por mayor\u00eda de22 votos a favor y una abstenci\u00f3n, que los estados financieros de la Auditor\u00eda Superior del Estado al 31 de marzo del 2022, presentan razonablemente situaci\u00f3n del organismo, y cumplen requisitos formales y estructurales con salvedades.<\/span><\/p>\n<p class=\"western\" lang=\"es-ES\" align=\"justify\"><span style=\"font-family: Verdana, sans-serif;\">Por unanimidad de 24 votos a favor, se aprob\u00f3 desechar por improcedentes peticiones del ayuntamiento de Mexquitic de Carmona de partidas extraordinarias para indemnizaciones, ya que el Congreso del Estado tiene atribuci\u00f3n para aprobar las leyes de ingresos de los ayuntamientos del Estado, no sus presupuestos de egresos, y por ende, la determinaci\u00f3n de previsiones salariales y econ\u00f3micas para cubrir deudas por laudos laborales y otras medidas econ\u00f3micas de \u00edndole laboral es competencia exclusiva de los ayuntamientos.<\/span><\/p>\n<p class=\"western\" lang=\"es-ES\" align=\"justify\"><span style=\"font-family: Verdana, sans-serif;\">Agotados los asuntos, se cit\u00f3 a Sesi\u00f3n Solemne, para la Recepci\u00f3n del Primer Informe de Gobierno de la Administraci\u00f3n Estatal 2021-2027, el pr\u00f3ximo lunes 26 de septiembre de 2022, a las 10:30 horas; y posteriormente, a Sesi\u00f3n Ordinaria a las 11:30 horas, ambas en el sal\u00f3n \u201cPonciano Arriaga Leija\u201d, de Jard\u00edn Hidalgo 19. <\/span><\/p>\n","protected":false},"excerpt":{"rendered":"<p>SE APROB\u00d3 EXHORTAR AL INM A REALIZAR ACTIVIDADES PARA GARANTIZAR QUE POBLACI\u00d3N MIGRANTE CUENTE CON DOCUMENTACI\u00d3N OFICIAL Y VIGENTE DURANTE TR\u00c1NSITO EN EL ESTADO En Sesi\u00f3n Ordinaria, se aprob\u00f3 por unanimidad de 24 votos a favor, el Punto de Acuerdo por el que la LXIII &hellip; <\/p>\n","protected":false},"author":1,"featured_media":73943,"comment_status":"open","ping_status":"open","sticky":false,"template":"","format":"standard","meta":{"footnotes":""},"categories":[23,11,4],"tags":[],"class_list":["post-73942","post","type-post","status-publish","format-standard","has-post-thumbnail","hentry","category-congreso","category-estado","category-inicio"],"_links":{"self":[{"href":"https:\/\/amanecerhuasteco.com\/portal\/wp-json\/wp\/v2\/posts\/73942","targetHints":{"allow":["GET"]}}],"collection":[{"href":"https:\/\/amanecerhuasteco.com\/portal\/wp-json\/wp\/v2\/posts"}],"about":[{"href":"https:\/\/amanecerhuasteco.com\/portal\/wp-json\/wp\/v2\/types\/post"}],"author":[{"embeddable":true,"href":"https:\/\/amanecerhuasteco.com\/portal\/wp-json\/wp\/v2\/users\/1"}],"replies":[{"embeddable":true,"href":"https:\/\/amanecerhuasteco.com\/portal\/wp-json\/wp\/v2\/comments?post=73942"}],"version-history":[{"count":1,"href":"https:\/\/amanecerhuasteco.com\/portal\/wp-json\/wp\/v2\/posts\/73942\/revisions"}],"predecessor-version":[{"id":73944,"href":"https:\/\/amanecerhuasteco.com\/portal\/wp-json\/wp\/v2\/posts\/73942\/revisions\/73944"}],"wp:featuredmedia":[{"embeddable":true,"href":"https:\/\/amanecerhuasteco.com\/portal\/wp-json\/wp\/v2\/media\/73943"}],"wp:attachment":[{"href":"https:\/\/amanecerhuasteco.com\/portal\/wp-json\/wp\/v2\/media?parent=73942"}],"wp:term":[{"taxonomy":"category","embeddable":true,"href":"https:\/\/amanecerhuasteco.com\/portal\/wp-json\/wp\/v2\/categories?post=73942"},{"taxonomy":"post_tag","embeddable":true,"href":"https:\/\/amanecerhuasteco.com\/portal\/wp-json\/wp\/v2\/tags?post=73942"}],"curies":[{"name":"wp","href":"https:\/\/api.w.org\/{rel}","templated":true}]}}