{"id":73945,"date":"2022-09-23T07:35:26","date_gmt":"2022-09-23T13:35:26","guid":{"rendered":"http:\/\/amanecerhuasteco.com\/portal\/?p=73945"},"modified":"2022-09-23T07:35:26","modified_gmt":"2022-09-23T13:35:26","slug":"la-jucopo-analizara-la-creacion-de-una-brigada-interna-de-proteccion-civil-que-actuara-cuando-se-presenten-contingencias-como-las-recientes-por-los-sismos-dip-jose-luis-fernandez-martinez","status":"publish","type":"post","link":"https:\/\/amanecerhuasteco.com\/portal\/la-jucopo-analizara-la-creacion-de-una-brigada-interna-de-proteccion-civil-que-actuara-cuando-se-presenten-contingencias-como-las-recientes-por-los-sismos-dip-jose-luis-fernandez-martinez\/","title":{"rendered":"La JUCOPO analizar\u00e1 la creaci\u00f3n de una brigada interna de Protecci\u00f3n civil, que actuar\u00e1 cuando se presenten contingencias como las recientes por los sismos: Dip. Jos\u00e9 Luis Fern\u00e1ndez Mart\u00ednez"},"content":{"rendered":"<p lang=\"es-ES\" align=\"center\">\n<p lang=\"es-ES\" align=\"center\">\n<p class=\"western\" lang=\"es-ES\" align=\"center\"><span style=\"font-family: Verdana, sans-serif;\"><span style=\"font-size: small;\"><b>EL PR\u00d3XIMO LUNES 26 DE SEPTIEMBRE, EL GOBERNADOR DEL ESTADO JOS\u00c9 RICARDO GALLARDO CARDONA ACUDIR\u00c1 AL CONGRESO DEL ESTADO A ENTREGAR SU PRIMER INFORME DE GOBIERNO<\/b><\/span><\/span><\/p>\n<p class=\"western\" lang=\"es-ES\" align=\"justify\"><span style=\"font-family: Verdana, sans-serif;\">La Junta de Coordinaci\u00f3n Pol\u00edtica (JUCOPO) del Congreso del Estado analizar\u00e1 la creaci\u00f3n de una Brigada Interna de Protecci\u00f3n Civil, que actuar\u00e1 cuando se presenten contingencias como las recientes por los sismos que tuvieron presencia en San Luis Potos\u00ed.<\/span><\/p>\n<p class=\"western\" lang=\"es-ES\" align=\"justify\"><span style=\"font-family: Verdana, sans-serif;\">El presidente de la JUCOPO diputado Jos\u00e9 Luis Fern\u00e1ndez Mart\u00ednez se\u00f1al\u00f3 lo anterior y dijo que la brigada estar\u00e1 integrada por el personal que labora en los edificios legislativos, que ser\u00e1 capacitada y estar\u00e1 lista para aplicar los protocolos dictados por Protecci\u00f3n Civil.<\/span><\/p>\n<p class=\"western\" lang=\"es-ES\" align=\"justify\"><span style=\"font-family: Verdana, sans-serif;\">Tambi\u00e9n se analizar\u00e1 la creaci\u00f3n de comisiones de dictamen, tomando en consideraci\u00f3n que se hizo una reforma reciente para que los diputados puedan integrar hasta seis comisiones y no solamente cuatro como lo establec\u00eda el ordenamiento.<\/span><\/p>\n<p class=\"western\" lang=\"es-ES\" align=\"justify\">\u201c<span style=\"font-family: Verdana, sans-serif;\">Ser\u00e1n dos comisiones de dictamen las que se van a integrar, a\u00fan no sabemos qui\u00e9nes ser\u00e1n las diputadas y los diputados que formar\u00e1n parte de ellas, pero el objetivo es hacer un gran trabajo en los temas espec\u00edficos que ser\u00e1n atendidos\u201d.<\/span><\/p>\n<p class=\"western\" lang=\"es-ES\" align=\"justify\"><span style=\"font-family: Verdana, sans-serif;\">Asimismo dio a conocer que el pr\u00f3ximo lunes 26 de septiembre, el Gobernador del Estado, Jos\u00e9 Ricardo Gallardo Cardona acudir\u00e1 al Congreso del Estado a entregar su Primer Informe de Gobierno como lo establece la Constituci\u00f3n Pol\u00edtica del Estado.<\/span><\/p>\n<p class=\"western\" lang=\"es-ES\" align=\"justify\"><span style=\"font-family: Verdana, sans-serif;\">Posteriormente, la Junta de Coordinaci\u00f3n Pol\u00edtica tomar\u00e1 un acuerdo para llamar a comparecer a los funcionarios que considere pertinentes, entre ellos, los titulares de la Secretar\u00eda de Educaci\u00f3n, de la Secretar\u00eda General de Gobierno, de la Secretar\u00eda de Seguridad P\u00fablica, de la Secretar\u00eda de Obras y de la Secretar\u00eda de Salud, entre otros que se determinen.<\/span><\/p>\n<p class=\"western\" lang=\"es-ES\" align=\"justify\"><span style=\"font-family: Verdana, sans-serif;\">Estas comparecencias se llevar\u00e1n a cabo en el marco de la Glosa del Primer Informe y se tomar\u00e1 el acuerdo sobre el calendario a desarrollar, a fin de que las diputadas y los diputados integrantes de las diversas comisiones legislativas, preparen los temas que se abordar\u00e1n.<\/span><\/p>\n","protected":false},"excerpt":{"rendered":"<p>EL PR\u00d3XIMO LUNES 26 DE SEPTIEMBRE, EL GOBERNADOR DEL ESTADO JOS\u00c9 RICARDO GALLARDO CARDONA ACUDIR\u00c1 AL CONGRESO DEL ESTADO A ENTREGAR SU PRIMER INFORME DE GOBIERNO La Junta de Coordinaci\u00f3n Pol\u00edtica (JUCOPO) del Congreso del Estado analizar\u00e1 la creaci\u00f3n de una Brigada Interna de Protecci\u00f3n &hellip; <\/p>\n","protected":false},"author":1,"featured_media":73946,"comment_status":"open","ping_status":"open","sticky":false,"template":"","format":"standard","meta":{"footnotes":""},"categories":[23,11,4],"tags":[],"class_list":["post-73945","post","type-post","status-publish","format-standard","has-post-thumbnail","hentry","category-congreso","category-estado","category-inicio"],"_links":{"self":[{"href":"https:\/\/amanecerhuasteco.com\/portal\/wp-json\/wp\/v2\/posts\/73945","targetHints":{"allow":["GET"]}}],"collection":[{"href":"https:\/\/amanecerhuasteco.com\/portal\/wp-json\/wp\/v2\/posts"}],"about":[{"href":"https:\/\/amanecerhuasteco.com\/portal\/wp-json\/wp\/v2\/types\/post"}],"author":[{"embeddable":true,"href":"https:\/\/amanecerhuasteco.com\/portal\/wp-json\/wp\/v2\/users\/1"}],"replies":[{"embeddable":true,"href":"https:\/\/amanecerhuasteco.com\/portal\/wp-json\/wp\/v2\/comments?post=73945"}],"version-history":[{"count":1,"href":"https:\/\/amanecerhuasteco.com\/portal\/wp-json\/wp\/v2\/posts\/73945\/revisions"}],"predecessor-version":[{"id":73947,"href":"https:\/\/amanecerhuasteco.com\/portal\/wp-json\/wp\/v2\/posts\/73945\/revisions\/73947"}],"wp:featuredmedia":[{"embeddable":true,"href":"https:\/\/amanecerhuasteco.com\/portal\/wp-json\/wp\/v2\/media\/73946"}],"wp:attachment":[{"href":"https:\/\/amanecerhuasteco.com\/portal\/wp-json\/wp\/v2\/media?parent=73945"}],"wp:term":[{"taxonomy":"category","embeddable":true,"href":"https:\/\/amanecerhuasteco.com\/portal\/wp-json\/wp\/v2\/categories?post=73945"},{"taxonomy":"post_tag","embeddable":true,"href":"https:\/\/amanecerhuasteco.com\/portal\/wp-json\/wp\/v2\/tags?post=73945"}],"curies":[{"name":"wp","href":"https:\/\/api.w.org\/{rel}","templated":true}]}}