{"id":74065,"date":"2022-09-27T07:18:45","date_gmt":"2022-09-27T13:18:45","guid":{"rendered":"http:\/\/amanecerhuasteco.com\/portal\/?p=74065"},"modified":"2022-09-27T07:18:45","modified_gmt":"2022-09-27T13:18:45","slug":"entre-columnas-535","status":"publish","type":"post","link":"https:\/\/amanecerhuasteco.com\/portal\/entre-columnas-535\/","title":{"rendered":"ENTRE COLUMNAS"},"content":{"rendered":"<p><strong>\u00a0<\/strong><\/p>\n<p><strong><b>POR \u00a0COBRAR CUOTAS, DIRECTORES \u00a0DE ESCUELAS \u00a0SERAN CESADOS.<\/b><\/strong><\/p>\n<p><strong><b>L<\/b><\/strong><strong><b>os padres \u00a0de \u00a0familia \u00a0cautivos \u00a0de \u00a0las escuelas b\u00e1sicas y secundaria se \u00a0quejaron de \u00a0elevadas \u00a0cuotas que tuvieron que \u00a0pagar para inscribir \u00a0a sus \u00a0hijos, lamentaron que la advertencia del gobernador del \u00a0Estado en el sentido \u00a0que \u00a0no se \u00a0\u00a0aplicar\u00edan ninguna clase de exigencias econ\u00f3micas \u00a0para el ingreso de los alumnos, las \u00a0directivas \u00a0de \u00a0las sociedades de \u00a0de padres<\/b><\/strong><strong><b>\u00a0<\/b><\/strong><strong><b>al parecer de<\/b><\/strong><strong><b>\u00a0<\/b><\/strong><strong><b>com<\/b><\/strong><strong><b>\u00fa<\/b><\/strong><strong><b>n acuerdo con los directores de \u00a0los \u00a0centros educativos, cobraron primero Las cuotas exageradas, luego daban acceso a la inscripci\u00f3n. No pas\u00f3 nada, ninguna autoridad \u00a0educativa escuch\u00f3 los reclamos.<\/b><\/strong><\/p>\n<p><strong><b>Por otra parte nos enteramos que cesar\u00e1n a profes por cobrar cuotas, s<\/b><\/strong><strong>er\u00edan<\/strong><strong>\u00a045 procesos abiertos contra autoridades educativas que presuntamente exigieron \u00a0el pago obligatorio de cuotas escolares a padres de familia y que impidieron \u00a0que los estudiantes ingresaran \u00a0a las aulas por ese motivo; de los casos que hay registrados, se indica que cinco son graves y se podr\u00edan llegar a cesar a directores y profesores. \u00a0<\/strong><\/p>\n<p><strong>Fue el secretario de Educaci\u00f3n de Gobierno del Estado (SEGE), Juan Carlos Torres Cedillo, dijo \u00a0\u00abest\u00e1n los procesos por el hecho de condicionar el ingreso de un alumno a una escuela de educaci\u00f3n b\u00e1sica, que es un delito, lo marca nuestra normativa y la sanci\u00f3n m\u00e1xima que podemos poner como SEGE es cesarlos de su empleo, pero es todo un proceso\u00bb.<\/strong><\/p>\n<p><strong>Indic\u00f3 que de la totalidad de irregularidades reportadas, 40 sucedieron por malos entendidos y situaciones que se pueden resolver dentro de la mediaci\u00f3n, pero finalmente los ni\u00f1os est\u00e1n en la escuela tomando sus clases cotidianas.<\/strong><\/p>\n<p><strong>El funcionario explic\u00f3 de cinco casos complicados. De estos, cuatro tuvieron lugar en la zona metropolitana de San Luis Potos\u00ed y Soledad y uno m\u00e1s en la Huasteca potosina, todos del nivel b\u00e1sico, por ese motivo, aclar\u00f3 que al momento no hay ninguna autoridad cesada pero siguen los procesos.<\/strong><\/p>\n<p><strong>++++++++++++++<\/strong><\/p>\n<p><strong>FUERA \u00a0DEL \u00a0EQUIPO \u00a0DEL GOBERNADOR.<\/strong><\/p>\n<p><strong>El Gobernador de confirm\u00f3 la salida de su \u00a0equipo de \u00a0colaboradores, de Edmundo R\u00edos J\u00e1uregui, director general del Instituto Potosino de Cultura F\u00edsica y Deporte (Inpode) de la administraci\u00f3n estatal; adem\u00e1s anunci\u00f3 que al titular del Instituto Potosino de la Juventud (Inpojuve), <\/strong><\/p>\n<p><strong>Jes\u00fas Joaqu\u00edn Garc\u00eda Mart\u00ednez, se mantendr\u00e1 en el cargo y deber\u00e1 demostrar resultados en lo que resta del a\u00f1o, afirm\u00f3 el Mandatario Estatal le dio un voto de confianza para lo que resta del a\u00f1o y que ponga orden en la dependencia.<\/strong><\/p>\n<p><strong>\u201cQue haga los cambios que \u00e9l tenga que hacer dentro de su \u00e1rea, su error es que no ha depurado a la &#8216;maldita herencia&#8217; y eso casi le cuesta su salida en este ejercicio, pero va a tratar de remendar de aqu\u00ed a diciembre\u201d, manifest\u00f3 el Mandatario Estatal. A\u00fan \u00a0hay mas.<\/strong><\/p>\n<p><strong>\u00a0<\/strong><\/p>\n<p><strong><b>VICTIMAS DE ABUSOS POLICIACOS, \u00a0\u00a0\u00a0DEBEN DENUNCIARLOS.<\/b><\/strong><\/p>\n<p><strong>En la administraci\u00f3n municipal del miedo \u00a0pasada, la polic\u00edas uniformada \u00a0era \u00a0mas peligrosa y temida \u00a0que \u00a0los \u00a0mismos delincuentes, el director de la corporaci\u00f3n no obedec\u00eda \u00a0a nadie y se mofaba \u00a0de las \u00a0recomendaciones de Derechos Humanos, del Fiscal \u00a0y de \u00a0sus patrones; los \u00a0regidores, todo tolerado por el alcalde \u00a0Independiente, ahora \u00a0con el nuevo gobierno \u201cVerde\u201d no hay tolerancia ni complicidad \u00a0hacia \u00a0los \u00a0elementos \u00a0\u00a0que \u00a0incurran en abusos de autoridad, el presidente municipal \u00a0exhorta \u00a0al pueblo a presentar su denuncia ante las autoridades competentes. Pero deber\u00e1n ratificarlas \u00a0para \u00a0que se \u00a0proceda \u00a0contra \u00a0quienes resulten responsables.<\/strong><\/p>\n<p><strong>El mun\u00edcipe Vallense \u00a0solicit\u00f3 a a los ciudadanos a presentar sus denuncias contra elementos que hayan incurrido en \u00a0abuso de autoridad u otro delito, por \u00a0ejemplo ahora intimidan a los ciudadanos tom\u00e1ndoles fotograf\u00edas y a los automovilistas \u00a0son sus principales v\u00edctimas de \u00a0abusos, esta el caso reciente de un joven que trasladaba a su madre en un veh\u00edculo, fue \u00a0detenido para \u00a0una \u201crevisi\u00f3n de rutina\u201d pese \u00a0a esa circunstancia fue multado, acudi\u00f3 con el alcalde a \u00a0quien declarar \u00a0por temor \u00a0que fuera v\u00edctima de \u00a0una venganza por parte de los uniformados \u00a0pues tomaron fotos de todo hasta de su madre y \u00e9l. \u00a0El quejoso fue citado para el pasado lunes en la tarde \u00a0en la oficina del alcalde \u00a0pero no acudieron a ratificar la denuncia. En c\u00edrculos allegados a la alcald\u00eda suponen que los quejosos recibieron advertencias \u00a0de \u00a0alg\u00fan tipo si se presentaban, Usted que cree. \u00a0<\/strong><\/p>\n<p><strong>Al respecto el alcalde \u00a0David Medina declar\u00f3 a los medios \u201cNo se presentaron, yo estaba en la mejor disposici\u00f3n de atender a qui\u00e9n se sienta agredido en su patrimonio, garant\u00edas individuales, los invito a que se acerquen y con todas sus garant\u00edas les vamos a dar seguimiento a \u00a0sus \u00a0denuncias\u201d<\/strong><\/p>\n<p><strong>++++++++<\/strong><\/p>\n<p><strong><b>CICLO DE LLUVIAS \u00a0TORRENCIALES \u00a0PODRIAN COLAPSAR MERCADO \u201cG.N.S.\u201d<\/b><\/strong><\/p>\n<p><strong><b>Son una minor\u00eda \u00a0de locatarios \u00a0que han acaparado espacios en el mercado \u201cGNS\u201d \u00a0los que \u00a0se opusieron y hasta llegaron a promover un amparo de la justicia federal para impedir \u00a0que el ayuntamiento de Valles invirtiera \u00a080 millones de pesos \u00a0en la \u00a0remodelaci\u00f3n total del inmueble construido durante los \u00a0a\u00f1os \u00a01945-1950, ya \u00a0presenta \u00a0da\u00f1os \u00a0estructurales \u00a0propios \u00a0del \u00a0tiempo y del mantenimiento inadecuado que gobiernos municipales \u00a0dieron a trav\u00e9s de los a\u00f1os, en cualquier momento puede ocurrir una tragedia. Se va a caer.<\/b><\/strong><\/p>\n<p><strong>El gobierno municipal actual ha advertido a los ocupantes \u00a0del inmueble sobre el resultado de un estudio, pero estos desestiman el aviso; colapsar\u00e1 el edificio del Mercado Municipal \u00abGonzalo N. Santos\u00bb por fallas estructurales y por haber concluido su ciclo de vida, revela el peritaje que tiene en su poder el alcalde David Armando Medina Salazar, quien reiter\u00f3 su advertencia del riesgo de no aceptar este resultado, para \u00a0evitar responsabilidades los locatarios deber\u00e1n firmar un documento de responsabilidad sobre lo que pueda ocurrir \u00a0en caso de \u00a0que colapsara \u00a0el inmueble causando v\u00edctimas de consumidores y empelados.<\/strong><\/p>\n<p><strong>Los locatarios (una minor\u00eda pudiente) no aceptan el resultado \u00a0que \u00a0tiene \u00a0el municipio, por lo que \u00a0la opci\u00f3n es que \u00a0hagan uno propio \u00a0a su costa, para el efecto los l\u00edderes \u00a0\u00a0ser\u00e1n convocados por \u00a0el alcalde \u00a0para abordar este asunto, el ayuntamiento ya tiene \u00a0el propio, como reh\u00fasan reconocerlo, que hagan otro por su cuenta.<\/strong><\/p>\n<p><strong>\u00a0Otro aspecto que es \u00a0de vital importancia es el aspecto y las condiciones insalubres \u00a0que existen a \u00a0causa \u00a0del desinter\u00e9s de sus \u00a0usuarios \u00a0\u00a0que han cambiado el giro original de un mercado \u00a0de \u00a0frutas, legumbres y abarrotes, ahora son loncher\u00edas, expendios de jugos, lo \u00fanico original son las \u00a0escasas \u00a0carnicer\u00edas \u00a0y los \u00a0comerciantes Teenek \u00a0que \u00a0dan \u00a0el toque del \u00a0antiguo y atractivo tur\u00edstico que \u00a0por cierto \u00a0el trienio de \u00a0Jorge Ter\u00e1n hizo compromiso \u00a0\u00a0de \u00a0convertir el lugar en un sitio digno para el turismo.<\/strong><\/p>\n<p><strong>++++++++++<\/strong><\/p>\n<p><strong>CARROCERIAS \u00a0BUSTOS<\/strong><\/p>\n<p><strong>Reforma y Lerdo de tejada Col. Altavista.<\/strong><\/p>\n<p><strong>Cd Valles SLP \u00a0Tel. 3824777.<\/strong><\/p>\n<p><strong>En carrocer\u00edas para camiones y camionetas nadie nos compite.<\/strong><\/p>\n<p><strong><b>+++++++++++<\/b><\/strong><\/p>\n<p><strong>COBIJAS \u00a0PARA \u00a0FAMILIAS \u00a0INDIGENTES DE \u00a0VALLES.<\/strong><\/p>\n<p><strong>*.- \u00a0M\u00e1s de un mill\u00f3n de pesos en cobijas invirti\u00f3 el ayuntamiento.<\/strong><\/p>\n<p><strong>*.- Hasta una ex polic\u00eda capitalina gana 1 mil pesos diarios por \u00a0monitorear medios.<\/strong><\/p>\n<p><strong>Como \u00a0en la administraci\u00f3n municipal \u00a0citadina \u00a0se \u00a0dej\u00f3 de publicar en lugares \u00a0p\u00fablicos, en peri\u00f3dicos \u00a0y ni los \u00a0regidores \u00a0que est\u00e1n obligados a \u00a0informar \u00a0cuando menos \u00a0al sector \u00a0que dicen representar, sobre \u00a0el corte de \u00a0caja mensual de la tesorer\u00eda, nos tenemos \u00a0que enterar \u00a0por otros medios \u00a0capitalinos \u00a0que obtienen la informaci\u00f3n del Congreso, a \u00a0ASE y a trav\u00e9s de \u00a0Transparencia, quiz\u00e1s por eso no \u00a0sab\u00edamos \u00a0que el alcalde \u00a0\u00a0Vallense \u00a0preocupado por las \u00a0familias indigentes \u00a0de \u00a0este municipio por el fr\u00edo invernal \u00a0que padecen, \u00a0adquiri\u00f3 un lote de 7 mil cobijas con inversi\u00f3n de m\u00e1s \u00a0de \u00a01 MDP \u00a0al menos as\u00ed \u00a0aparece en un informe parcial obtenido por \u00a0Transparencia \u00a0en la \u00a0capital del estado.<\/strong><\/p>\n<p><strong>La \u00a0compra \u00a0habr\u00eda \u00a0ocurrido por el mes \u00a0de octubre \u00a0del a\u00f1o 2021 porque \u00a0es \u00a0\u00a0en sesi\u00f3n del cabildo del 01 \u00a0de diciembre de ese \u00a0a\u00f1o cuando se informa \u00a0y aprueban los regidores.<\/strong><\/p>\n<p><strong>En la misma informaci\u00f3n se consigna que \u00a0se han detectado contratos a empresas fantasmas, como el pago de \u00a0m\u00e1s de 30 mil pesos mensuales, a una ex polic\u00eda \u00a0\u201cC\u201d de la Polic\u00eda Municipal de San Luis Potos\u00ed por el concepto de &#8216;monitoreo de medios\u2019 ejercidos del presupuesto del departamento de Comunicaci\u00f3n Social<\/strong><\/p>\n<p><strong>+++++++++++++<\/strong><\/p>\n<p><strong>EST\u00c1 \u00a0URGIDO DE DINERO?<\/strong><\/p>\n<p><strong>Pr\u00e9stamos \u00a0\u00a0\u00a0de \u00a0dinero inmediatos a pensionados \u00a0\u00a0CFE, ISSSTE.FFCC, SCT, PEMEX, \u00a0ACTIVOS Y JUBILADIS \u00a0IMSS \u00a0\u00a0SIN AFECTAR TARJETON. \u00a0\u00a0\u00a0Ll\u00e1menos las 24 hrs del d\u00eda \u00a04811039565<\/strong><\/p>\n<p><strong>\u00a0\u00a0\u00a0\u00a0CREDITO INMEDIATO <\/strong><\/p>\n<p><strong>+++++++++++++++++<\/strong><\/p>\n<p><strong>La par<\/strong><strong>a<\/strong><strong>sit<\/strong><strong>o<\/strong><strong>sis intestinal, puede ser la causante de di<\/strong><strong>a<\/strong><strong>rreas frecuentes y dolor abdominal. es necesario realizar un diagn\u00f3stico para id<\/strong><strong>e<\/strong><strong>ntificar amibas, helmintos, larvas.<\/strong><\/p>\n<p><strong>+++++++++++++<\/strong><strong>++++++++++<\/strong><\/p>\n<p><strong>Es necesario que consideres que al tomar antibi\u00f3ticos, sin una prescripci\u00f3n m\u00e9dica, dar<\/strong><strong>\u00e1<\/strong><strong>\u00a0como resultado una resistencia al microorganismo que provoca la infecci\u00f3n, o en otro de los casos, a lo mejor no era necesario este tratamiento<\/strong><\/p>\n<p><strong>NO TE AUTOMEDIQUES. NO PONGA EN RIESGO SU SALUD.<\/strong><strong>\u00a0<\/strong><\/p>\n<p><strong>+++++++++++<\/strong><\/p>\n<p><strong>QFB \u00a0FABIOLA GARCIA ALVAREZ<\/strong><\/p>\n<p><strong>Perito dictaminador en an\u00e1lisis bacteriol\u00f3gico de agua y alimentos con n\u00famero GES-PD 0705<\/strong><\/p>\n<p><strong>Perito dictaminador en \u00a0estupefacientes GES-PD0523<\/strong><\/p>\n<p><strong>Maestr\u00eda \u00a0en an\u00e1lisis cl\u00ednicos 1301 \u2013 368068<\/strong><\/p>\n<p><strong>Ced \u00a0prof \u00a08664204 \u00a0\u00a0Tel. 38 1 66 64<\/strong><\/p>\n<p><strong>Asesor\u00eda, \u00a0auditor\u00eda \u00a0y gesti\u00f3n ambiental.<\/strong><\/p>\n<ol>\n<li><strong> Victoria No. 8 \u00a0zona centro Cd Valles SLP.<\/strong><\/li>\n<\/ol>\n<p><strong>+++++++++++++++<\/strong><\/p>\n<p><strong><b>AYUNTMIENTO DE VALLES VENDERA \u00a0EQUIPO MECANICO CHATARRA.<\/b><\/strong><\/p>\n<p><strong><b>\u00b4+.- Hasta \u00a0camiones de \u00a0la basura ir\u00e1n en la oferta.<\/b><\/strong><\/p>\n<p><strong>+.- No, los \u00a0nuevos chatarra \u00a0tra\u00eddos de Yankeelandia, Lo har\u00e1 el pr\u00f3ximo ayuntamiento.<\/strong><\/p>\n<p><strong>El pasado mes de agosto, en la <\/strong><\/p>\n<p><strong>Vig\u00e9sima Segunda Sesi\u00f3n Ordinaria de Cabildo, se aprob\u00f3 por mayor\u00eda de votos de \u00a0\u00a0regidores la propuesta, para \u00a0el procedimiento de venta de bienes del servicio p\u00fablico, que por su estado actual se encuentran en desuso y se constituyen como chatarra.<\/strong><\/p>\n<p><strong>La mayor \u00a0parte de \u00a0la \u201cchatarra\u201d \u00a0est\u00e1 almacenada \u00a0en la pensi\u00f3n o taller mec\u00e1nico municipal, por su condici\u00f3n, estos bienes generan problemas en las \u00e1reas donde se encuentran, puesto que, su mantenimiento representa un costo elevado para la administraci\u00f3n p\u00fablica.<\/strong><\/p>\n<p><strong>Para que no haya lugar a trafique entre funcionarios e interesados \u00a0en adquirir loas bienes, se \u00a0aplicar\u00e1n los requisitos que establecen los reglamentos, adem\u00e1s deber\u00e1 de realizarse una valoraci\u00f3n t\u00e9cnica \u00a0de los veh\u00edculos que se encentran en desuso o chatarra, elaborar un inventario, acreditar su propiedad y acompa\u00f1arlos con un dictamen pericial, principalmente \u00a0el precio \u00a0de \u00a0cada objeto o bien, aunque \u00a0no se \u00a0dijo a \u00a0que rubro se destinar\u00e1 el ingreso de \u00a0esta operaci\u00f3n. OJO MUCHO OJO.<\/strong><\/p>\n<p><strong>\u00a0<\/strong><\/p>\n<p><strong>POR FIN PONEN ORDEN A IRRACIONAL EXTRACCION DE AGUA DE LOS RIOS.<\/strong><\/p>\n<p><strong>\u00a0<\/strong><\/p>\n<p><strong><b>En comisiones del Congreso del Estado aprueban reformas a la ley para promover el buen uso y manejo del agua de riego y la tecnificaci\u00f3n, para un mejor \u00a0aprovechamiento (y no desperdicien los \u00a0agricultores \u00a0el vital l\u00edquido) para los diferentes \u00a0tipos de cultivos, esto con el con la \u00a0aprobaci\u00f3n del dictamen <\/b><\/strong><strong>de la Comisi\u00f3n de Desarrollo Rural y Forestal del Congreso del Estado, \u00a0que propone la reforma \u00a0a los art\u00edculos, 3\u00b0 en su fracci\u00f3n IV, 7\u00ba en sus fracciones, XVII, y XXIII, 34, y 56 en su fracci\u00f3n II; y adicionar fracci\u00f3n al art\u00edculo 4\u00ba, \u00e9sta como XXIV, por lo que actuales, XXIV, XXV, y XXVI pasan a ser fracciones, XXV, XXVI, y XXVII de la Ley Agr\u00edcola para el Estado de San Luis Potos\u00ed, para promover el buen uso y manejo del agua de riego existente, la tecnificaci\u00f3n del mismo, as\u00ed como la ampliaci\u00f3n de las \u00e1reas de riego.<\/strong><\/p>\n<p><strong>\u00a0El diputado Salvador Isa\u00eds Rodr\u00edguez, presidente de la Comisi\u00f3n se\u00f1al\u00f3 que actualmente en la Ley de la materia se circunscribe una obligaci\u00f3n para el establecimiento del riego presurizado, pero lo correcto es referirse a la tecnificaci\u00f3n para un mejor aprovechamiento del agua para los diferentes tipos de cultivo. \u00a0Adem\u00e1s, se busca promover, con apoyo de la Comisi\u00f3n Nacional del Agua, la SADER y de los organismos de consulta del sector hidr\u00e1ulico, las inversiones requeridas para rehabilitar, ampliar, complementar, modernizar y usar plenamente la infraestructura hidroagr\u00edcola existente, y para la construcci\u00f3n de obras nuevas, con base en criterios de rentabilidad econ\u00f3mica, social y financiera, fomentando a su vez el uso eficiente el agua mediante la tecnificaci\u00f3n de riego y la instalaci\u00f3n de dispositivos de medici\u00f3n volum\u00e9trica.<\/strong><\/p>\n<p><strong>\u00a0<\/strong><strong>++++++++++++++<\/strong><\/p>\n<p><strong>El sitio ideal para \u00a0sus fiestas\u2026<\/strong><\/p>\n<p><strong>\u201cFINCA \u00a0SAN ISIDRO\u201d <\/strong><\/p>\n<p><strong>Sal\u00f3n para fiestas de todo tipo.<\/strong><\/p>\n<p><strong>Carretera Valles \u2013 R\u00edo Verde Km. 8 <\/strong><\/p>\n<p><strong>Contrataciones al Tel. 01 481 179 09<\/strong><\/p>\n<p><strong>Cd. Valles SLP M\u00e9xico.<\/strong><\/p>\n<p><strong>++++++++++++++<\/strong><\/p>\n<p><strong><b>FRENO AL ALZA DE LA \u00a0TORTILLA\u2026<\/b><\/strong><strong>\u00a0<\/strong><strong>El presidente Andr\u00e9s Manuel L\u00f3pez Obrador inform\u00f3 que se aplicar\u00e1n medidas para que no aumenten de precio 24 productos de la canasta b\u00e1sica entre ellos el de la tortilla.<\/strong><\/p>\n<p><strong>En conferencia de prensa, en Palacio Nacional, el Jefe del Ejecutivo dijo que para ello \u00a0se reuni\u00f3 con un grupo de 20 distribuidores y productores, de los m\u00e1s importantes del pa\u00eds, en consumo b\u00e1sico.<\/strong><\/p>\n<p><strong>El Mandatario dijo que Maseca se comprometi\u00f3 a que no aumentar\u00e1 el precio de la harina de ma\u00edz hasta febrero pr\u00f3ximo.<\/strong><\/p>\n<p><strong>\u00abEso es importante, porque estamos hablando de la tortilla y de quien distribuye como el 80% de la harina de ma\u00edz que utilizan las tortiller\u00edas, la otra empresa es Minsa, que tambi\u00e9n est\u00e1 participando\u00bb.<\/strong><\/p>\n<p><strong>Entre las medidas que se discutir\u00e1n, dijo ser\u00e1n que no aumenten los precios de alimentos.<\/strong><\/p>\n<p><strong>\u00abUna medida es que logremos un compromiso del aumento de precios y si se pueden bajar precios en 24 productos b\u00e1sicos\u00bb.<\/strong><\/p>\n<p><strong>Lo segundo es impulsar m\u00e1s la producci\u00f3n de b\u00e1sicos en el campo, para el autoconsumo, pues ya se tom\u00f3 la decisi\u00f3n de entregar de manera gratuita los fertilizantes para producir m\u00e1s.<\/strong><strong>\u00a0<\/strong><\/p>\n<p><strong>\u00a0\u201cCAF\u00c9 Y RESTAURANT \u00a0EL FAROLITO\u201d \u00a0\u00a0<\/strong><\/p>\n<p><strong>Lo mejor de la cocina Huasteca; el tradicional zacahuil y cazueladas. \u00a0\u00a0Atendemos toda clase de \u00a0festejos. Pedidos al Tel \u00a03821017 Ciudad Valles SLP.<\/strong><\/p>\n<p><strong>+++++++++++++<\/strong><\/p>\n<p><strong>DE \u00a0V O \u00a0L \u00a0A D A .-<\/strong><\/p>\n<p><strong>\u00a0<\/strong><\/p>\n<p><strong>\u00a0<\/strong><\/p>\n<p><strong>HERMANA DE MARIO DELGADO DIRIGENTE DE MORENA FUNCIONARIA \u00a0con un s\u00faper salario federal\u2026\u2026 $3,275 pesos \u00a0\u00a0diarios gana.<\/strong><\/p>\n<p><strong>Leticia Delgado recibe un salario mensual total de 141 mil 394 pesos. Restando el monto correspondiente a impuestos, el sueldo neto de la hermana del presidente de Morena queda en 98 mil 268 pesos al mes, lo que corresponde a un aproximado de 3 mil 275 pesos diarios,<\/strong><\/p>\n<p><strong>************ <\/strong><\/p>\n<p><strong>Cambian a diciembre \u00a0la \u00a0fenapo potosina\u2026\u2026 Para evitar \u00a0se \u00a0repita n ciclo lluvioso durante \u00a0la \u00a0celebraci\u00f3n de \u00a0la Feria Tunera, el gobernador \u00a0anuncio que \u00a0se \u00a0propondr\u00e1 \u00a0que \u00a0el \u00a0evento sea \u00a0en el mes de diciembre a partir \u00a0de la pr\u00f3xima \u00a0edici\u00f3n.<\/strong><\/p>\n<p><strong>Durante la \u00a0celebraci\u00f3n de la \u00a0reciente \u00a0feria \u00a0anual capitalina, el Dios Tl\u00e1loc \u00a0se \u00a0ensa\u00f1\u00f3 \u00a0con los asistentes \u00a0al evento con torrenciales lluvias y ventarrones, por \u00a0esas causas meteorol\u00f3gicas \u00a0el mandatario propone \u00a0cambio de fecha y \u00a0\u00a0esta ser\u00eda en diciembre de cada \u00a0a\u00f1o.<\/strong><\/p>\n<p><strong>Todo lo contrario durante el remedo de feria \u00a0que \u00a0tuvo \u00a0verificativo en La Puerta \u00a0Grande de la \u00a0Huasteca \u00a0fue \u00a0de \u00a0calor y \u00a0ausencia de lluvias.<\/strong><\/p>\n<p><strong>\u00a0<\/strong><\/p>\n<p><strong>\u00a0<\/strong><\/p>\n<p><strong>hasta la pr\u00f3xima semana..<\/strong><\/p>\n<p><strong>\u00a0<\/strong><\/p>\n<p><strong>\u00a0<\/strong><\/p>\n<p><strong>\u00a0<\/strong><\/p>\n<p><strong>\u00a0<\/strong><\/p>\n","protected":false},"excerpt":{"rendered":"<p>\u00a0 POR \u00a0COBRAR CUOTAS, DIRECTORES \u00a0DE ESCUELAS \u00a0SERAN CESADOS. Los padres \u00a0de \u00a0familia \u00a0cautivos \u00a0de \u00a0las escuelas b\u00e1sicas y secundaria se \u00a0quejaron de \u00a0elevadas \u00a0cuotas que tuvieron que \u00a0pagar para inscribir \u00a0a sus \u00a0hijos, lamentaron que la advertencia del gobernador del \u00a0Estado en el sentido &hellip; <\/p>\n","protected":false},"author":1,"featured_media":73200,"comment_status":"open","ping_status":"open","sticky":false,"template":"","format":"standard","meta":{"footnotes":""},"categories":[17],"tags":[],"class_list":["post-74065","post","type-post","status-publish","format-standard","has-post-thumbnail","hentry","category-colaboraciones"],"_links":{"self":[{"href":"https:\/\/amanecerhuasteco.com\/portal\/wp-json\/wp\/v2\/posts\/74065","targetHints":{"allow":["GET"]}}],"collection":[{"href":"https:\/\/amanecerhuasteco.com\/portal\/wp-json\/wp\/v2\/posts"}],"about":[{"href":"https:\/\/amanecerhuasteco.com\/portal\/wp-json\/wp\/v2\/types\/post"}],"author":[{"embeddable":true,"href":"https:\/\/amanecerhuasteco.com\/portal\/wp-json\/wp\/v2\/users\/1"}],"replies":[{"embeddable":true,"href":"https:\/\/amanecerhuasteco.com\/portal\/wp-json\/wp\/v2\/comments?post=74065"}],"version-history":[{"count":1,"href":"https:\/\/amanecerhuasteco.com\/portal\/wp-json\/wp\/v2\/posts\/74065\/revisions"}],"predecessor-version":[{"id":74066,"href":"https:\/\/amanecerhuasteco.com\/portal\/wp-json\/wp\/v2\/posts\/74065\/revisions\/74066"}],"wp:featuredmedia":[{"embeddable":true,"href":"https:\/\/amanecerhuasteco.com\/portal\/wp-json\/wp\/v2\/media\/73200"}],"wp:attachment":[{"href":"https:\/\/amanecerhuasteco.com\/portal\/wp-json\/wp\/v2\/media?parent=74065"}],"wp:term":[{"taxonomy":"category","embeddable":true,"href":"https:\/\/amanecerhuasteco.com\/portal\/wp-json\/wp\/v2\/categories?post=74065"},{"taxonomy":"post_tag","embeddable":true,"href":"https:\/\/amanecerhuasteco.com\/portal\/wp-json\/wp\/v2\/tags?post=74065"}],"curies":[{"name":"wp","href":"https:\/\/api.w.org\/{rel}","templated":true}]}}