{"id":74070,"date":"2022-09-27T20:09:51","date_gmt":"2022-09-28T02:09:51","guid":{"rendered":"http:\/\/amanecerhuasteco.com\/portal\/?p=74070"},"modified":"2022-09-27T20:09:51","modified_gmt":"2022-09-28T02:09:51","slug":"el-interapas-se-encuentra-agotado-se-requiere-nuevo-mecanismo-que-garantice-un-abasto-eficiente-del-agua","status":"publish","type":"post","link":"https:\/\/amanecerhuasteco.com\/portal\/el-interapas-se-encuentra-agotado-se-requiere-nuevo-mecanismo-que-garantice-un-abasto-eficiente-del-agua\/","title":{"rendered":"El INTERAPAS se encuentra agotado: se requiere nuevo mecanismo que garantice un abasto eficiente del agua"},"content":{"rendered":"<p lang=\"es-ES\" align=\"center\">\n<p class=\"western\" lang=\"es-ES\" align=\"center\"><span style=\"font-family: Verdana, sans-serif;\"><span style=\"font-size: small;\"><b>AUTORIDADES MUNICIPALES HAN EXTERNADO SU SALIDA DEL ORGANISMO INTERAPAS: DIP. JOS\u00c9 LUIS FERN\u00c1NDEZ MART\u00cdNEZ<\/b><\/span><\/span><\/p>\n<p class=\"western\" lang=\"es-ES\" align=\"justify\"><span style=\"font-family: Verdana, sans-serif;\">El INTERAPAS es un organismo que est\u00e1 agotado, por lo que debe existir un nuevo mecanismo que sea eficiente para brindar el servicio de agua potable a la poblaci\u00f3n, se\u00f1al\u00f3 el diputado Jos\u00e9 Luis Fern\u00e1ndez Mart\u00ednez, integrante de la Comisi\u00f3n del Agua del Congreso del Estado. <\/span><\/p>\n<p class=\"western\" lang=\"es-ES\" align=\"justify\"><span style=\"font-family: Verdana, sans-serif;\">Precis\u00f3 que la presidenta municipal de Soledad de Graciano S\u00e1nchez ha externado su intenci\u00f3n de salir del organismo metropolitano de agua potable, INTERAPAS, por lo cual est\u00e1 planificando su retiro, situaci\u00f3n que confirma la evaluaci\u00f3n que ha manifestado, de que se debe encontrar una nueva forma de administrar la prestaci\u00f3n del servicio de agua potable para los habitantes de San Luis Potos\u00ed.<\/span><\/p>\n<p class=\"western\" lang=\"es-ES\" align=\"justify\">\u201c<span style=\"font-family: Verdana, sans-serif;\">Urge una reestructuraci\u00f3n total y el municipio de Soledad ha manifestado en muchas ocasiones que est\u00e1 planificando su retiro de este \u00f3rgano y confirma lo que todos sentimos, que es un organismo que est\u00e1 agotado y que tiene que encontrar una nueva forma de organizarse\u201d.<\/span><\/p>\n<p class=\"western\" lang=\"es-ES\" align=\"justify\"><span style=\"font-family: Verdana, sans-serif;\">Incluso, se\u00f1al\u00f3 que pueda existir la posibilidad de que viniera un nuevo organismo para atender las necesidades de estos municipios, a reserva de lo que decidiera el municipio de Soledad, \u201cporque el municipio de Soledad siento que va muy encaminado a su desincorporaci\u00f3n y creo que en los pr\u00f3ximos d\u00edas se va a dar la presentaci\u00f3n de la solicitud aqu\u00ed en el Congreso, y entonces esto seguramente abrir\u00e1 una gran discusi\u00f3n, y una buena oportunidad para cambiar de forma radical la forma en que se administra el agua en la ciudad capital, Soledad y Cerro de San Pedro\u201d.<\/span><\/p>\n<p class=\"western\" lang=\"es-ES\" align=\"justify\"><span style=\"font-family: Verdana, sans-serif;\">A\u00f1adi\u00f3 que lo que se busca es que los habitantes de San Luis Potos\u00ed tengan agua, independientemente de las fallas que pueda presentar el acueducto \u201cEl Realito\u201d, ya que la problem\u00e1tica para la prestaci\u00f3n del servicio de agua se presenta en todo el territorio que atiende.<\/span><\/p>\n<p class=\"western\" lang=\"es-ES\" align=\"justify\">\u201c<span style=\"font-family: Verdana, sans-serif;\">Si bien es cierto las fallas de \u201cEl Realito\u201d son muy medi\u00e1ticas, escandalosas y llaman mucho la atenci\u00f3n, no es el \u00fanico problema que tiene el organismo, ya que tiene deficiencias en la presentaci\u00f3n del servicio en todo el territorio, por lo tanto esto obliga a que este Congreso tome medidas para tratar de rescatar este servicio\u201d.<\/span><\/p>\n","protected":false},"excerpt":{"rendered":"<p>AUTORIDADES MUNICIPALES HAN EXTERNADO SU SALIDA DEL ORGANISMO INTERAPAS: DIP. JOS\u00c9 LUIS FERN\u00c1NDEZ MART\u00cdNEZ El INTERAPAS es un organismo que est\u00e1 agotado, por lo que debe existir un nuevo mecanismo que sea eficiente para brindar el servicio de agua potable a la poblaci\u00f3n, se\u00f1al\u00f3 el &hellip; <\/p>\n","protected":false},"author":1,"featured_media":74071,"comment_status":"open","ping_status":"open","sticky":false,"template":"","format":"standard","meta":{"footnotes":""},"categories":[23,11,4],"tags":[],"class_list":["post-74070","post","type-post","status-publish","format-standard","has-post-thumbnail","hentry","category-congreso","category-estado","category-inicio"],"_links":{"self":[{"href":"https:\/\/amanecerhuasteco.com\/portal\/wp-json\/wp\/v2\/posts\/74070","targetHints":{"allow":["GET"]}}],"collection":[{"href":"https:\/\/amanecerhuasteco.com\/portal\/wp-json\/wp\/v2\/posts"}],"about":[{"href":"https:\/\/amanecerhuasteco.com\/portal\/wp-json\/wp\/v2\/types\/post"}],"author":[{"embeddable":true,"href":"https:\/\/amanecerhuasteco.com\/portal\/wp-json\/wp\/v2\/users\/1"}],"replies":[{"embeddable":true,"href":"https:\/\/amanecerhuasteco.com\/portal\/wp-json\/wp\/v2\/comments?post=74070"}],"version-history":[{"count":1,"href":"https:\/\/amanecerhuasteco.com\/portal\/wp-json\/wp\/v2\/posts\/74070\/revisions"}],"predecessor-version":[{"id":74072,"href":"https:\/\/amanecerhuasteco.com\/portal\/wp-json\/wp\/v2\/posts\/74070\/revisions\/74072"}],"wp:featuredmedia":[{"embeddable":true,"href":"https:\/\/amanecerhuasteco.com\/portal\/wp-json\/wp\/v2\/media\/74071"}],"wp:attachment":[{"href":"https:\/\/amanecerhuasteco.com\/portal\/wp-json\/wp\/v2\/media?parent=74070"}],"wp:term":[{"taxonomy":"category","embeddable":true,"href":"https:\/\/amanecerhuasteco.com\/portal\/wp-json\/wp\/v2\/categories?post=74070"},{"taxonomy":"post_tag","embeddable":true,"href":"https:\/\/amanecerhuasteco.com\/portal\/wp-json\/wp\/v2\/tags?post=74070"}],"curies":[{"name":"wp","href":"https:\/\/api.w.org\/{rel}","templated":true}]}}