{"id":74089,"date":"2022-09-27T20:44:55","date_gmt":"2022-09-28T02:44:55","guid":{"rendered":"http:\/\/amanecerhuasteco.com\/portal\/?p=74089"},"modified":"2022-09-27T20:44:55","modified_gmt":"2022-09-28T02:44:55","slug":"augura-mario-delgado-que-vienen-mejores-anos-para-san-luis-potosi-con-el-gobierno-de-ricardo-gallardo","status":"publish","type":"post","link":"https:\/\/amanecerhuasteco.com\/portal\/augura-mario-delgado-que-vienen-mejores-anos-para-san-luis-potosi-con-el-gobierno-de-ricardo-gallardo\/","title":{"rendered":"Augura Mario Delgado que vienen mejores a\u00f1os para san luis potos\u00ed con el gobierno de Ricardo Gallardo"},"content":{"rendered":"<p class=\"western\" lang=\"es-ES\" align=\"center\">\n<ul>\n<li>\n<p lang=\"es-ES\" align=\"justify\"><span style=\"font-family: Arial, serif;\"><span style=\"font-size: small;\"><b>El presidente nacional de Morena felicit\u00f3 al Mandatario potosino y reconoci\u00f3 que el Estado est\u00e1 viviendo tiempos de cambio<\/b><\/span><\/span><\/p>\n<\/li>\n<\/ul>\n<p class=\"western\" lang=\"es-ES\" align=\"justify\">\n<p class=\"western\" lang=\"es-ES\" align=\"justify\"><span style=\"font-family: Arial, serif;\"><span style=\"font-size: small;\">El presidente de Movimiento Regeneraci\u00f3n Nacional (Morena), Mario Delgado Carrillo, felicit\u00f3 y reconoci\u00f3 el Gobernador de San Luis Potos\u00ed Ricardo Gallardo Cardona por su primer a\u00f1o al frente del Ejecutivo estatal, tiempo en el que ha conseguido cambios importantes.<\/span><\/span><\/p>\n<p class=\"western\" lang=\"es-ES\" align=\"justify\">\u201c<span style=\"font-family: Arial, serif;\"><span style=\"font-size: small;\">\u00a1Muchas felicidades, gobernador por tu 1er Informe de Resultados! Sabemos que el pueblo de San Luis Potos\u00ed est\u00e1 viviendo tiempos de cambio. Que vengan m\u00e1s a\u00f1os de buenos resultados. Enhorabuena\u201d, escribi\u00f3 en Twitter Delgado Carrillo al compartir una publicaci\u00f3n desde la cuenta oficial del Mandatario potosino.<\/span><\/span><\/p>\n<p class=\"western\" lang=\"es-ES\" align=\"justify\"><span style=\"font-family: Arial, serif;\"><span style=\"font-size: small;\">El lunes, Gallardo Cardona present\u00f3 en el aniversario de su toma de protesta, su Primer Informe de Resultados, el cual entre el c\u00famulo de datos presentados destac\u00f3 el trabajo del Gobierno de San Luis Potos\u00ed en favor de los que menos tienen con pol\u00edticas p\u00fablicas coincidentes con la cuarta transformaci\u00f3n que a nivel nacional implementa el presidente Andr\u00e9s Manuel L\u00f3pez Obrador.<\/span><\/span><\/p>\n<p class=\"western\" lang=\"es-ES\" align=\"justify\"><span style=\"font-family: Arial, serif;\"><span style=\"font-size: small;\">El Gobierno de la Ciudad de M\u00e9xico, por medio de Carlos Alberto Ulloa P\u00e9rez, secretario de Desarrollo Urbano y Vivienda, tambi\u00e9n envi\u00f3 una felicitaci\u00f3n a Gallardo Cardona y destac\u00f3 las acciones durante este primer a\u00f1o en materia de inversi\u00f3n en infraestructura y salud en beneficio de los potosinos.<\/span><\/span><\/p>\n","protected":false},"excerpt":{"rendered":"<p>El presidente nacional de Morena felicit\u00f3 al Mandatario potosino y reconoci\u00f3 que el Estado est\u00e1 viviendo tiempos de cambio El presidente de Movimiento Regeneraci\u00f3n Nacional (Morena), Mario Delgado Carrillo, felicit\u00f3 y reconoci\u00f3 el Gobernador de San Luis Potos\u00ed Ricardo Gallardo Cardona por su primer a\u00f1o &hellip; <\/p>\n","protected":false},"author":1,"featured_media":74090,"comment_status":"open","ping_status":"open","sticky":false,"template":"","format":"standard","meta":{"footnotes":""},"categories":[11,4,12],"tags":[],"class_list":["post-74089","post","type-post","status-publish","format-standard","has-post-thumbnail","hentry","category-estado","category-inicio","category-nacional"],"_links":{"self":[{"href":"https:\/\/amanecerhuasteco.com\/portal\/wp-json\/wp\/v2\/posts\/74089","targetHints":{"allow":["GET"]}}],"collection":[{"href":"https:\/\/amanecerhuasteco.com\/portal\/wp-json\/wp\/v2\/posts"}],"about":[{"href":"https:\/\/amanecerhuasteco.com\/portal\/wp-json\/wp\/v2\/types\/post"}],"author":[{"embeddable":true,"href":"https:\/\/amanecerhuasteco.com\/portal\/wp-json\/wp\/v2\/users\/1"}],"replies":[{"embeddable":true,"href":"https:\/\/amanecerhuasteco.com\/portal\/wp-json\/wp\/v2\/comments?post=74089"}],"version-history":[{"count":1,"href":"https:\/\/amanecerhuasteco.com\/portal\/wp-json\/wp\/v2\/posts\/74089\/revisions"}],"predecessor-version":[{"id":74091,"href":"https:\/\/amanecerhuasteco.com\/portal\/wp-json\/wp\/v2\/posts\/74089\/revisions\/74091"}],"wp:featuredmedia":[{"embeddable":true,"href":"https:\/\/amanecerhuasteco.com\/portal\/wp-json\/wp\/v2\/media\/74090"}],"wp:attachment":[{"href":"https:\/\/amanecerhuasteco.com\/portal\/wp-json\/wp\/v2\/media?parent=74089"}],"wp:term":[{"taxonomy":"category","embeddable":true,"href":"https:\/\/amanecerhuasteco.com\/portal\/wp-json\/wp\/v2\/categories?post=74089"},{"taxonomy":"post_tag","embeddable":true,"href":"https:\/\/amanecerhuasteco.com\/portal\/wp-json\/wp\/v2\/tags?post=74089"}],"curies":[{"name":"wp","href":"https:\/\/api.w.org\/{rel}","templated":true}]}}