{"id":74195,"date":"2022-09-29T21:42:48","date_gmt":"2022-09-30T03:42:48","guid":{"rendered":"http:\/\/amanecerhuasteco.com\/portal\/?p=74195"},"modified":"2022-09-29T21:42:48","modified_gmt":"2022-09-30T03:42:48","slug":"sege-y-cjm-coordinan-esfuerzos-para-reforzar-prevencion-de-la-violencia","status":"publish","type":"post","link":"https:\/\/amanecerhuasteco.com\/portal\/sege-y-cjm-coordinan-esfuerzos-para-reforzar-prevencion-de-la-violencia\/","title":{"rendered":"SEGE y CJM coordinan esfuerzos para reforzar prevenci\u00f3n de la violencia"},"content":{"rendered":"<p class=\"western\" lang=\"es-ES\" align=\"center\">\n<ul>\n<li>\n<p lang=\"es-ES\" align=\"justify\"><span style=\"font-family: Arial, serif;\"><span style=\"font-size: small;\"><b>Se realizar\u00e1n capacitaciones y talleres para garantizar que las y los estudiantes se desarrollen en un entorno seguro, como lo ha instruido el Gobernador del Estado<\/b><\/span><\/span><\/p>\n<\/li>\n<\/ul>\n<p class=\"western\" lang=\"es-ES\" align=\"justify\">\n<p class=\"western\" lang=\"es-ES\" align=\"justify\"><span style=\"font-family: Arial, serif;\"><span style=\"font-size: small;\">La Secretar\u00eda de Educaci\u00f3n de Gobierno del Estado (SEGE) coordina acciones de trabajo con el Centro de Justicia para las Mujeres (CJM) para brindar cursos, talleres y capacitaciones al personal docente, as\u00ed como a las y los alumnos de educaci\u00f3n b\u00e1sica, en materia de prevenci\u00f3n de los distintos tipos de violencia, como lo defini\u00f3 el Gobernador de San Luis Potos\u00ed, Ricardo Gallardo Cardona, gracia a la firma de un convenio de colaboraci\u00f3n.<\/span><\/span><\/p>\n<p class=\"western\" lang=\"es-ES\" align=\"justify\"><span style=\"font-family: Arial, serif;\"><span style=\"font-size: small;\">El titular de la SEGE, Juan Carlos Torres Cedillo, destac\u00f3 la importancia de seguir trabajando, en uno de los ejes principales del Gobierno del cambio, de generar espacios para que las y los ni\u00f1os se desarrollen en un entorno seguro, \u201ces indispensable que los centros educativos sean lugares libres de violencia garantizando que los educandos se desarrollen de manera integral\u201d.<\/span><\/span><\/p>\n<p class=\"western\" lang=\"es-ES\" align=\"justify\"><span style=\"font-family: Arial, serif;\"><span style=\"font-size: small;\">En este Convenio General de Colaboraci\u00f3n firmado por Juan Carlos Torres Cedillo y M\u00f3nica Kemp Zamudio, titulares de la Secretar\u00eda de Educaci\u00f3n y del Centro de Justicia para las Mujeres, respectivamente, se establecen los mecanismos de coordinaci\u00f3n y apoyo que realizar\u00e1n ambas instituciones, teniendo como prioridad aquellas zonas del Estado con mayor problem\u00e1tica.<\/span><\/span><\/p>\n<p class=\"western\" lang=\"es-ES\" align=\"justify\"><span style=\"font-family: Arial, serif;\"><span style=\"font-size: small;\">Las acciones est\u00e1n enfocadas a proporcionar en las instituciones educativas, capacitaciones, pl\u00e1ticas y talleres en materia de prevenci\u00f3n de diversos tipos de violencia, adem\u00e1s, se realizar\u00e1n actividades de sensibilizaci\u00f3n, desarrollo de habilidades, promoci\u00f3n de conductas saludables y el fortalecimiento de valores para evitar que la violencia ocurra dentro y fuera del contexto escolar y familiar.<\/span><\/span><\/p>\n","protected":false},"excerpt":{"rendered":"<p>Se realizar\u00e1n capacitaciones y talleres para garantizar que las y los estudiantes se desarrollen en un entorno seguro, como lo ha instruido el Gobernador del Estado La Secretar\u00eda de Educaci\u00f3n de Gobierno del Estado (SEGE) coordina acciones de trabajo con el Centro de Justicia para &hellip; <\/p>\n","protected":false},"author":1,"featured_media":74196,"comment_status":"open","ping_status":"open","sticky":false,"template":"","format":"standard","meta":{"footnotes":""},"categories":[11,4],"tags":[],"class_list":["post-74195","post","type-post","status-publish","format-standard","has-post-thumbnail","hentry","category-estado","category-inicio"],"_links":{"self":[{"href":"https:\/\/amanecerhuasteco.com\/portal\/wp-json\/wp\/v2\/posts\/74195","targetHints":{"allow":["GET"]}}],"collection":[{"href":"https:\/\/amanecerhuasteco.com\/portal\/wp-json\/wp\/v2\/posts"}],"about":[{"href":"https:\/\/amanecerhuasteco.com\/portal\/wp-json\/wp\/v2\/types\/post"}],"author":[{"embeddable":true,"href":"https:\/\/amanecerhuasteco.com\/portal\/wp-json\/wp\/v2\/users\/1"}],"replies":[{"embeddable":true,"href":"https:\/\/amanecerhuasteco.com\/portal\/wp-json\/wp\/v2\/comments?post=74195"}],"version-history":[{"count":1,"href":"https:\/\/amanecerhuasteco.com\/portal\/wp-json\/wp\/v2\/posts\/74195\/revisions"}],"predecessor-version":[{"id":74197,"href":"https:\/\/amanecerhuasteco.com\/portal\/wp-json\/wp\/v2\/posts\/74195\/revisions\/74197"}],"wp:featuredmedia":[{"embeddable":true,"href":"https:\/\/amanecerhuasteco.com\/portal\/wp-json\/wp\/v2\/media\/74196"}],"wp:attachment":[{"href":"https:\/\/amanecerhuasteco.com\/portal\/wp-json\/wp\/v2\/media?parent=74195"}],"wp:term":[{"taxonomy":"category","embeddable":true,"href":"https:\/\/amanecerhuasteco.com\/portal\/wp-json\/wp\/v2\/categories?post=74195"},{"taxonomy":"post_tag","embeddable":true,"href":"https:\/\/amanecerhuasteco.com\/portal\/wp-json\/wp\/v2\/tags?post=74195"}],"curies":[{"name":"wp","href":"https:\/\/api.w.org\/{rel}","templated":true}]}}