{"id":74276,"date":"2022-10-02T21:17:21","date_gmt":"2022-10-03T03:17:21","guid":{"rendered":"http:\/\/amanecerhuasteco.com\/portal\/?p=74276"},"modified":"2022-10-02T21:17:21","modified_gmt":"2022-10-03T03:17:21","slug":"entre-columnas-536","status":"publish","type":"post","link":"https:\/\/amanecerhuasteco.com\/portal\/entre-columnas-536\/","title":{"rendered":"ENTRE COLUMNAS"},"content":{"rendered":"<p class=\"western\" align=\"justify\">\n<img decoding=\"async\" class=\"alignnone size-full wp-image-73200\" src=\"https:\/\/amanecerhuasteco.com\/portal\/wp-content\/uploads\/2022\/09\/IMG-20220904-WA0001.jpg\" alt=\"\" width=\"1080\" height=\"1061\" srcset=\"https:\/\/amanecerhuasteco.com\/portal\/wp-content\/uploads\/2022\/09\/IMG-20220904-WA0001.jpg 1080w, https:\/\/amanecerhuasteco.com\/portal\/wp-content\/uploads\/2022\/09\/IMG-20220904-WA0001-300x295.jpg 300w, https:\/\/amanecerhuasteco.com\/portal\/wp-content\/uploads\/2022\/09\/IMG-20220904-WA0001-1024x1006.jpg 1024w\" sizes=\"(max-width: 1080px) 100vw, 1080px\" \/><\/p>\n<p class=\"western\"><span style=\"font-family: 'Arial Rounded MT Bold', serif;\"><span style=\"font-size: x-large;\"><b>OTRO QUE SE FUE; MOWGLI SANDINO\u2026..<\/b><\/span><\/span><span style=\"font-family: 'Arial Rounded MT Bold', serif;\"><span style=\"font-size: x-large;\"><b>El gobernador del estado oficializo la baja de su gabinete del titular de la Junta Estatal de Caminos (JEC) Mowgli Sandino Guti\u00e9rrez, tambi\u00e9n revel\u00f3 la salida de Edmundo R\u00edos Jauregui como director del Instituto Potosino de Cultura F\u00edsica y Deporte (INPODE).<\/b><\/span><\/span><\/p>\n<p class=\"western\"><span style=\"font-family: 'Arial Rounded MT Bold', serif;\"><span style=\"font-size: x-large;\"><b>Dijo adem\u00e1s que otros dos funcionarios se encuentran en evaluaci\u00f3n, y afirm\u00f3 que muy probablemente haya cambios en esas dependencias, el motivo principal de estos movimientos es fortalecer su gabinete, y que \u00e9ste pueda garantizar un mejor servicio a los potosinos.<\/b><\/span><\/span><\/p>\n<p class=\"western\"><span style=\"font-family: 'Arial Rounded MT Bold', serif;\"><span style=\"font-size: x-large;\"><b>En fechas recientes hubo otros ajustes en la Secretar\u00eda de Turismo, Contralor\u00eda Estatal y el Instituto Potosino de la Juventud, lo que demuestra que al gobernador no le tiembla la mano para quitar a las personas que no pueden ofrecer el alto rendimiento que demandan las dependencias y el compromiso con el pueblo Potosino.<\/b><\/span><\/span><\/p>\n<p class=\"western\"><span style=\"font-family: 'Arial Rounded MT Bold', serif;\"><span style=\"font-size: x-large;\"><b>+++++++++++++<\/b><\/span><\/span><b> <\/b><\/p>\n<p class=\"western\"><span style=\"color: #222222;\"><span style=\"font-family: 'Arial Rounded MT Bold', serif;\"><span style=\"font-size: xx-large;\"><b>EXCEPCIONAL TRABAJO DEL GOBERNADOR RICARDO GALLARDO CARDONA.<\/b><\/span><\/span><\/span><\/p>\n<p class=\"western\"><span style=\"color: #222222;\"><span style=\"font-family: 'Arial Rounded MT Bold', serif;\"><span style=\"font-size: xx-large;\"><b>+.- Plasmado en su primer informe de gobierno de cara ante el pueblo Potosino.<\/b><\/span><\/span><\/span><\/p>\n<p class=\"western\"><span style=\"color: #222222;\"><span style=\"font-family: 'Arial Rounded MT Bold', serif;\"><span style=\"font-size: xx-large;\"><b>En un a\u00f1o Ricardo Gallardo ha trabajado como ning\u00fan otro Gobernador en un Sexenio, respuesta de la ciudadan\u00eda Potosina tras la rendici\u00f3n de cuentas a su primer a\u00f1o de gobierno, no existe antecedente alguno en la historia pol\u00edtica del estado, que en un a\u00f1o hayan realizado lo de un sexenio del pasado reciente, destacando las obras en carreteras estatales que por a\u00f1os estuvieron olvidadas en la Huasteca, ahora son flamante v\u00edas de comunicaci\u00f3n y otras en proceso, sin descuidar la educaci\u00f3n, la juventud estudiosa con servicio de transporte gratuito, a miles de ni\u00f1os art\u00edculos escolares, calzado y uniformes, al sector social con la apertura de tortiller\u00edas con precios a menos de la mitad de los que imperan en el mercado, agua purificada gratis y un sinf\u00edn de beneficios a la comunidad en general. Los adversarios pol\u00edticos como ocurre a nivel nacional con AMLO, critican el trabajo del Mandatario, no ven en los hechos, la tangible realidad de la obra que detona cada una de las cuatro regiones del territorio potosino y a\u00fan tiene cinco a\u00f1os mas para cumplir con mas compromisos.<\/b><\/span><\/span><\/span><\/p>\n<p class=\"western\"><span style=\"font-family: 'Arial Rounded MT Bold', serif;\"><span style=\"font-size: xx-large;\"><b>Por ejemplo; beneficiarios de la obra de rehabilitaci\u00f3n de las laterales de la Carretera 57, agradecieron por las obras y apoyos entregados en menos de un a\u00f1o de gesti\u00f3n reconocieron que durante su primer a\u00f1o de gesti\u00f3n, ha logrado lo que otros gobernadores no pudieron en los seis que estuvieron en el poder.<\/b><\/span><\/span><\/p>\n<p class=\"western\"><span style=\"font-family: 'Arial Rounded MT Bold', serif;\"><span style=\"font-size: xx-large;\"><b>Medios informativos Tuneros publican una serie de entrevistas con la voz del pueblo, reproducimos algunas: Las se\u00f1oras Carolina Ram\u00edrez y Alejandra Santos, habitantes de la colonia Las Palmas, adem\u00e1s de decirse contentas con las obras, afirmaron que no se equivocaron al elegir el proyecto del cambio de Ricardo Gallardo Cardona, un Mandatario diferente y m\u00e1s cercano a la gente \u201cnunca hab\u00edamos conocido a un Gobernador que se apersonara a trabajar, como lo est\u00e1 haciendo Gallardo Cardona, mis felicitaciones porque evidentemente es incansable\u201d, expresaron.<\/b><\/span><\/span><\/p>\n<p class=\"western\"><span style=\"font-family: 'Arial Rounded MT Bold', serif;\"><span style=\"font-size: xx-large;\"><b>Las vecinas Mar\u00eda Victoria Robles S\u00e1nchez y Gabriela Serrano, de la Unidad Habitacional Fidel Vel\u00e1zquez, pidieron al gobernador \u201cseguir as\u00ed como va, demostrando que est\u00e1 trabajando, a diferencia de Gobernadores que terminaron sus sexenios y ninguno se preocup\u00f3 por toda la ciudadan\u00eda, con obras y apoyos.<\/b><\/span><\/span><\/p>\n<p class=\"western\"><span style=\"font-family: 'Arial Rounded MT Bold', serif;\"><span style=\"font-size: xx-large;\"><b>Las entrevistadas coincidieron adem\u00e1s en destacar que las obras y acciones emprendidas por el Gobernador han sido para todos, en las distintas colonias populares y en las cuatro zonas del Estado, sin distingos de ning\u00fan tipo, pues est\u00e1 trabajando para toda la gente.<\/b><\/span><\/span><\/p>\n<p class=\"western\"><span style=\"font-family: 'Arial Rounded MT Bold', serif;\"><span style=\"font-size: xx-large;\"><b>+++++++++++++<\/b><\/span><\/span><\/p>\n<p class=\"western\"><span style=\"font-family: 'Arial Rounded MT Bold', serif;\"><b>CARROCERIAS BUSTOS<\/b><\/span><\/p>\n<p class=\"western\"><span style=\"font-family: 'Arial Rounded MT Bold', serif;\"><span style=\"font-size: large;\"><b>Reforma y Lerdo de tejada Col. Altavista.<\/b><\/span><\/span><\/p>\n<p class=\"western\"><span style=\"font-family: 'Arial Rounded MT Bold', serif;\"><span style=\"font-size: large;\"><b>Cd Valles SLP Tel. 3824777.<\/b><\/span><\/span><\/p>\n<p class=\"western\"><span style=\"font-family: 'Arial Rounded MT Bold', serif;\"><span style=\"font-size: large;\"><b>En carrocer\u00edas para camiones y camionetas nadie nos compite.<\/b><\/span><\/span><\/p>\n<p class=\"western\"><span style=\"font-family: 'Arial Rounded MT Bold', serif;\"><span style=\"font-size: large;\"><b>+++++++++++++++<\/b><\/span><\/span><\/p>\n<p class=\"western\"><span style=\"font-family: 'Arial Rounded MT Bold', serif;\"><span style=\"font-size: x-large;\"><b>CLAUSUSRAN TIENDA SAMS . <\/b><\/span><\/span><\/p>\n<p class=\"western\"><span style=\"font-family: 'Arial Rounded MT Bold', serif;\"><span style=\"font-size: x-large;\"><b>&#8211; No es por la multa que se negaban a pagar en Valles.<\/b><\/span><\/span><\/p>\n<p class=\"western\"><span style=\"font-family: 'Arial Rounded MT Bold', serif;\"><span style=\"font-size: x-large;\"><b>Por revisar a sus clientes el ticket y la mercanc\u00eda de compras al salir de la tienda, algo que no es permitido, la PROFECO orden\u00f3 la clausura del establecimiento \u201cClub Neza\u201d <\/b><\/span><\/span><\/p>\n<p class=\"western\"><span style=\"font-family: 'Arial Rounded MT Bold', serif;\"><span style=\"font-size: x-large;\"><b>Seg\u00fan la dependencia federal se considera como una pr\u00e1ctica en contra de los consumidores el revisar la mercanc\u00eda que se compr\u00f3 y pag\u00f3 en cualquiera de sus formas.<\/b><\/span><\/span><\/p>\n<p class=\"western\"><span style=\"font-family: 'Arial Rounded MT Bold', serif;\"><span style=\"font-size: x-large;\"><b>Esta revisi\u00f3n suelen hacer antes de salir el cliente de la tienda en el caso de Ciudad Valles, hasta que se realiza el chequeo, se permite ela salida del \u201ccarrito y su carga\u201d<\/b><\/span><\/span><\/p>\n<p class=\"western\"><span style=\"font-family: 'Arial Rounded MT Bold', serif;\"><span style=\"font-size: x-large;\"><b>+++++++<\/b><\/span><\/span><\/p>\n<p class=\"western\"><span style=\"font-family: 'Arial Rounded MT Bold', serif;\"><span style=\"font-size: x-large;\"><b>OBRAS ABANDONADAS POR FALTA DE DINERO.<\/b><\/span><\/span><\/p>\n<p class=\"western\"><span style=\"font-family: 'Arial Rounded MT Bold', serif;\"><span style=\"font-size: x-large;\"><b>+.- Para presentaci\u00f3n de artistas no escatiman egresos$$<\/b><\/span><\/span><\/p>\n<p class=\"western\"><span style=\"color: #050505;\"><span style=\"font-family: 'Arial Rounded MT Bold', serif;\"><span style=\"font-size: xx-large;\"><b>Las buenas intenciones de la administraci\u00f3n municipal de Valle tiene l\u00edmites cuando los recurso econ\u00f3micos son insuficientes y l ciudadan\u00eda reclama d sus necesidades, en este caso varias obras en proceso se han paralizado, seg\u00fan la justificaci\u00f3n del alcalde es que \u201ctodos quieren obras\u201d y como ejemplo el Ayuntamiento no ha terminado las obras que inici\u00f3 hace algunos meses: la calle Hait\u00ed, la Tauro (acceso al Tec), el puente del poblado Le\u00f3n Garc\u00eda, parte de la Ej\u00e9rcito Mexicano y la calle V\u00eda L\u00e1ctea. La falta de recursos econ\u00f3micos aunado a las lluvias, se han suspendido las obras, sin embargo dice que la avenida al Tecnol\u00f3gico esta en proceso de licitaci\u00f3n y el cuanto al libramiento Ejercito Mexicano que ES UN BARRIL SIN FONDO cada sexenio o trienio invierten millones de pesos en reparaciones y siempre sigue igual, se recordar\u00e1 que la administraci\u00f3n Independiente en los \u00faltimos meses invirti\u00f3 3 millones de pesos en un asfalto a prueba de lluvias y no soport\u00f3 el primer chaparr\u00f3n, est\u00e1 de nueva cuenta intransitable.<\/b><\/span><\/span><\/span><\/p>\n<p class=\"western\"><span style=\"color: #050505;\"><span style=\"font-family: 'Arial Rounded MT Bold', serif;\"><span style=\"font-size: xx-large;\"><b>Ah la buena noticia es que el pr\u00f3ximo a\u00f1o el gobierno municipal actual invertir\u00e1 CIEN MILLONES DE PESOS en calles, no se aclara si pavimentaci\u00f3n, relleno o una manita de gato para hacerlas accesibles en temporada no lluviosa.<\/b><\/span><\/span><\/span><\/p>\n<p class=\"western\"><span style=\"color: #050505;\"><span style=\"font-family: 'Arial Rounded MT Bold', serif;\"><span style=\"font-size: xx-large;\"><b>+++++++++++<\/b><\/span><\/span><\/span><\/p>\n<p class=\"western\"><span style=\"color: #1a1a1a;\"><span style=\"font-family: 'Arial Rounded MT Bold', serif;\"><span style=\"font-size: xx-large;\"><b>+++++++++++++<\/b><\/span><\/span><\/span><\/p>\n<p class=\"western\"><span style=\"color: #1a1a1a;\"><span style=\"font-family: 'Arial Rounded MT Bold', serif;\"><span style=\"font-size: xx-large;\"><b>EST\u00c1 URGIDO DE DINERO?<\/b><\/span><\/span><\/span><\/p>\n<p class=\"western\"><span style=\"font-family: 'Arial Rounded MT Bold', serif;\"><span style=\"font-size: xx-large;\"><b>Pr\u00e9stamos de dinero inmediatos a pensionados CFE, ISSSTE.FFCC, SCT, PEMEX, ACTIVOS Y JUBILADIS IMSS SIN AFECTAR TARJETON. Ll\u00e1menos las 24 hrs del d\u00eda 4811039565<\/b><\/span><\/span><\/p>\n<p class=\"western\"><span style=\"font-family: 'Arial Rounded MT Bold', serif;\"><span style=\"font-size: xx-large;\"><b>CREDITO INMEDIATO <\/b><\/span><\/span><\/p>\n<p class=\"western\"><span style=\"font-family: 'Arial Rounded MT Bold', serif;\"><span style=\"font-size: medium;\"><b>+++++++++++++<\/b><\/span><\/span><\/p>\n<p class=\"western\"><span style=\"color: #101010;\"><span style=\"font-family: 'Arial Rounded MT Bold', serif;\"><span style=\"font-size: x-large;\"><b>\u00bfDEVOLVIERON O ACLARARON DONDE APLICARON LOS MILLONES DE PESOS. ESTOS EX ALCALDES DE VALLES?<\/b><\/span><\/span><\/span><\/p>\n<p class=\"western\"><span style=\"color: #101010;\"><span style=\"font-family: 'Arial Rounded MT Bold', serif;\"><span style=\"font-size: x-large;\"><b>+.- Anteriormente se tapaban con la misma cobija, era una regla no escrita.<\/b><\/span><\/span><\/span><\/p>\n<p class=\"western\"><span style=\"color: #101010;\"><span style=\"font-family: 'Arial Rounded MT Bold', serif;\"><span style=\"font-size: x-large;\"><b>+.- En la \u201ccuerda floja\u201d <\/b><\/span><\/span><\/span><span style=\"color: #434343;\"><span style=\"font-family: 'Arial Rounded MT Bold', serif;\"><span style=\"font-size: x-large;\"><b>Juan Jos\u00e9, Ter\u00e1n y Esper los presuntos responsables<\/b><\/span><\/span><\/span><\/p>\n<p class=\"western\"><span style=\"font-family: 'Arial Rounded MT Bold', serif;\"><span style=\"font-size: x-large;\"><b>Posiblemente la \u00fanica acci\u00f3n positiva que haya hecho como diputado federal por el PT del IV distrito con sede en Valles el anterior legislador, fue su denuncia por presuntos malos manejos de los recursos p\u00fablicos del ex alcalde JJOA, cuyos resultados de la auditor\u00eda fue notificada a la actual administraci\u00f3n que preside <\/b><\/span><\/span><span style=\"color: #434343;\"><span style=\"font-family: 'Arial Rounded MT Bold', serif;\"><span style=\"font-size: x-large;\"><b>David Armando Medina Salazar las irregularidades por m\u00e1s de 22 millones 742 mil 850.50 pesos detectadas por la ASF datan desde los gobiernos de los ex alcaldes Ter\u00e1n y Juan Jos\u00e9, mientras que del independiente Adri\u00e1n Esper C\u00e1rdenas es enorme en millones de pesos.<\/b><\/span><\/span><\/span><\/p>\n<p class=\"western\"><span style=\"color: #434343;\"><span style=\"font-family: 'Arial Rounded MT Bold', serif;\"><span style=\"font-size: x-large;\"><b>Seg\u00fan antecedentes la resoluci\u00f3n finca responsabilidades resarcitorias a Jorge Ter\u00e1n Ju\u00e1rez y Alberto Rivas Rubio as\u00ed como a Juan Jos\u00e9 Ortiz Azuara y su tesorero Sinesio Hervert L\u00f3pez despu\u00e9s de la auditor\u00eda aplicada por la propia ASF donde encontr\u00f3 un da\u00f1o a los recursos del fondo de infraestructura social municipal de la cuenta p\u00fablica 2015 por da\u00f1o a la hacienda p\u00fablica federal por 22 millones 742 mil 850.50 pesos.<\/b><\/span><\/span><\/span><\/p>\n<p class=\"western\"><span style=\"color: #434343;\"><span style=\"font-family: 'Arial Rounded MT Bold', serif;\"><span style=\"font-size: x-large;\"><b>El mun\u00edcipe en funciones inform\u00f3 que adem\u00e1s de esta observaci\u00f3n existe una de la ASE del ex edil donde el da\u00f1o al horario p\u00fablico del ramo 28 por $51, 538,040 pesos. De todo esto se dar\u00e1 vista a la Fiscal\u00eda del Estado y remarc\u00f3 que no ser\u00e1 c\u00f3mplice de malos manejos como lo habr\u00edan hecho sus antecesores y va requerir la devoluci\u00f3n de estos recursos porque no ser\u00e1 parte de las malas pr\u00e1cticas que se hac\u00edan antes donde los ex alcaldes no denunciaban las irregularidades. Se tapaban con la misma cocbija.<\/b><\/span><\/span><\/span><\/p>\n<p class=\"western\"><span style=\"font-family: 'Arial Rounded MT Bold', serif;\"><span style=\"font-size: x-large;\"><b>+++++++<\/b><\/span><\/span><\/p>\n<p class=\"western\"><span style=\"color: #050505;\"><span style=\"font-family: 'Arial Rounded MT Bold', serif;\"><span style=\"font-size: x-large;\"><b>En espacios cerrados, mantente puesto el cubrebocas y si estas al aire libre y te lo quitas, recuerda mantener una distancia de al menos 2 metros de otras personas. <\/b><\/span><\/span><\/span><\/p>\n<p class=\"western\"><span style=\"color: #050505;\"><span style=\"font-family: 'Arial Rounded MT Bold', serif;\"><span style=\"font-size: x-large;\"><b>La pandemia no ha terminado; mant\u00e9n las medidas de prevenci\u00f3n y \u00a1corta el contagio!<\/b><\/span><\/span><\/span><\/p>\n<p class=\"western\"><span style=\"font-family: 'Arial Rounded MT Bold', serif;\"><span style=\"font-size: xx-large;\"><b>+++++++++++<\/b><\/span><\/span><\/p>\n<p class=\"western\"><span style=\"font-family: 'Arial Rounded MT Bold', serif;\"><span style=\"font-size: xx-large;\"><b>QFB FABIOLA GARCIA ALVAREZ<\/b><\/span><\/span><\/p>\n<p class=\"western\"><span style=\"font-family: 'Arial Rounded MT Bold', serif;\"><span style=\"font-size: xx-large;\"><b>Perito dictaminador en an\u00e1lisis bacteriol\u00f3gico de agua y alimentos con n\u00famero GES-PD 0705<\/b><\/span><\/span><\/p>\n<p class=\"western\"><span style=\"font-family: 'Arial Rounded MT Bold', serif;\"><span style=\"font-size: xx-large;\"><b>Perito dictaminador en estupefacientes GES-PD0523<\/b><\/span><\/span><\/p>\n<p class=\"western\"><span style=\"font-family: 'Arial Rounded MT Bold', serif;\"><span style=\"font-size: xx-large;\"><b>Maestr\u00eda en an\u00e1lisis cl\u00ednicos 1301 \u2013 368068<\/b><\/span><\/span><\/p>\n<p class=\"western\"><span style=\"font-family: 'Arial Rounded MT Bold', serif;\"><span style=\"font-size: xx-large;\"><b>Ced prof 8664204 Tel. 38 1 66 64<\/b><\/span><\/span><\/p>\n<p class=\"western\"><span style=\"font-family: 'Arial Rounded MT Bold', serif;\"><span style=\"font-size: xx-large;\"><b>Asesor\u00eda, auditor\u00eda y gesti\u00f3n ambiental.<\/b><\/span><\/span><\/p>\n<p class=\"western\"><span style=\"font-family: 'Arial Rounded MT Bold', serif;\"><span style=\"font-size: xx-large;\"><b>G. Victoria No. 8 zona centro Cd Valles SLP.<\/b><\/span><\/span><\/p>\n<p class=\"western\" align=\"justify\"><span style=\"font-family: 'Arial Rounded MT Bold', serif;\"><span style=\"font-size: xx-large;\"><b>+++<\/b><\/span><\/span><\/p>\n<p class=\"western\" align=\"justify\"><span style=\"font-family: 'Arial Rounded MT Bold', serif;\"><span style=\"font-size: xx-large;\"><b>LOS CAMPOS DEPORTIVOS SEGUIR<\/b><\/span><\/span><span style=\"font-family: 'Arial Rounded MT Bold', serif;\"><span style=\"font-size: xx-large;\"><b>\u00c1<\/b><\/span><\/span><span style=\"font-family: 'Arial Rounded MT Bold', serif;\"><span style=\"font-size: xx-large;\"><b>N SIENDO EMBORRACHAADURIAS\u2026..PERO \u201cbajo control municipal\u201d<\/b><\/span><\/span><\/p>\n<p class=\"western\"><span style=\"color: #050505;\"><span style=\"font-family: 'Arial Rounded MT Bold', serif;\"><span style=\"font-size: x-large;\"><b>Los campos deportivos municipales han sido por a\u00f1adidura, convertidos en emborrachador\u00edas explotadas por supuestos benefactores del deporte ante la ausencia de la autoridad municipal en turno para atender algunas demandas de atenci\u00f3n a las canchas por negligencia o falta de recursos, aqu\u00ed es donde los \u201ccomerciantes deportivos\u201d aparecen y se adue\u00f1an del control al grado der manejarlos como de su propiedad, como fue el caso del Campo Guadiana.<\/b><\/span><\/span><\/span><\/p>\n<p class=\"western\"><span style=\"color: #050505;\"><span style=\"font-family: 'Arial Rounded MT Bold', serif;\"><span style=\"font-size: x-large;\"><b>El gobierno municipal actual, orden\u00f3 la prohibici\u00f3n total de venta y consumo de bebidas embriagantes en los campos deportivos, tras de los sucesos en que hasta fueron reportados lesionados tras la trifulca generada por el exceso de consumo de bebidas. Todo marchaba a satisfacci\u00f3n de las familias que a acuden a los eventos deportivos de fin de semana, pero el pasado lunes el alcalde oficializ\u00f3 el anuncio sobre la reanudaci\u00f3n de venta de cerveza en los campos deportivos pero \u201cser\u00e1 mas controlada\u201d<\/b><\/span><\/span><\/span><\/p>\n<p class=\"western\" align=\"justify\"><span style=\"font-family: 'Arial Rounded MT Bold', serif;\"><span style=\"font-size: xx-large;\"><b>+++++++++++<\/b><\/span><\/span><\/p>\n<p class=\"western\"><span style=\"font-family: 'Arial Rounded MT Bold', serif;\"><span style=\"font-size: xx-large;\"><b>REMODELAN FACHADA DEL PALACIO POR TERCERA OCASI<\/b><\/span><\/span><span style=\"font-family: 'Arial Rounded MT Bold', serif;\"><span style=\"font-size: xx-large;\"><b>\u00d3<\/b><\/span><\/span><span style=\"font-family: 'Arial Rounded MT Bold', serif;\"><span style=\"font-size: xx-large;\"><b>N EN UN A\u00d1O.<\/b><\/span><\/span><\/p>\n<p class=\"western\"><span style=\"font-family: 'Arial Rounded MT Bold', serif;\"><span style=\"font-size: xx-large;\"><b>+.- Haz obras compadre, para que te ayudes<\/b><\/span><\/span><\/p>\n<p class=\"western\"><span style=\"font-family: 'Arial Rounded MT Bold', serif;\"><span style=\"font-size: xx-large;\"><b>Los recientes temblores no creemos hayan causado da\u00f1os a la fachada del palacio municipal de esta ciudad, porque de nueva cuenta se iniciaron trabajos de remodelaci\u00f3n de la fachada con esta ser\u00e1n tres veces que realizan los mismos trabajos que representan obviamente egresos al erario municipal.<\/b><\/span><\/span><\/p>\n<p class=\"western\"><span style=\"font-family: 'Arial Rounded MT Bold', serif;\"><span style=\"font-size: xx-large;\"><b>La semana anterior trabajadores externos del Ayuntamiento retiran la pasta de recubrimiento de la fachada del palacio municipal de esta ciudad, labores semejantes a los festejos de Independencia, y tiempo atr\u00e1s se hizo el mimo trabajo, sin que aparentemente hayan razones para erogar miles de pesos en materiales y salarios, cuando la ciudadan\u00eda demanda tender problemas der calles intransitables y obras iniciadas que sorpresivamente fueron suspendidas. <\/b><\/span><\/span><\/p>\n<p class=\"western\"><span style=\"font-family: 'Arial Rounded MT Bold', serif;\"><span style=\"font-size: xx-large;\"><b>LA ENECDOTA DE \u201cHAZ OBRAS COMPADRE\u201d\u2026.. Esto ocurri\u00f3 a un alcalde de Tanlaj\u00e1s all\u00e1 por el a\u00f1o 1950, cuando el gobernador del estado en turno para \u201calivianar\u201d a su compadre, lo design\u00f3 alcalde de su pueblo (Tanlaj\u00e1s) como en aquellos tiempos las participaciones eran exiguas y no hab\u00eda mas ingresos, apenas alcanzaban los recursos para cubrir lo elemental, por lo que el buen hombre se traslad\u00f3 a la capital dispuesto a entregar el cargo. La respuesta fue contundente; \u201chaz obras compadre\u201d\u2026\u2026 se puede configurar con lo que ocurre en Valles ahora a mas de 70 a\u00f1os.<\/b><\/span><\/span><\/p>\n<p class=\"western\"><span style=\"font-family: 'Arial Rounded MT Bold', serif;\"><span style=\"font-size: xx-large;\"><b>++++++++++++++ <\/b><\/span><\/span><\/p>\n<p class=\"western\"><span style=\"font-family: 'Arial Rounded MT Bold', serif;\"><span style=\"font-size: xx-large;\"><b>El sitio ideal para sus fiestas\u2026 <\/b><\/span><\/span><\/p>\n<p class=\"western\">\u201c<span style=\"font-family: 'Arial Rounded MT Bold', serif;\"><span style=\"font-size: xx-large;\"><b>FINCA SAN ISIDRO\u201d <\/b><\/span><\/span><\/p>\n<p class=\"western\"><span style=\"font-family: 'Arial Rounded MT Bold', serif;\"><span style=\"font-size: xx-large;\"><b>Sal\u00f3n para fiestas de todo tipo.<\/b><\/span><\/span><\/p>\n<p class=\"western\"><span style=\"font-family: 'Arial Rounded MT Bold', serif;\"><span style=\"font-size: xx-large;\"><b>Carretera Valles \u2013 R\u00edo Verde Km. 8 <\/b><\/span><\/span><\/p>\n<p class=\"western\"><span style=\"font-family: 'Arial Rounded MT Bold', serif;\"><span style=\"font-size: xx-large;\"><b>Contrataciones al Tel. 01 481 179 09<\/b><\/span><\/span><\/p>\n<p class=\"western\"><span style=\"font-family: 'Arial Rounded MT Bold', serif;\"><span style=\"font-size: xx-large;\"><b>Cd. Valles SLP M\u00e9xico.<\/b><\/span><\/span><\/p>\n<p class=\"western\"><span style=\"font-family: 'Arial Rounded MT Bold', serif;\"><span style=\"font-size: xx-large;\"><b>++++++++<\/b><\/span><\/span><\/p>\n<p class=\"western\"><span style=\"color: #050505;\"><span style=\"font-family: 'Arial Rounded MT Bold', serif;\"><span style=\"font-size: x-large;\"><b>SEG\u00daN ESTATURA DE NI\u00d1OS, PAGARAN PASAJE.<\/b><\/span><\/span><\/span><\/p>\n<p class=\"western\"><span style=\"color: #050505;\"><span style=\"font-family: 'Arial Rounded MT Bold', serif;\"><span style=\"font-size: x-large;\"><b>Una disposici\u00f3n al margen de las reglas para aplicaci\u00f3n de tarifas del transporte urbano en esta ciudad y el territorio potosino, se pone en pr\u00e1ctica en esta localidad; la empresa concesionaria deber\u00e1 sujetarse a no cobrar el pasaje a ni\u00f1os con estatura no mayor de un metro y a \u201cni\u00f1os de brazos\u201d esta medida fue anunciada por la representaci\u00f3n dee la SCT del estado zona norte. En lo sucesivo, ls madres de familia podr\u00e1n llevar a sus hijos a bordo de las unidades de transporte urbano sin pagar el importe de 10 pesos, siempre y cuando el menor no rebase el metro de estatura.<\/b><\/span><\/span><\/span><\/p>\n<p class=\"western\"><span style=\"color: #050505;\"><span style=\"font-family: 'Arial Rounded MT Bold', serif;\"><span style=\"font-size: x-large;\"><b>El delegado de la dependencia estatal hizo el anuncio mediante un comunicado inusual y mucho menos para la empresa Tapat\u00eda concesionaria monopolista del transporte urbano en esta ciudad y Tamuin inform\u00f3 que, en atenci\u00f3n a quejas en de miles de usuarios por el abuso del cobro de menores de edad, se convoc\u00f3 a la empresa para dise\u00f1ar estrategias que permitan mejorar el servicio a la ciudadan\u00eda<\/b><\/span><\/span><\/span><img decoding=\"async\" src=\"file:\/\/\/C:\/Users\/WINDOW~1\/AppData\/Local\/Temp\/lu88569yi173.tmp\/lu88569yi17k_tmp_e7e787b677b890d7.png\" width=\"16\" height=\"16\" name=\"Imagen 2\" align=\"bottom\" border=\"0\" \/> <span style=\"color: #050505;\"><span style=\"font-family: 'Arial Rounded MT Bold', serif;\"><span style=\"font-size: x-large;\"><b>.<\/b><\/span><\/span><\/span><\/p>\n<p class=\"western\"><span style=\"color: #050505;\"><span style=\"font-family: 'Arial Rounded MT Bold', serif;\"><span style=\"font-size: x-large;\"><b>En el mismo comunicado exhorta a los usuarios para reportar deficiencias de horario, cobros indebidos, malos tratos, sugerencias para mejoras, etc., pone a <\/b><\/span><\/span><\/span><\/p>\n<p class=\"western\"><span style=\"color: #050505;\"><span style=\"font-family: 'Arial Rounded MT Bold', serif;\"><span style=\"font-size: x-large;\"><b>Disposici\u00f3n del p\u00fablico los n\u00fameros telef\u00f3nicos para presentar sus quejas 481 381 3000 y 481 381 4931<\/b><\/span><\/span><\/span><\/p>\n<p class=\"western\"><span style=\"color: #333333;\"><span style=\"font-family: 'Arial Rounded MT Bold', serif;\"><span style=\"font-size: xx-large;\"><b>++++++++++++++++++++<\/b><\/span><\/span><\/span><\/p>\n<p class=\"western\">\u201c<span style=\"font-family: 'Arial Rounded MT Bold', serif;\"><span style=\"font-size: xx-large;\"><b>CAF\u00c9 Y RESTAURANT EL FAROLITO\u201d <\/b><\/span><\/span><\/p>\n<p class=\"western\"><span style=\"font-family: 'Arial Rounded MT Bold', serif;\"><span style=\"font-size: xx-large;\"><b>Lo mejor de la cocina Huasteca; el tradicional zacahuil y cazueladas. Atendemos toda clase de festejos. Pedidos al Tel 3821017 Ciudad Valles SLP.<\/b><\/span><\/span><\/p>\n<p class=\"western\"><span style=\"font-family: 'Arial Rounded MT Bold', serif;\"><span style=\"font-size: xx-large;\"><b>+++++++++++++<\/b><\/span><\/span><\/p>\n<p class=\"western\" align=\"justify\"><span style=\"color: #333333;\"><span style=\"font-family: 'Arial Rounded MT Bold', serif;\"><span style=\"font-size: xx-large;\"><b>DE V O L A D A .-<\/b><\/span><\/span><\/span><\/p>\n<p class=\"western\"><span style=\"font-family: 'Arial Rounded MT Bold', serif;\"><span style=\"font-size: xx-large;\"><b>huracanes<\/b><\/span><\/span><\/p>\n<p class=\"western\"><span style=\"font-family: 'Arial Rounded MT Bold', serif;\"><span style=\"font-size: xx-large;\"><b>CICLONES RETRASADOS EN EL ATLANTICO. POR FENOMENO DE LA NI\u00d1A-<\/b><\/span><\/span><\/p>\n<p class=\"western\"><span style=\"font-family: 'Arial Rounded MT Bold', serif;\"><span style=\"font-size: xx-large;\"><b>+.- Los Tampique\u00f1os dicen que los extraterrestres que tienen una base frente al puerto en el Golfo de M\u00e9xico, los desv\u00edan. Usted que cree.<\/b><\/span><\/span><\/p>\n<p class=\"western\"><span style=\"font-family: 'Arial Rounded MT Bold', serif;\"><span style=\"font-size: xx-large;\"><b>Expertos en meteorolog\u00eda conjeturan que de acuerdo con el comportamiento clim\u00e1tico en el Pac\u00edfico por la presencia de huracanes frecuentes y en menor cuant\u00eda en la cuenca del Atl\u00e1ntico, el fen\u00f3meno apenas se inicia en septiembre y podr\u00eda prolongarse hasta febrero del pr\u00f3ximo a\u00f1o cuando anteriormente se pronosticaban fin de temporada en noviembre.<\/b><\/span><\/span><\/p>\n<p class=\"western\"><span style=\"font-family: 'Arial Rounded MT Bold', serif;\"><span style=\"font-size: xx-large;\"><b>La actividad de ciclones tropicales en la cuenca del Atl\u00e1ntico sigue intensific\u00e1ndose gradualmente, y ahora que estamos entrando al pico de mayor formaci\u00f3n cicl\u00f3nica, existe la probabilidad de que para los primeros d\u00edas de septiembre se reanuden las amenazas de huracanes, tomando como referencia dos sistemas en vigilancia sobre el Caribe y Atl\u00e1ntico.<\/b><\/span><\/span><\/p>\n<p class=\"western\"><span style=\"font-family: 'Arial Rounded MT Bold', serif;\"><span style=\"font-size: xx-large;\"><b>Anteriormente se dio a conocer que se hab\u00eda mantenido poco activa la Temporada de Huracanes 2022, pero a pesar de ello, se esperan se produzcan un n\u00famero por encima de lo normal, lo cual se debe principalmente por el fen\u00f3meno de La Ni\u00f1a, por lo que es importante que la poblaci\u00f3n conozca cu\u00e1les ser\u00e1n los estados m\u00e1s afectados, ya que la \u00e9poca est\u00e1 por comenzar.<\/b><\/span><\/span><\/p>\n<p class=\"western\"><span style=\"font-family: 'Arial Rounded MT Bold', serif;\"><span style=\"font-size: xx-large;\"><b>Desde el fin de semana pasado la atm\u00f3sfera ya hab\u00eda empezado a dar se\u00f1ales de un despertar de la temporada de ciclones tropicales con la llegada de una activa onda tropical que se convirti\u00f3 en Cicl\u00f3n Tropical sobre el Golfo de M\u00e9xico.<\/b><\/span><\/span><\/p>\n<p class=\"western\"><span style=\"font-family: 'Arial Rounded MT Bold', serif;\"><span style=\"font-size: xx-large;\"><b>Afortunadamente su interacci\u00f3n con tierra y vientos en altura no le permitieron convertirse en cicl\u00f3n tropical, pero estuvo muy cerca de serlo.<\/b><\/span><\/span><\/p>\n<p class=\"western\"><span style=\"font-family: 'Arial Rounded MT Bold', serif;\"><span style=\"font-size: xx-large;\"><b>De acuerdo con el mapa del SMN, el fen\u00f3meno de La Ni\u00f1a ocasionar\u00e1 lluvias por debajo del promedio en regiones del norte y del centro de la Rep\u00fablica Mexicana, pero generar\u00e1 que la Temporada de Huracanes 2022 se haga m\u00e1s presente en el sureste mexicano.<\/b><\/span><\/span><\/p>\n<p class=\"western\"><span style=\"font-family: 'Arial Rounded MT Bold', serif;\"><span style=\"font-size: xx-large;\"><b>Por ahora se han presentado algunas intensas precipitaciones productos de ondas tropicales, zonas de baja presi\u00f3n y algunos ciclones, pero en las pr\u00f3ximas semanas se intensificar\u00e1 la Temporada de Huracanes 2022, as\u00ed que es momento de ir previniendo y estar atentos a los pr\u00f3ximos anuncios que den las autoridades climatol\u00f3gicas.<\/b><\/span><\/span><\/p>\n<p class=\"western\" align=\"justify\"><span style=\"font-family: 'Arial Rounded MT Bold', serif;\"><span style=\"font-size: xx-large;\"><b>+++++++++++++++++++<\/b><\/span><\/span><\/p>\n<p class=\"western\" align=\"justify\"><span style=\"font-family: 'Arial Rounded MT Bold', serif;\"><span style=\"font-size: xx-large;\"><b>hasta la pr\u00f3xima semana..<\/b><\/span><\/span><\/p>\n<p class=\"western\" align=\"justify\">\n<p class=\"western\">\n<p class=\"western\">\n","protected":false},"excerpt":{"rendered":"<p>OTRO QUE SE FUE; MOWGLI SANDINO\u2026..El gobernador del estado oficializo la baja de su gabinete del titular de la Junta Estatal de Caminos (JEC) Mowgli Sandino Guti\u00e9rrez, tambi\u00e9n revel\u00f3 la salida de Edmundo R\u00edos Jauregui como director del Instituto Potosino de Cultura F\u00edsica y Deporte &hellip; <\/p>\n","protected":false},"author":1,"featured_media":73200,"comment_status":"open","ping_status":"open","sticky":false,"template":"","format":"standard","meta":{"footnotes":""},"categories":[17,4],"tags":[],"class_list":["post-74276","post","type-post","status-publish","format-standard","has-post-thumbnail","hentry","category-colaboraciones","category-inicio"],"_links":{"self":[{"href":"https:\/\/amanecerhuasteco.com\/portal\/wp-json\/wp\/v2\/posts\/74276","targetHints":{"allow":["GET"]}}],"collection":[{"href":"https:\/\/amanecerhuasteco.com\/portal\/wp-json\/wp\/v2\/posts"}],"about":[{"href":"https:\/\/amanecerhuasteco.com\/portal\/wp-json\/wp\/v2\/types\/post"}],"author":[{"embeddable":true,"href":"https:\/\/amanecerhuasteco.com\/portal\/wp-json\/wp\/v2\/users\/1"}],"replies":[{"embeddable":true,"href":"https:\/\/amanecerhuasteco.com\/portal\/wp-json\/wp\/v2\/comments?post=74276"}],"version-history":[{"count":1,"href":"https:\/\/amanecerhuasteco.com\/portal\/wp-json\/wp\/v2\/posts\/74276\/revisions"}],"predecessor-version":[{"id":74277,"href":"https:\/\/amanecerhuasteco.com\/portal\/wp-json\/wp\/v2\/posts\/74276\/revisions\/74277"}],"wp:featuredmedia":[{"embeddable":true,"href":"https:\/\/amanecerhuasteco.com\/portal\/wp-json\/wp\/v2\/media\/73200"}],"wp:attachment":[{"href":"https:\/\/amanecerhuasteco.com\/portal\/wp-json\/wp\/v2\/media?parent=74276"}],"wp:term":[{"taxonomy":"category","embeddable":true,"href":"https:\/\/amanecerhuasteco.com\/portal\/wp-json\/wp\/v2\/categories?post=74276"},{"taxonomy":"post_tag","embeddable":true,"href":"https:\/\/amanecerhuasteco.com\/portal\/wp-json\/wp\/v2\/tags?post=74276"}],"curies":[{"name":"wp","href":"https:\/\/api.w.org\/{rel}","templated":true}]}}