{"id":74290,"date":"2022-10-02T21:39:59","date_gmt":"2022-10-03T03:39:59","guid":{"rendered":"http:\/\/amanecerhuasteco.com\/portal\/?p=74290"},"modified":"2022-10-02T21:39:59","modified_gmt":"2022-10-03T03:39:59","slug":"como-lo-anuncio-el-gobernador-en-breve-sera-reinaugurado-el-parque-tangamanga-ii","status":"publish","type":"post","link":"https:\/\/amanecerhuasteco.com\/portal\/como-lo-anuncio-el-gobernador-en-breve-sera-reinaugurado-el-parque-tangamanga-ii\/","title":{"rendered":"Como lo anunci\u00f3 el gobernador, en breve ser\u00e1 reinaugurado el parque Tangamanga II"},"content":{"rendered":"<p class=\"western\" lang=\"es-ES\" align=\"center\">\n<ul>\n<li>\n<p lang=\"es-ES\" align=\"justify\"><span style=\"font-family: Arial, serif;\"><span style=\"font-size: small;\"><b>Con imagen renovada, nuevas \u00e1reas y proyectos de impulso para el sano esparcimiento, dignificar\u00e1 la vida de las familias que habitan la zona norte de la ciudad<\/b><\/span><\/span><\/p>\n<\/li>\n<\/ul>\n<p class=\"western\" lang=\"es-ES\" align=\"justify\">\n<p class=\"western\" lang=\"es-ES\" align=\"justify\"><span style=\"font-family: Arial, serif;\"><span style=\"font-size: small;\">En cumplimiento a las indicaciones del Gobernador de San Luis Potos\u00ed, Ricardo Gallardo Cardona, de ofrecer a las y los potosinos nuevas instalaciones en el parque recreativo Tangamanga II, la Secretar\u00eda de Desarrollo Urbano, Vivienda y Obras P\u00fablicas (Seduvop), entregar\u00e1 en este mes las renovadas \u00e1reas, la rehabilitaci\u00f3n de vialidades, modernas instalaciones de alumbrado led, sanitarios y modernos accesos con torres e iluminaci\u00f3n esc\u00e9nica.\u00a0<\/span><\/span><\/p>\n<p class=\"western\" lang=\"es-ES\" align=\"justify\"><span style=\"font-family: Arial, serif;\"><span style=\"font-size: small;\">Tras d\u00e9cadas, de que este pulm\u00f3n de la capital potosina fue dejado en el olvido, bajo la omisi\u00f3n que caracteriz\u00f3 a las anteriores administraciones, fue encontrado con da\u00f1os severos en su infraestructura y espacios en \u00e1reas comunes, por lo que, en un acto de justicia social, la clase trabajadora podr\u00e1 hacer uso de las m\u00e1s de 200 hect\u00e1reas de extensi\u00f3n en horarios ampliados, con nuevas \u00e1reas, espacios inclusivos para ni\u00f1as, ni\u00f1os, j\u00f3venes y adultos mayores.<\/span><\/span><\/p>\n<p class=\"western\" lang=\"es-ES\" align=\"justify\"><span style=\"font-family: Arial, serif;\"><span style=\"font-size: small;\">Al respecto, la titular Seduvop, Isabel Leticia Vargas Tinajero, declar\u00f3 que se concluy\u00f3 el acceso al parque por la avenida Fray Diego y se encuentran en los \u00faltimos detalles en el acceso por la avenida Adolfo L\u00f3pez Mateos. \u201cEstamos revisando acabados, las instalaciones el\u00e9ctricas para la rehabilitaci\u00f3n del alumbrado y el re encarpetado de las vialidades. La zona Kids y pet zone ser\u00e1n espacios seguros e incluyentes. Vamos a cerrar fuerte este a\u00f1o con la entrega de compromisos.\u201d<\/span><\/span><\/p>\n<p class=\"western\" lang=\"es-ES\" align=\"justify\"><span style=\"font-family: Arial, serif;\"><span style=\"font-size: small;\">Agreg\u00f3 que este proyecto constar\u00e1 de dos etapas, en donde se plantea la construcci\u00f3n de un teatro, a semejanza del Teatro de la Ciudad, con un aforo para m\u00e1s de cinco mil asistentes y se ubica en donde estaba el lago, recinto que servir\u00e1 de escaparate para la expresi\u00f3n urbana, art\u00edstica y social.\u00a0<\/span><\/span><\/p>\n<p class=\"western\" lang=\"es-ES\" align=\"justify\"><span style=\"font-family: Arial, serif;\"><span style=\"font-size: small;\">Estas obras van a la par de la rehabilitaci\u00f3n de avenida Fray Diego de la Magdalena, en donde se intervienen m\u00e1s de cuatro kil\u00f3metros de vialidad y que complementar\u00e1n el realce y rescate de esta zona en beneficio de m\u00e1s de 300 mil usuarias y usuarios que conforman la base trabajadora de la sociedad potosina que por a\u00f1os careci\u00f3 de vialidades y espacios dignos.<\/span><\/span><\/p>\n","protected":false},"excerpt":{"rendered":"<p>Con imagen renovada, nuevas \u00e1reas y proyectos de impulso para el sano esparcimiento, dignificar\u00e1 la vida de las familias que habitan la zona norte de la ciudad En cumplimiento a las indicaciones del Gobernador de San Luis Potos\u00ed, Ricardo Gallardo Cardona, de ofrecer a las &hellip; <\/p>\n","protected":false},"author":1,"featured_media":74291,"comment_status":"open","ping_status":"open","sticky":false,"template":"","format":"standard","meta":{"footnotes":""},"categories":[11,4,12],"tags":[],"class_list":["post-74290","post","type-post","status-publish","format-standard","has-post-thumbnail","hentry","category-estado","category-inicio","category-nacional"],"_links":{"self":[{"href":"https:\/\/amanecerhuasteco.com\/portal\/wp-json\/wp\/v2\/posts\/74290","targetHints":{"allow":["GET"]}}],"collection":[{"href":"https:\/\/amanecerhuasteco.com\/portal\/wp-json\/wp\/v2\/posts"}],"about":[{"href":"https:\/\/amanecerhuasteco.com\/portal\/wp-json\/wp\/v2\/types\/post"}],"author":[{"embeddable":true,"href":"https:\/\/amanecerhuasteco.com\/portal\/wp-json\/wp\/v2\/users\/1"}],"replies":[{"embeddable":true,"href":"https:\/\/amanecerhuasteco.com\/portal\/wp-json\/wp\/v2\/comments?post=74290"}],"version-history":[{"count":1,"href":"https:\/\/amanecerhuasteco.com\/portal\/wp-json\/wp\/v2\/posts\/74290\/revisions"}],"predecessor-version":[{"id":74292,"href":"https:\/\/amanecerhuasteco.com\/portal\/wp-json\/wp\/v2\/posts\/74290\/revisions\/74292"}],"wp:featuredmedia":[{"embeddable":true,"href":"https:\/\/amanecerhuasteco.com\/portal\/wp-json\/wp\/v2\/media\/74291"}],"wp:attachment":[{"href":"https:\/\/amanecerhuasteco.com\/portal\/wp-json\/wp\/v2\/media?parent=74290"}],"wp:term":[{"taxonomy":"category","embeddable":true,"href":"https:\/\/amanecerhuasteco.com\/portal\/wp-json\/wp\/v2\/categories?post=74290"},{"taxonomy":"post_tag","embeddable":true,"href":"https:\/\/amanecerhuasteco.com\/portal\/wp-json\/wp\/v2\/tags?post=74290"}],"curies":[{"name":"wp","href":"https:\/\/api.w.org\/{rel}","templated":true}]}}