{"id":74299,"date":"2022-10-02T21:48:51","date_gmt":"2022-10-03T03:48:51","guid":{"rendered":"http:\/\/amanecerhuasteco.com\/portal\/?p=74299"},"modified":"2022-10-02T21:48:51","modified_gmt":"2022-10-03T03:48:51","slug":"arranca-gobierno-del-cambio-con-programa-preventivo-por-temporada-invernal-2","status":"publish","type":"post","link":"https:\/\/amanecerhuasteco.com\/portal\/arranca-gobierno-del-cambio-con-programa-preventivo-por-temporada-invernal-2\/","title":{"rendered":"Arranca gobierno del cambio con programa preventivo por temporada invernal"},"content":{"rendered":"<p class=\"western\" lang=\"es-ES\" align=\"center\">\n<ul>\n<li>\n<p lang=\"es-ES\" align=\"justify\"><span style=\"font-family: Arial, serif;\"><span style=\"font-size: small;\"><b>Habr\u00e1 recursos y albergues para atender a la poblaci\u00f3n en casos de fr\u00edos extremos, destaca J. Guadalupe Torres S\u00e1nchez, secretario general de Gobierno<\/b><\/span><\/span><\/p>\n<\/li>\n<\/ul>\n<p class=\"western\" lang=\"es-ES\" align=\"justify\">\n<p class=\"western\" lang=\"es-ES\" align=\"justify\"><span style=\"font-family: Arial, serif;\"><span style=\"font-size: small;\">Por el inicio de la temporada de fr\u00edo en el pa\u00eds y por instrucci\u00f3n del Gobernador de San Luis Potos\u00ed, Ricardo Gallardo Cardona, la Secretar\u00eda General de Gobierno, a trav\u00e9s de la Coordinaci\u00f3n Estatal de Protecci\u00f3n Civil (CEPC) prepara las acciones y operativos que se aplicar\u00e1n para atender a la poblaci\u00f3n potosina durante temporada invernal, con recursos de dos fondos de apoyo para contingencias que en total representan alrededor de 30 millones de pesos.<\/span><\/span><\/p>\n<p class=\"western\" lang=\"es-ES\" align=\"justify\"><span style=\"font-family: Arial, serif;\"><span style=\"font-size: small;\">El secretario general de Gobierno, J. Guadalupe Torres S\u00e1nchez, destac\u00f3 el trabajo del \u00e1rea de Protecci\u00f3n Civil a trav\u00e9s de su titular Mauricio Ordaz Flores para preparar la log\u00edstica y programa de atenci\u00f3n a personas en condiciones m\u00e1s vulnerables en los 58 municipios del Estado.<\/span><\/span><\/p>\n<p class=\"western\" lang=\"es-ES\" align=\"justify\"><span style=\"font-family: Arial, serif;\"><span style=\"font-size: small;\">Dijo que el Gobernador Ricardo Gallardo orden\u00f3 que se aplicaran los recursos de estos fondos, que est\u00e1n garantizados, \u201cson fondos firmes porque se trata de acciones necesarias para salvaguardar la integridad de las y los potosinos\u201d.<\/span><\/span><\/p>\n<p class=\"western\" lang=\"es-ES\" align=\"justify\"><span style=\"font-family: Arial, serif;\"><span style=\"font-size: small;\">J. Guadalupe Torres S\u00e1nchez precis\u00f3 que para esta temporada invernal se pronostican 51 frentes fr\u00edos en la entidad a partir de la \u00faltima semana de septiembre y hasta mayo del pr\u00f3ximo a\u00f1o, por lo que se habilitaron 66 refugios temporales que ofrecen alimentaci\u00f3n, servicio m\u00e9dico y personal de trabajo social para atender a la poblaci\u00f3n en riesgo.<\/span><\/span><\/p>\n<p class=\"western\" lang=\"es-ES\" align=\"justify\"><span style=\"font-family: Arial, serif;\"><span style=\"font-size: small;\">Record\u00f3 que los municipios de la zona Altiplano son los que tienen mayor riesgo, pero en conjunto con la Coordinaci\u00f3n Estatal de Protecci\u00f3n Civil se elabor\u00f3 un plan de atenci\u00f3n a las contingencias que se pondr\u00e1 en marcha en cuanto se requiera \u201cestamos muy avanzados en las acciones y operativos con la instalaci\u00f3n de los 66 refugios bien acondicionados para evitar que las personas sufran consecuencias graves\u201d.<\/span><\/span><\/p>\n<p class=\"western\" lang=\"es-ES\" align=\"justify\"><span style=\"font-family: Arial, serif;\"><span style=\"font-size: small;\">El secretario general de Gobierno se\u00f1al\u00f3 que de acuerdo a la informaci\u00f3n de la CEPC en octubre se pronostican cinco frentes fr\u00edos, seis m\u00e1s en noviembre y ocho en diciembre, y exhort\u00f3 a la poblaci\u00f3n a mantenerse al pendiente de la informaci\u00f3n oficial a fin de conocer la ubicaci\u00f3n de los albergues adem\u00e1s que las autoridades estatales tambi\u00e9n aplicar\u00e1n recorridos nocturnos para detectar a personas en situaci\u00f3n de calle que ser\u00e1n trasladadas a estos centros de atenci\u00f3n.<\/span><\/span><\/p>\n","protected":false},"excerpt":{"rendered":"<p>Habr\u00e1 recursos y albergues para atender a la poblaci\u00f3n en casos de fr\u00edos extremos, destaca J. Guadalupe Torres S\u00e1nchez, secretario general de Gobierno Por el inicio de la temporada de fr\u00edo en el pa\u00eds y por instrucci\u00f3n del Gobernador de San Luis Potos\u00ed, Ricardo Gallardo &hellip; <\/p>\n","protected":false},"author":1,"featured_media":74300,"comment_status":"open","ping_status":"open","sticky":false,"template":"","format":"standard","meta":{"footnotes":""},"categories":[7,11,4,12,19],"tags":[],"class_list":["post-74299","post","type-post","status-publish","format-standard","has-post-thumbnail","hentry","category-ciudad","category-estado","category-inicio","category-nacional","category-policia"],"_links":{"self":[{"href":"https:\/\/amanecerhuasteco.com\/portal\/wp-json\/wp\/v2\/posts\/74299","targetHints":{"allow":["GET"]}}],"collection":[{"href":"https:\/\/amanecerhuasteco.com\/portal\/wp-json\/wp\/v2\/posts"}],"about":[{"href":"https:\/\/amanecerhuasteco.com\/portal\/wp-json\/wp\/v2\/types\/post"}],"author":[{"embeddable":true,"href":"https:\/\/amanecerhuasteco.com\/portal\/wp-json\/wp\/v2\/users\/1"}],"replies":[{"embeddable":true,"href":"https:\/\/amanecerhuasteco.com\/portal\/wp-json\/wp\/v2\/comments?post=74299"}],"version-history":[{"count":1,"href":"https:\/\/amanecerhuasteco.com\/portal\/wp-json\/wp\/v2\/posts\/74299\/revisions"}],"predecessor-version":[{"id":74301,"href":"https:\/\/amanecerhuasteco.com\/portal\/wp-json\/wp\/v2\/posts\/74299\/revisions\/74301"}],"wp:featuredmedia":[{"embeddable":true,"href":"https:\/\/amanecerhuasteco.com\/portal\/wp-json\/wp\/v2\/media\/74300"}],"wp:attachment":[{"href":"https:\/\/amanecerhuasteco.com\/portal\/wp-json\/wp\/v2\/media?parent=74299"}],"wp:term":[{"taxonomy":"category","embeddable":true,"href":"https:\/\/amanecerhuasteco.com\/portal\/wp-json\/wp\/v2\/categories?post=74299"},{"taxonomy":"post_tag","embeddable":true,"href":"https:\/\/amanecerhuasteco.com\/portal\/wp-json\/wp\/v2\/tags?post=74299"}],"curies":[{"name":"wp","href":"https:\/\/api.w.org\/{rel}","templated":true}]}}