{"id":743,"date":"2011-08-05T17:16:51","date_gmt":"2011-08-05T23:16:51","guid":{"rendered":"http:\/\/amanecerhuasteco.com\/portal\/2011\/08\/05\/relevo-de-delegados-de-la-procuraduria-general-de-la-republica\/"},"modified":"2011-08-05T17:16:51","modified_gmt":"2011-08-05T23:16:51","slug":"relevo-de-delegados-de-la-procuraduria-general-de-la-republica","status":"publish","type":"post","link":"https:\/\/amanecerhuasteco.com\/portal\/relevo-de-delegados-de-la-procuraduria-general-de-la-republica\/","title":{"rendered":"RELEVO DE DELEGADOS DE LA PROCURADUR\u00cdA GENERAL DE LA REP\u00daBLICA"},"content":{"rendered":"<div align=\"justify\"><strong>&#8211; Es compromiso de la Procuradur\u00eda General de la Rep\u00fablica avanzar en su reestructuraci\u00f3n. <\/strong><\/p>\n<p>Compromiso tanto de su Titular como del Ejecutivo Federal ante la sociedad, con la convicci\u00f3n de que un mejor acceso a la justicia s\u00f3lo es posible mediante servidores p\u00fablicos y procesos a la altura de los retos que enfrentamos los mexicanos en esta materia. <\/p>\n<p>El pasado viernes 29 de julio, renunciaron a sus cargos, a partir de esa fecha, 21 delegados de la Instituci\u00f3n en las siguientes entidades federativas: <\/p>\n<p>? Aguascalientes <br \/>? Chiapas <br \/>? Coahuila <br \/>? Distrito Federal <br \/>? Durango <br \/>? Estado de M\u00e9xico <br \/>? Guanajuato <br \/>? Hidalgo <br \/>? Jalisco <br \/>? Michoac\u00e1n <br \/>? Morelos <br \/>? Oaxaca <br \/>? Quer\u00e9taro <br \/>? Quintana Roo <br \/>? San Luis Potos\u00ed <br \/>? Sinaloa <br \/>? Sonora <br \/>? Tamaulipas <br \/>? Tlaxcala <br \/>? Veracruz <br \/>? Zacatecas <\/p>\n<p>Atendiendo al marco jur\u00eddico que regula el funcionamiento institucional, los relevos de Delegados en las Entidades Federativas se\u00f1aladas se someter\u00e1n esta semana al escrutinio del \u00abConsejo Asesor para la Designaci\u00f3n y Adscripci\u00f3n de Delegados y Subdelegados, Agregados y Subagregados en la Procuradur\u00eda General de la Rep\u00fablica\u00bb. <\/p>\n<p>Como est\u00e1 previsto en las disposiciones jur\u00eddicas del Sistema Nacional de Seguridad P\u00fablica, la Ley Org\u00e1nica de la Procuradur\u00eda General de la Rep\u00fablica y el Reglamento vigente, as\u00ed como las pol\u00edticas y lineamientos dictados por la Procuradora General de la Rep\u00fablica, todos los candidatos a ocupar puestos dentro de la Instituci\u00f3n -incluyendo el de Delegados-, cumplen estrictamente con los requisitos legales para ocupar los cargos a los que est\u00e1n postulados y, particularmente, con las evaluaciones de control de confianza que mandata la ley. <\/p>\n<p>Desde el 30 de julio son los Subdelegados, dentro del marco legal vigente, quienes se hacen cargo de los despachos. <\/div>\n","protected":false},"excerpt":{"rendered":"<p>&#8211; Es compromiso de la Procuradur\u00eda General de la Rep\u00fablica avanzar en su reestructuraci\u00f3n. Compromiso tanto de su Titular como del Ejecutivo Federal ante la sociedad, con la convicci\u00f3n de que un mejor acceso a la justicia s\u00f3lo es posible mediante servidores p\u00fablicos y procesos &hellip; <\/p>\n","protected":false},"author":1,"featured_media":17874,"comment_status":"open","ping_status":"open","sticky":false,"template":"","format":"standard","meta":{"footnotes":""},"categories":[12],"tags":[],"class_list":["post-743","post","type-post","status-publish","format-standard","has-post-thumbnail","hentry","category-nacional"],"_links":{"self":[{"href":"https:\/\/amanecerhuasteco.com\/portal\/wp-json\/wp\/v2\/posts\/743","targetHints":{"allow":["GET"]}}],"collection":[{"href":"https:\/\/amanecerhuasteco.com\/portal\/wp-json\/wp\/v2\/posts"}],"about":[{"href":"https:\/\/amanecerhuasteco.com\/portal\/wp-json\/wp\/v2\/types\/post"}],"author":[{"embeddable":true,"href":"https:\/\/amanecerhuasteco.com\/portal\/wp-json\/wp\/v2\/users\/1"}],"replies":[{"embeddable":true,"href":"https:\/\/amanecerhuasteco.com\/portal\/wp-json\/wp\/v2\/comments?post=743"}],"version-history":[{"count":0,"href":"https:\/\/amanecerhuasteco.com\/portal\/wp-json\/wp\/v2\/posts\/743\/revisions"}],"wp:featuredmedia":[{"embeddable":true,"href":"https:\/\/amanecerhuasteco.com\/portal\/wp-json\/wp\/v2\/media\/17874"}],"wp:attachment":[{"href":"https:\/\/amanecerhuasteco.com\/portal\/wp-json\/wp\/v2\/media?parent=743"}],"wp:term":[{"taxonomy":"category","embeddable":true,"href":"https:\/\/amanecerhuasteco.com\/portal\/wp-json\/wp\/v2\/categories?post=743"},{"taxonomy":"post_tag","embeddable":true,"href":"https:\/\/amanecerhuasteco.com\/portal\/wp-json\/wp\/v2\/tags?post=743"}],"curies":[{"name":"wp","href":"https:\/\/api.w.org\/{rel}","templated":true}]}}