{"id":74329,"date":"2022-10-03T14:23:24","date_gmt":"2022-10-03T20:23:24","guid":{"rendered":"http:\/\/amanecerhuasteco.com\/portal\/?p=74329"},"modified":"2022-10-03T14:23:24","modified_gmt":"2022-10-03T20:23:24","slug":"haremos-un-informe-en-conjunto-en-ciudad-valles-rene-oyarvide","status":"publish","type":"post","link":"https:\/\/amanecerhuasteco.com\/portal\/haremos-un-informe-en-conjunto-en-ciudad-valles-rene-oyarvide\/","title":{"rendered":"Haremos un informe en conjunto en Ciudad Valles: Ren\u00e9 Oyarvide"},"content":{"rendered":"<div class=\"\" dir=\"auto\">\n<div id=\"jsc_c_lt\" class=\"d2hqwtrz r227ecj6 ez8dtbzv gt60zsk1\" data-ad-comet-preview=\"message\" data-ad-preview=\"message\">\n<div class=\"alzwoclg cqf1kptm siwo0mpr gu5uzgus\">\n<div class=\"jroqu855 nthtkgg5\">\n<div class=\"m8h3af8h l7ghb35v kjdc1dyq kmwttqpk gh25dzvf n3t5jt4f\">\n<div dir=\"auto\"><\/div>\n<\/div>\n<div class=\"l7ghb35v kjdc1dyq kmwttqpk gh25dzvf jikcssrz n3t5jt4f\">\n<div dir=\"auto\">El diputado por Ciudad Valles Ren\u00e9 Oyarvide Ibarra, dio a conocer que se realizar\u00e1 un informe en conjunto con los siete diputados del Partido Verde Ecologista de M\u00e9xico y los tres legisladores del Partido del Trabajo.<\/div>\n<\/div>\n<div class=\"l7ghb35v kjdc1dyq kmwttqpk gh25dzvf jikcssrz n3t5jt4f\">\n<div dir=\"auto\">\u201cLo haremos en el teatro del Centro Cultural, hemos trabajado en equipo realizando iniciativas por el bienestar de San Luis Potos\u00ed en el tema general, pero ah\u00ed mismo lo har\u00e9 en particular como las reformas que est\u00e1n transitando como la violencia de equidad de g\u00e9nero que hoy es ley, rob\u00f3 a casa habitaci\u00f3n y dos reformas sobre el tema de abigeato que no solo afecta a Valles, es un delito que aqueja a toda nuestra zona y principalmente, dar\u00e9 los avances sobre las rectificaciones de las actas de nacimiento que ya est\u00e1 a punto de salir\u201d, dijo Oyarvide Ibarra.<\/div>\n<\/div>\n<div class=\"l7ghb35v kjdc1dyq kmwttqpk gh25dzvf jikcssrz n3t5jt4f\">\n<div dir=\"auto\">Finalmente dijo el legislador, que ser\u00e1 a finales de esta semana cuando se d\u00e9 a conocer el d\u00eda y el horario del informe de los diez diputados a realizarse en Ciudad Valles.<\/div>\n<\/div>\n<\/div>\n<\/div>\n<\/div>\n<\/div>\n","protected":false},"excerpt":{"rendered":"<p>El diputado por Ciudad Valles Ren\u00e9 Oyarvide Ibarra, dio a conocer que se realizar\u00e1 un informe en conjunto con los siete diputados del Partido Verde Ecologista de M\u00e9xico y los tres legisladores del Partido del Trabajo. \u201cLo haremos en el teatro del Centro Cultural, hemos &hellip; <\/p>\n","protected":false},"author":1,"featured_media":74330,"comment_status":"open","ping_status":"open","sticky":false,"template":"","format":"standard","meta":{"footnotes":""},"categories":[23,11,4],"tags":[],"class_list":["post-74329","post","type-post","status-publish","format-standard","has-post-thumbnail","hentry","category-congreso","category-estado","category-inicio"],"_links":{"self":[{"href":"https:\/\/amanecerhuasteco.com\/portal\/wp-json\/wp\/v2\/posts\/74329","targetHints":{"allow":["GET"]}}],"collection":[{"href":"https:\/\/amanecerhuasteco.com\/portal\/wp-json\/wp\/v2\/posts"}],"about":[{"href":"https:\/\/amanecerhuasteco.com\/portal\/wp-json\/wp\/v2\/types\/post"}],"author":[{"embeddable":true,"href":"https:\/\/amanecerhuasteco.com\/portal\/wp-json\/wp\/v2\/users\/1"}],"replies":[{"embeddable":true,"href":"https:\/\/amanecerhuasteco.com\/portal\/wp-json\/wp\/v2\/comments?post=74329"}],"version-history":[{"count":1,"href":"https:\/\/amanecerhuasteco.com\/portal\/wp-json\/wp\/v2\/posts\/74329\/revisions"}],"predecessor-version":[{"id":74331,"href":"https:\/\/amanecerhuasteco.com\/portal\/wp-json\/wp\/v2\/posts\/74329\/revisions\/74331"}],"wp:featuredmedia":[{"embeddable":true,"href":"https:\/\/amanecerhuasteco.com\/portal\/wp-json\/wp\/v2\/media\/74330"}],"wp:attachment":[{"href":"https:\/\/amanecerhuasteco.com\/portal\/wp-json\/wp\/v2\/media?parent=74329"}],"wp:term":[{"taxonomy":"category","embeddable":true,"href":"https:\/\/amanecerhuasteco.com\/portal\/wp-json\/wp\/v2\/categories?post=74329"},{"taxonomy":"post_tag","embeddable":true,"href":"https:\/\/amanecerhuasteco.com\/portal\/wp-json\/wp\/v2\/tags?post=74329"}],"curies":[{"name":"wp","href":"https:\/\/api.w.org\/{rel}","templated":true}]}}