{"id":74493,"date":"2022-10-07T19:58:13","date_gmt":"2022-10-08T01:58:13","guid":{"rendered":"http:\/\/amanecerhuasteco.com\/portal\/?p=74493"},"modified":"2022-10-07T19:58:13","modified_gmt":"2022-10-08T01:58:13","slug":"obras-del-mercado-republica-y-en-los-barrios-tlaxcala-y-santiago-acaban-con-100-anos-de-olvido","status":"publish","type":"post","link":"https:\/\/amanecerhuasteco.com\/portal\/obras-del-mercado-republica-y-en-los-barrios-tlaxcala-y-santiago-acaban-con-100-anos-de-olvido\/","title":{"rendered":"Obras del mercado rep\u00fablica y en los barrios Tlaxcala y Santiago acaban con 100 a\u00f1os de olvido"},"content":{"rendered":"<div class=\"\" dir=\"auto\"><\/div>\n<div dir=\"auto\"><\/div>\n<div dir=\"auto\"><\/div>\n<div dir=\"auto\"><\/div>\n<div class=\"\" dir=\"auto\">\n<div id=\"jsc_c_u4\" class=\"x1iorvi4 x1pi30zi x1l90r2v x1swvt13\" data-ad-comet-preview=\"message\" data-ad-preview=\"message\">\n<div class=\"x78zum5 xdt5ytf xz62fqu x16ldp7u\">\n<div class=\"xu06os2 x1ok221b\">\n<div class=\"x11i5rnm xat24cr x1mh8g0r x1vvkbs xtlvy1s x126k92a\">\n<div dir=\"auto\">\u2022 Vecinos de estos barrios y locatarios est\u00e1n a favor de las obras que se realizar\u00e1n<\/div>\n<\/div>\n<div class=\"x11i5rnm xat24cr x1mh8g0r x1vvkbs xtlvy1s x126k92a\">\n<div dir=\"auto\">Por muchos a\u00f1os, en los barrios de Tlaxcala y Santiago de la capital potosina no se realizaban obras en las calles y mucho menos se presentaba un proyecto para canchas deportivas, as\u00ed como la recuperaci\u00f3n de terrenos bald\u00edos de utilidad para las y los habitantes de ese sector de la ciudad, hasta que el Gobernador Ricardo Gallardo Cardona, tom\u00f3 esta iniciativa y puso en marcha las obras que tambi\u00e9n incluyen la remodelaci\u00f3n del mercado Rep\u00fablica, afirmaron beneficiarios de las obras.<\/div>\n<div dir=\"auto\">El dirigente vecinal Alejandro Ramos Contreras afirm\u00f3 que desde hace cerca de 100 a\u00f1os no se hacen obras de importancia en Tlaxcala y Santiago debido a que ninguna autoridad le interesaba, \u201ctenemos un Gobernador que regres\u00f3 para estar atento de que se mejoren estos lugares y estamos contentos porque se lleven a cabo las obras\u201d, tras indicar que tampoco nadie hac\u00eda caso para reparar el mercado Rep\u00fablica que desde su inauguraci\u00f3n hace casi 47 a\u00f1os, no recib\u00eda un buen mantenimiento \u201cahora ya se notar\u00e1 el cambio en este lugar\u201d.<\/div>\n<div dir=\"auto\">Por su parte, Marisela Gallegos Rosas, quien tiene un negocio de frutas, legumbres y chiles secos desde hace 32 a\u00f1os en el mercado Rep\u00fablica, consider\u00f3 que estas obras ser\u00e1n perfectas para sacar adelante al inmueble y recalc\u00f3 que ninguna administraci\u00f3n estatal los hab\u00eda tomado en cuenta y ahora, se reparar\u00e1 el estacionamiento, los ba\u00f1os, la techumbre, y el drenaje, \u201ctodos los locatarios estamos muy contentos de que Ricardo Gallardo cumpli\u00f3\u201d.<\/div>\n<div dir=\"auto\">Elia Jaime, comerciante del mercado, se\u00f1al\u00f3 que con la remodelaci\u00f3n del inmueble habr\u00e1 un gran beneficio para todos, \u201cpues al tener mejores instalaciones se atraer\u00e1 a m\u00e1s gente para que consuma alimentos y productos que se expenden aqu\u00ed\u201d.<\/div>\n<div dir=\"auto\">El vendedor de alimentos, Ram\u00f3n Mart\u00ednez Hern\u00e1ndez, se\u00f1al\u00f3 que durante los 22 a\u00f1os que tiene como locatario nadie los escuchaba en sus demandas de reparaciones, \u201ccuando el Gobernador vino en su campa\u00f1a nos escuch\u00f3 y prometi\u00f3 que realizar\u00eda obras, hoy vemos que cumple y nos servir\u00e1 para reactivar las ventas con una importante inversi\u00f3n que se va a hacer\u201d.<\/div>\n<div dir=\"auto\">Finalmente, Marcos Esparza Saucedo, locatario de la secci\u00f3n de frutas y legumbres desde hace 37 a\u00f1os, manifest\u00f3 que la decisi\u00f3n de remodelaci\u00f3n fue una idea correcta del Gobernador, porque hac\u00edan falta debido a que ya se presentaba deterioro en sus instalaciones y eso tambi\u00e9n influy\u00f3 en la disminuci\u00f3n de ventas \u201cla pandemia tambi\u00e9n nos afect\u00f3 mucho, hoy con estas obras podremos ofrecer una mejor imagen que atraer\u00e1 clientes e incrementar\u00e1 las ventas\u201d.<\/div>\n<\/div>\n<\/div>\n<\/div>\n<\/div>\n<\/div>\n<div id=\"jsc_c_u5\" class=\"x1n2onr6\"><\/div>\n","protected":false},"excerpt":{"rendered":"<p>\u2022 Vecinos de estos barrios y locatarios est\u00e1n a favor de las obras que se realizar\u00e1n Por muchos a\u00f1os, en los barrios de Tlaxcala y Santiago de la capital potosina no se realizaban obras en las calles y mucho menos se presentaba un proyecto para &hellip; <\/p>\n","protected":false},"author":1,"featured_media":74494,"comment_status":"open","ping_status":"open","sticky":false,"template":"","format":"standard","meta":{"footnotes":""},"categories":[7,11,4,5],"tags":[],"class_list":["post-74493","post","type-post","status-publish","format-standard","has-post-thumbnail","hentry","category-ciudad","category-estado","category-inicio","category-politica"],"_links":{"self":[{"href":"https:\/\/amanecerhuasteco.com\/portal\/wp-json\/wp\/v2\/posts\/74493","targetHints":{"allow":["GET"]}}],"collection":[{"href":"https:\/\/amanecerhuasteco.com\/portal\/wp-json\/wp\/v2\/posts"}],"about":[{"href":"https:\/\/amanecerhuasteco.com\/portal\/wp-json\/wp\/v2\/types\/post"}],"author":[{"embeddable":true,"href":"https:\/\/amanecerhuasteco.com\/portal\/wp-json\/wp\/v2\/users\/1"}],"replies":[{"embeddable":true,"href":"https:\/\/amanecerhuasteco.com\/portal\/wp-json\/wp\/v2\/comments?post=74493"}],"version-history":[{"count":1,"href":"https:\/\/amanecerhuasteco.com\/portal\/wp-json\/wp\/v2\/posts\/74493\/revisions"}],"predecessor-version":[{"id":74495,"href":"https:\/\/amanecerhuasteco.com\/portal\/wp-json\/wp\/v2\/posts\/74493\/revisions\/74495"}],"wp:featuredmedia":[{"embeddable":true,"href":"https:\/\/amanecerhuasteco.com\/portal\/wp-json\/wp\/v2\/media\/74494"}],"wp:attachment":[{"href":"https:\/\/amanecerhuasteco.com\/portal\/wp-json\/wp\/v2\/media?parent=74493"}],"wp:term":[{"taxonomy":"category","embeddable":true,"href":"https:\/\/amanecerhuasteco.com\/portal\/wp-json\/wp\/v2\/categories?post=74493"},{"taxonomy":"post_tag","embeddable":true,"href":"https:\/\/amanecerhuasteco.com\/portal\/wp-json\/wp\/v2\/tags?post=74493"}],"curies":[{"name":"wp","href":"https:\/\/api.w.org\/{rel}","templated":true}]}}