{"id":74536,"date":"2022-10-09T08:39:36","date_gmt":"2022-10-09T14:39:36","guid":{"rendered":"http:\/\/amanecerhuasteco.com\/portal\/?p=74536"},"modified":"2022-10-09T08:39:36","modified_gmt":"2022-10-09T14:39:36","slug":"con-acompanamiento-interinstitucional-gobierno-impulsar-reinsercion-social-de-adolescentes","status":"publish","type":"post","link":"https:\/\/amanecerhuasteco.com\/portal\/con-acompanamiento-interinstitucional-gobierno-impulsar-reinsercion-social-de-adolescentes\/","title":{"rendered":"Con acompa\u00f1amiento interinstitucional, gobierno impulsar reinserci\u00f3n social de adolescentes"},"content":{"rendered":"<div class=\"\" dir=\"auto\">\n<div id=\"jsc_c_nk\" class=\"x1iorvi4 x1pi30zi x1l90r2v x1swvt13\" data-ad-comet-preview=\"message\" data-ad-preview=\"message\">\n<div class=\"x78zum5 xdt5ytf xz62fqu x16ldp7u\">\n<div class=\"xu06os2 x1ok221b\">\n<div class=\"xdj266r x11i5rnm xat24cr x1mh8g0r x1vvkbs x126k92a\"><\/div>\n<div class=\"x11i5rnm xat24cr x1mh8g0r x1vvkbs xtlvy1s x126k92a\">\n<div dir=\"auto\">En busca de garantizar que las y los j\u00f3venes que cumplen sentencias jur\u00eddicas se reinserten positivamente a la sociedad, se cuenta con el apoyo y colaboraci\u00f3n de empresarios, empresarias y dependencias p\u00fablicas y privadas.<\/div>\n<\/div>\n<div class=\"x11i5rnm xat24cr x1mh8g0r x1vvkbs xtlvy1s x126k92a\">\n<div dir=\"auto\">Con la instrucci\u00f3n del Gobernador del Estado, Ricardo Gallardo Cardona, la Secretar\u00eda de Seguridad y Protecci\u00f3n Ciudadana Estatal (SSPCE) fortalece el proceso de reinserci\u00f3n social de Adolescentes Privados de la Libertad (APL), a trav\u00e9s de convenios de colaboraci\u00f3n con instituciones p\u00fablicas, privadas y empresas, que permiten brindarles herramientas y la oportunidad de reinsertarse de manera activa, adecuada e integral a la sociedad al recuperar su libertad.<\/div>\n<\/div>\n<div class=\"x11i5rnm xat24cr x1mh8g0r x1vvkbs xtlvy1s x126k92a\">\n<div dir=\"auto\">Sergio M\u00e1rquez Avelar, titular de la Direcci\u00f3n General de Ejecuci\u00f3n de Medidas para Menores, explic\u00f3 que en esta administraci\u00f3n estatal se avocan esfuerzos para que las y los adolescentes que cumplen sentencias jur\u00eddicas en libertad y privativas de la misma, sean autosuficientes \u201cy no una carga para sus familiares\u201d. Tambi\u00e9n se les incentiva a reformular positivamente la manera de enfrentar su responsabilidad y a dejar pensamientos que da\u00f1an su bienestar emocional, f\u00edsico, mental y humano.<\/div>\n<\/div>\n<div class=\"x11i5rnm xat24cr x1mh8g0r x1vvkbs xtlvy1s x126k92a\">\n<div dir=\"auto\">Actualmente, se materializa la firma de diversos acuerdos con dependencias p\u00fablicas, como el Instituto Potosino de la Juventud y del Deporte; Secretar\u00eda de Cultura, Secretar\u00eda de Salud, Temazcalli, entre otras. Igualmente, con instituciones privadas como el club Atl\u00e9tico de San Luis, Universidades y Centros de Rehabilitaci\u00f3n.<\/div>\n<\/div>\n<div class=\"x11i5rnm xat24cr x1mh8g0r x1vvkbs xtlvy1s x126k92a\">\n<div dir=\"auto\">Asimismo, se cuenta con una amplia colaboraci\u00f3n de parte de empresarios y empresarias en el Estado, destacando el altruismo y aportaci\u00f3n econ\u00f3mica del Consejo Ciudadano por la Seguridad de San Luis Potos\u00ed; Industriales Potosinos A. C., C\u00e1mara Nacional de la Industria de Desarrollo y Promoci\u00f3n de la Vivienda; Uni\u00f3n de Usuarios de la Zona Industrial, entre otros.<\/div>\n<\/div>\n<div class=\"x11i5rnm xat24cr x1mh8g0r x1vvkbs xtlvy1s x126k92a\">\n<div dir=\"auto\">El funcionario estatal subray\u00f3 que gracias a los acuerdos signados con estos entes, se llevan a cabo actividades desde las 7 de la ma\u00f1ana a las 9 de la noche, mismas que se rigen en el desarrollo y fortalecimientos de 5 ejes que dicta el proceso de reinserci\u00f3n social: Deporte, Trabajo, Capacitaci\u00f3n para el Trabajo, Salud y Educaci\u00f3n.<\/div>\n<\/div>\n<div class=\"x11i5rnm xat24cr x1mh8g0r x1vvkbs xtlvy1s x126k92a\">\n<div dir=\"auto\">Actualmente, las y los adolescentes estudian los niveles educativos de primaria, secundaria e incluso de preparatoria; se autoemplean a trav\u00e9s de proyectos como la elaboraci\u00f3n y comercializaci\u00f3n de trapeadores y pi\u00f1atas; participan en actividades culturales, art\u00edsticas y deportivas al interior del Centro de Internamiento Juvenil, y reciben formaci\u00f3n laboral en distintos oficios, as\u00ed como atenci\u00f3n y seguimiento m\u00e9dico permanentemente, finaliz\u00f3 M\u00e1rquez Avelar.<\/div>\n<\/div>\n<\/div>\n<\/div>\n<\/div>\n<\/div>\n<div id=\"jsc_c_nl\" class=\"x1n2onr6\"><\/div>\n<div><\/div>\n<div class=\"x1iorvi4 xmns6w2 x1swvt13 x1l90r2v x39eecv x1jyxor1 xcwd3tp x1y332i5 x1qughib x1a02dak x1q0g3np x78zum5 x1n2xptk xdppsyt x8gbvx8\"><\/div>\n","protected":false},"excerpt":{"rendered":"<p>En busca de garantizar que las y los j\u00f3venes que cumplen sentencias jur\u00eddicas se reinserten positivamente a la sociedad, se cuenta con el apoyo y colaboraci\u00f3n de empresarios, empresarias y dependencias p\u00fablicas y privadas. Con la instrucci\u00f3n del Gobernador del Estado, Ricardo Gallardo Cardona, la &hellip; <\/p>\n","protected":false},"author":1,"featured_media":74537,"comment_status":"open","ping_status":"open","sticky":false,"template":"","format":"standard","meta":{"footnotes":""},"categories":[11,4],"tags":[],"class_list":["post-74536","post","type-post","status-publish","format-standard","has-post-thumbnail","hentry","category-estado","category-inicio"],"_links":{"self":[{"href":"https:\/\/amanecerhuasteco.com\/portal\/wp-json\/wp\/v2\/posts\/74536","targetHints":{"allow":["GET"]}}],"collection":[{"href":"https:\/\/amanecerhuasteco.com\/portal\/wp-json\/wp\/v2\/posts"}],"about":[{"href":"https:\/\/amanecerhuasteco.com\/portal\/wp-json\/wp\/v2\/types\/post"}],"author":[{"embeddable":true,"href":"https:\/\/amanecerhuasteco.com\/portal\/wp-json\/wp\/v2\/users\/1"}],"replies":[{"embeddable":true,"href":"https:\/\/amanecerhuasteco.com\/portal\/wp-json\/wp\/v2\/comments?post=74536"}],"version-history":[{"count":1,"href":"https:\/\/amanecerhuasteco.com\/portal\/wp-json\/wp\/v2\/posts\/74536\/revisions"}],"predecessor-version":[{"id":74538,"href":"https:\/\/amanecerhuasteco.com\/portal\/wp-json\/wp\/v2\/posts\/74536\/revisions\/74538"}],"wp:featuredmedia":[{"embeddable":true,"href":"https:\/\/amanecerhuasteco.com\/portal\/wp-json\/wp\/v2\/media\/74537"}],"wp:attachment":[{"href":"https:\/\/amanecerhuasteco.com\/portal\/wp-json\/wp\/v2\/media?parent=74536"}],"wp:term":[{"taxonomy":"category","embeddable":true,"href":"https:\/\/amanecerhuasteco.com\/portal\/wp-json\/wp\/v2\/categories?post=74536"},{"taxonomy":"post_tag","embeddable":true,"href":"https:\/\/amanecerhuasteco.com\/portal\/wp-json\/wp\/v2\/tags?post=74536"}],"curies":[{"name":"wp","href":"https:\/\/api.w.org\/{rel}","templated":true}]}}