{"id":74542,"date":"2022-10-09T08:46:25","date_gmt":"2022-10-09T14:46:25","guid":{"rendered":"http:\/\/amanecerhuasteco.com\/portal\/?p=74542"},"modified":"2022-10-09T08:46:25","modified_gmt":"2022-10-09T14:46:25","slug":"slp-coordina-esfuerzos-a-favor-de-migrantes-nacionales-y-extranjeros","status":"publish","type":"post","link":"https:\/\/amanecerhuasteco.com\/portal\/slp-coordina-esfuerzos-a-favor-de-migrantes-nacionales-y-extranjeros\/","title":{"rendered":"SLP coordina esfuerzos a favor de migrantes nacionales y extranjeros"},"content":{"rendered":"<div class=\"\" dir=\"auto\">\n<div id=\"jsc_c_q3\" class=\"x1iorvi4 x1pi30zi x1l90r2v x1swvt13\" data-ad-comet-preview=\"message\" data-ad-preview=\"message\">\n<div class=\"x78zum5 xdt5ytf xz62fqu x16ldp7u\">\n<div class=\"xu06os2 x1ok221b\">\n<div class=\"xdj266r x11i5rnm xat24cr x1mh8g0r x1vvkbs x126k92a\"><\/div>\n<div class=\"x11i5rnm xat24cr x1mh8g0r x1vvkbs xtlvy1s x126k92a\">\n<div dir=\"auto\">\u2022 En la primera Reuni\u00f3n Interinstitucional de Trabajo en Temas de Pol\u00edtica Migratoria y Casa de la Caridad Hogar del Migrante se abordan temas de salud, seguridad y atenci\u00f3n a personas en situaci\u00f3n de migraci\u00f3n<\/div>\n<\/div>\n<div class=\"x11i5rnm xat24cr x1mh8g0r x1vvkbs xtlvy1s x126k92a\">\n<div dir=\"auto\">Atendiendo la instrucci\u00f3n del Mandatario de San Luis Potos\u00ed, Ricardo Gallardo Cardona, el Gobierno del Cambio unifica esfuerzos para fortalecer las condiciones de seguridad, salud y atenci\u00f3n a las personas en situaci\u00f3n de migraci\u00f3n tanto nacionales como extranjeras en la entidad, un acuerdo logrado durante la primera Reuni\u00f3n Interinstitucional de Trabajo en Temas de Pol\u00edtica Migratoria y Casa de la Caridad Hogar del Migrante.<\/div>\n<div dir=\"auto\">En la reuni\u00f3n que encabezaron el director general del Instituto de Migraci\u00f3n y Enlace Internacional (IMEI), Luis Enrique Hern\u00e1ndez Segura y el Subsecretario de Enlace Interinstitucional, Juan Pablo Escobar Mart\u00ednez, en representaci\u00f3n del secretario general de Gobierno, J. Guadalupe Torres S\u00e1nchez, se acord\u00f3 fortalecer la seguridad en la zona donde se ubica la Casa de la Caridad Hogar del Migrante, adem\u00e1s de mejoras en la vigilancia a trav\u00e9s de las c\u00e1maras del C5 y rondines de seguridad por parte de autoridades estatales y municipales.<\/div>\n<div dir=\"auto\">En materia de salud se destac\u00f3 el apoyo del Instituto Temazcalli para la atenci\u00f3n de las adicciones y salud mental para las personas que as\u00ed lo requieran, el apoyo por parte del Centro de las Artes para programas de desarrollo cultural y art\u00edstico, y del DIF Estatal, que continuar\u00e1 entregando apoyo alimenticio y ofrecer\u00e1 programas sociales.<\/div>\n<div dir=\"auto\">Durante la reuni\u00f3n se cont\u00f3 con la participaci\u00f3n de 12 dependencias estatales encabezadas por el DIF Estatal, as\u00ed como los C\u00f3nsules de El Salvador, Honduras y Guatemala; organismos como la Comisi\u00f3n Nacional y Estatal de Derechos Humanos, la Organizaci\u00f3n Internacional para las Migraciones (OIM), el Alto Comisionado de las Naciones Unidas para los Refugiados (ACNUR).<\/div>\n<div dir=\"auto\">Estuvieron presentes el director de la Casa de la Caridad, Hogar del Migrante, Marco Antonio Luna Aguilar, y el apoderado legal de la Arquidi\u00f3cesis de San Luis Potos\u00ed, Jos\u00e9 In\u00e9s Galv\u00e1n Govea, adem\u00e1s de representantes y titulares de la Secretar\u00eda de la Defensa Nacional (Sedena), Guardia Nacional (GN), Instituto Nacional de Migraci\u00f3n (INM), representantes de los ayuntamientos de Soledad de Graciano S\u00e1nchez y de la capital.<\/div>\n<\/div>\n<\/div>\n<\/div>\n<\/div>\n<\/div>\n<div id=\"jsc_c_q4\" class=\"x1n2onr6\"><\/div>\n","protected":false},"excerpt":{"rendered":"<p>\u2022 En la primera Reuni\u00f3n Interinstitucional de Trabajo en Temas de Pol\u00edtica Migratoria y Casa de la Caridad Hogar del Migrante se abordan temas de salud, seguridad y atenci\u00f3n a personas en situaci\u00f3n de migraci\u00f3n Atendiendo la instrucci\u00f3n del Mandatario de San Luis Potos\u00ed, Ricardo &hellip; <\/p>\n","protected":false},"author":1,"featured_media":74543,"comment_status":"open","ping_status":"open","sticky":false,"template":"","format":"standard","meta":{"footnotes":""},"categories":[7,11,4,12,5],"tags":[],"class_list":["post-74542","post","type-post","status-publish","format-standard","has-post-thumbnail","hentry","category-ciudad","category-estado","category-inicio","category-nacional","category-politica"],"_links":{"self":[{"href":"https:\/\/amanecerhuasteco.com\/portal\/wp-json\/wp\/v2\/posts\/74542","targetHints":{"allow":["GET"]}}],"collection":[{"href":"https:\/\/amanecerhuasteco.com\/portal\/wp-json\/wp\/v2\/posts"}],"about":[{"href":"https:\/\/amanecerhuasteco.com\/portal\/wp-json\/wp\/v2\/types\/post"}],"author":[{"embeddable":true,"href":"https:\/\/amanecerhuasteco.com\/portal\/wp-json\/wp\/v2\/users\/1"}],"replies":[{"embeddable":true,"href":"https:\/\/amanecerhuasteco.com\/portal\/wp-json\/wp\/v2\/comments?post=74542"}],"version-history":[{"count":1,"href":"https:\/\/amanecerhuasteco.com\/portal\/wp-json\/wp\/v2\/posts\/74542\/revisions"}],"predecessor-version":[{"id":74544,"href":"https:\/\/amanecerhuasteco.com\/portal\/wp-json\/wp\/v2\/posts\/74542\/revisions\/74544"}],"wp:featuredmedia":[{"embeddable":true,"href":"https:\/\/amanecerhuasteco.com\/portal\/wp-json\/wp\/v2\/media\/74543"}],"wp:attachment":[{"href":"https:\/\/amanecerhuasteco.com\/portal\/wp-json\/wp\/v2\/media?parent=74542"}],"wp:term":[{"taxonomy":"category","embeddable":true,"href":"https:\/\/amanecerhuasteco.com\/portal\/wp-json\/wp\/v2\/categories?post=74542"},{"taxonomy":"post_tag","embeddable":true,"href":"https:\/\/amanecerhuasteco.com\/portal\/wp-json\/wp\/v2\/tags?post=74542"}],"curies":[{"name":"wp","href":"https:\/\/api.w.org\/{rel}","templated":true}]}}