{"id":74565,"date":"2022-10-09T19:58:42","date_gmt":"2022-10-10T01:58:42","guid":{"rendered":"http:\/\/amanecerhuasteco.com\/portal\/?p=74565"},"modified":"2022-10-09T19:58:42","modified_gmt":"2022-10-10T01:58:42","slug":"inicia-gobierno-acciones-de-prevencion-de-enfermedades-por-temporada-invernal","status":"publish","type":"post","link":"https:\/\/amanecerhuasteco.com\/portal\/inicia-gobierno-acciones-de-prevencion-de-enfermedades-por-temporada-invernal\/","title":{"rendered":"Inicia gobierno acciones de prevenci\u00f3n de enfermedades por temporada invernal"},"content":{"rendered":"<div class=\"xdj266r x11i5rnm xat24cr x1mh8g0r x1vvkbs x126k92a\"><\/div>\n<div dir=\"auto\"><\/div>\n<div dir=\"auto\"><\/div>\n<div dir=\"auto\"><\/div>\n<div class=\"x11i5rnm xat24cr x1mh8g0r x1vvkbs xtlvy1s x126k92a\">\n<div dir=\"auto\">\u2022 Es importante que ni\u00f1as, ni\u00f1os y adolescentes cuenten con su esquema de vacunaci\u00f3n completo, actualmente se aplica la vacuna contra Influenza<\/div>\n<\/div>\n<div class=\"x11i5rnm xat24cr x1mh8g0r x1vvkbs xtlvy1s x126k92a\">\n<div dir=\"auto\">Tras el inicio de la vacunaci\u00f3n contra la influenza, por instrucci\u00f3n del Gobernador de San Luis Potos\u00ed, Ricardo Gallardo Cardona, los Servicios de Salud, comenzaron acciones preventivas y de control, con el prop\u00f3sito de evitar da\u00f1os a la salud por las bajas temperaturas, principalmente en poblaci\u00f3n menor de cinco y mayores de 60 a\u00f1os, explic\u00f3 el secretario de Salud, Daniel Acosta D\u00edaz de Le\u00f3n.<\/div>\n<div dir=\"auto\">Se\u00f1al\u00f3 que, aunque los contagios por covid-19 han disminuido, a\u00fan se siguen presentando y el inicio de la temporada de fr\u00edo hace inevitable la aparici\u00f3n de otras enfermedades respiratorias como la influenza, gripe com\u00fan, resfriados, neumon\u00edas, bronquitis y tambi\u00e9n diarreas por rotavirus, por lo que es necesario reforzar el sistema inmune de grupos prioritarios para Infecciones Respiratorias Agudas (Iras).<\/div>\n<div dir=\"auto\">Desde el lunes 3 de octubre, en los Centros de Salud de los Servicios de Salud, se inici\u00f3 la vacunaci\u00f3n contra la influenza, donde se atiende a menores de cinco a\u00f1os, personas de 60 a\u00f1os en adelante, mujeres embarazadas y personas con comorbilidades que no cuentan con ning\u00fan tipo de seguridad social; adem\u00e1s de la vacuna, se recomienda evitar cambios bruscos de temperatura, tomar abundantes l\u00edquidos, frutas y verduras amarillas o anaranjadas que son ricas en vitamina A como la guayaba, papaya y naranja.<\/div>\n<div dir=\"auto\">El director general de los Servicios de Salud indic\u00f3 que los principales s\u00edntomas que se pueden presentar con infecciones respiratorias agudas son: secreci\u00f3n abundante de la nariz, congesti\u00f3n nasal \u201cnariz tapada\u201d, estornudos frecuentes, fiebre, dolor de garganta al comer o tomar l\u00edquidos, tos con flemas, dolor de cabeza.<\/div>\n<div dir=\"auto\">Finalmente, mencion\u00f3 que para contener los contagios es importante estornudar correctamente (estornudo de etiqueta), utilizando un pa\u00f1uelo desechable o cubrirse con el \u00e1ngulo interno del brazo, usar cubrebocas en espacios cerrados o si se presentan s\u00edntomas, estar al pendiente de la salud de las y los ni\u00f1os, como el revisar que cuenten con esquema de vacunaci\u00f3n actualizado, por lo que invit\u00f3 a la ciudadan\u00eda a aplicar la vacuna de Influenza en la actual campa\u00f1a.<\/div>\n<\/div>\n","protected":false},"excerpt":{"rendered":"<p>\u2022 Es importante que ni\u00f1as, ni\u00f1os y adolescentes cuenten con su esquema de vacunaci\u00f3n completo, actualmente se aplica la vacuna contra Influenza Tras el inicio de la vacunaci\u00f3n contra la influenza, por instrucci\u00f3n del Gobernador de San Luis Potos\u00ed, Ricardo Gallardo Cardona, los Servicios de &hellip; <\/p>\n","protected":false},"author":1,"featured_media":74566,"comment_status":"open","ping_status":"open","sticky":false,"template":"","format":"standard","meta":{"footnotes":""},"categories":[7,11,4,12,5],"tags":[],"class_list":["post-74565","post","type-post","status-publish","format-standard","has-post-thumbnail","hentry","category-ciudad","category-estado","category-inicio","category-nacional","category-politica"],"_links":{"self":[{"href":"https:\/\/amanecerhuasteco.com\/portal\/wp-json\/wp\/v2\/posts\/74565","targetHints":{"allow":["GET"]}}],"collection":[{"href":"https:\/\/amanecerhuasteco.com\/portal\/wp-json\/wp\/v2\/posts"}],"about":[{"href":"https:\/\/amanecerhuasteco.com\/portal\/wp-json\/wp\/v2\/types\/post"}],"author":[{"embeddable":true,"href":"https:\/\/amanecerhuasteco.com\/portal\/wp-json\/wp\/v2\/users\/1"}],"replies":[{"embeddable":true,"href":"https:\/\/amanecerhuasteco.com\/portal\/wp-json\/wp\/v2\/comments?post=74565"}],"version-history":[{"count":1,"href":"https:\/\/amanecerhuasteco.com\/portal\/wp-json\/wp\/v2\/posts\/74565\/revisions"}],"predecessor-version":[{"id":74567,"href":"https:\/\/amanecerhuasteco.com\/portal\/wp-json\/wp\/v2\/posts\/74565\/revisions\/74567"}],"wp:featuredmedia":[{"embeddable":true,"href":"https:\/\/amanecerhuasteco.com\/portal\/wp-json\/wp\/v2\/media\/74566"}],"wp:attachment":[{"href":"https:\/\/amanecerhuasteco.com\/portal\/wp-json\/wp\/v2\/media?parent=74565"}],"wp:term":[{"taxonomy":"category","embeddable":true,"href":"https:\/\/amanecerhuasteco.com\/portal\/wp-json\/wp\/v2\/categories?post=74565"},{"taxonomy":"post_tag","embeddable":true,"href":"https:\/\/amanecerhuasteco.com\/portal\/wp-json\/wp\/v2\/tags?post=74565"}],"curies":[{"name":"wp","href":"https:\/\/api.w.org\/{rel}","templated":true}]}}