{"id":74597,"date":"2022-10-10T20:59:54","date_gmt":"2022-10-11T02:59:54","guid":{"rendered":"http:\/\/amanecerhuasteco.com\/portal\/?p=74597"},"modified":"2022-10-10T20:59:54","modified_gmt":"2022-10-11T02:59:54","slug":"jucopo-define-las-comparecencias-por-la-glosa-del-informe-de-gobierno-del-estado-seran-llamados-a-comparecer-ocho-secretarios-dip-jose-luis-fernandez-martinez","status":"publish","type":"post","link":"https:\/\/amanecerhuasteco.com\/portal\/jucopo-define-las-comparecencias-por-la-glosa-del-informe-de-gobierno-del-estado-seran-llamados-a-comparecer-ocho-secretarios-dip-jose-luis-fernandez-martinez\/","title":{"rendered":"JUCOPO define las comparecencias por la glosa del informe de gobierno del estado, ser\u00e1n llamados a comparecer ocho secretarios: Dip. Jos\u00e9 Luis Fern\u00e1ndez Mart\u00ednez"},"content":{"rendered":"<div class=\"xdj266r x11i5rnm xat24cr x1mh8g0r x1vvkbs x126k92a\">\n<div dir=\"auto\"><\/div>\n<\/div>\n<div class=\"x11i5rnm xat24cr x1mh8g0r x1vvkbs xtlvy1s x126k92a\">\n<div dir=\"auto\">SE APROB\u00d3 EL PROYECTO DE PRESUPUESTO PARA EL EJERCICIO FISCAL 2023, EN DONDE SE CONTEMPLA UNA PARTIDA ESPECIAL DE 150 MILLONES DE PESOS PARA LA CONSTRUCCI\u00d3N DE UNA NUEVA SEDE DEL LEGISLATIVO<\/div>\n<\/div>\n<div class=\"x11i5rnm xat24cr x1mh8g0r x1vvkbs xtlvy1s x126k92a\">\n<div dir=\"auto\">En reuni\u00f3n de trabajo, las y los integrantes de la Junta de Coordinaci\u00f3n Pol\u00edtica (JUCOPO) del Congreso del Estado, definieron el calendario para las comparecencias de funcionarios estatales con motivo de la Glosa del Primer Informe de Gobierno, mismas que se realizar\u00edan el 18 y 25 de octubre pr\u00f3ximo.<\/div>\n<\/div>\n<div class=\"x11i5rnm xat24cr x1mh8g0r x1vvkbs xtlvy1s x126k92a\">\n<div dir=\"auto\">Los funcionarios que ser\u00edan llamados a comparecer, ser\u00e1n los titulares de las Secretar\u00edas: General de Gobierno; Finanzas; Salud; Seguridad P\u00fablica y Protecci\u00f3n Ciudadana; Educaci\u00f3n; Desarrollo Econ\u00f3mico; Desarrollo Social y Regional; y Desarrollo Urbano, Vivienda y Obras P\u00fablicas.<\/div>\n<\/div>\n<div class=\"x11i5rnm xat24cr x1mh8g0r x1vvkbs xtlvy1s x126k92a\">\n<div dir=\"auto\">Nosotros tenemos una ruta para el formato, ser\u00eda una exposici\u00f3n del compareciente por un tiempo determinado que es un tema t\u00e9cnico que ajustaremos en los pr\u00f3ximos d\u00edas y posteriormente a esto, la idea ser\u00eda que viniera una ronda de preguntas, respuestas, r\u00e9plica y contrar\u00e9plica con cargo a los legisladores y los comparecientes, m\u00e1s o menos as\u00ed estar\u00eda integrado y la idea que sea los d\u00edas martes, 18 y 25 de octubre, es probable que sean dos por la ma\u00f1ana y dos por la tarde.<\/div>\n<\/div>\n<div class=\"x11i5rnm xat24cr x1mh8g0r x1vvkbs xtlvy1s x126k92a\">\n<div dir=\"auto\">Agreg\u00f3 que de acuerdo al trabajo de comisiones en la revisi\u00f3n del informe, puede tomarse el acuerdo de agregar algunas otras comparecencias, pero consider\u00f3 que con la presencia de estos ocho funcionarios abarcar\u00edamos todos los aspectos del Plan Estatal de Desarrollo, tendr\u00edamos la representaci\u00f3n de gobernabilidad, de seguridad p\u00fablica, salud, de educaci\u00f3n, desarrollo econ\u00f3mico e inversi\u00f3n en infraestructura, y creemos que estamos completos, pero si hubiera alg\u00fan inter\u00e9s de un funcionario en particular, no estamos cerrados, no est\u00e1 concluido el acuerdo.<\/div>\n<\/div>\n<div class=\"x11i5rnm xat24cr x1mh8g0r x1vvkbs xtlvy1s x126k92a\">\n<div dir=\"auto\">Asimismo, inform\u00f3 que aprobaron el proyecto de presupuesto del Poder Legislativo para el ejercicio fiscal 2023, en donde se contempla una partida especial de 150 millones de pesos para la construcci\u00f3n de una nueva sede del Congreso del Estado, la cual cuente con las medidas de accesibilidad y de inclusi\u00f3n necesarias para personas con discapacidad, as\u00ed como espacios suficientes para el desarrollo del trabajo legislativo.<\/div>\n<\/div>\n<div class=\"x11i5rnm xat24cr x1mh8g0r x1vvkbs xtlvy1s x126k92a\">\n<div dir=\"auto\">El diputado Jos\u00e9 Luis Fern\u00e1ndez Mart\u00ednez, presidente de la JUCOPO, se\u00f1alo que en este tema, est\u00e1 por finalizar el tema de la donaci\u00f3n del predio que albergar\u00e1 al nuevo edificio legislativo, el cual se pretende se ubique cerca de las instalaciones de la FENAPO, y sea un edificio moderno y eficiente, que cumpla con las medidas de acceso y ubicaci\u00f3n.<\/div>\n<\/div>\n<div class=\"x11i5rnm xat24cr x1mh8g0r x1vvkbs xtlvy1s x126k92a\">\n<div dir=\"auto\">La idea es construir un edificio moderno, que cuente con todas las \u00e1reas necesarias y suficientes para el trabajo del Congreso, que no se tenga la necesidad de arrendar otros inmuebles y que sea sobre todo, un edificio que tenga todos los elementos de inclusi\u00f3n para poder recibir a todas las personas en ese recinto; yo pon\u00eda como ejemplo lo agotado que est\u00e1 el sal\u00f3n de plenos, que si tuvi\u00e9ramos un diputado que tuviera problemas de movilidad ser\u00eda pr\u00e1cticamente imposible que fuera al sal\u00f3n de Plenos\u201d.<\/div>\n<\/div>\n<div class=\"x11i5rnm xat24cr x1mh8g0r x1vvkbs xtlvy1s x126k92a\">\n<div dir=\"auto\">Se\u00f1al\u00f3 que al desocupar los edificios que actualmente albergan las oficinas del Poder Legislativo, tanto en el recinto legislativo como el edificio Presidente Ju\u00e1rez, donde se ubican las oficinas, al ser propiedad del Gobierno del Estado, podr\u00e1 disponer de ellos, ya sea para albergar otras dependencias u organismos.<\/div>\n<\/div>\n<div class=\"x11i5rnm xat24cr x1mh8g0r x1vvkbs xtlvy1s x126k92a\">\n<div dir=\"auto\">En el apartado de sueldos y salarios de los legisladores, el legislador se\u00f1alo que no se pretende ning\u00fan incremento, por lo que se contemplan en los mismos t\u00e9rminos que los ejercidos en el presupuesto 2022; y se tiene previsto establecer tambi\u00e9n una partida de 5 millones de pesos para la realizaci\u00f3n de consultas a pueblos y comunidades ind\u00edgenas, y persona con discapacidad.<\/div>\n<\/div>\n<div class=\"x11i5rnm xat24cr x1mh8g0r x1vvkbs xtlvy1s x126k92a\">\n<div dir=\"auto\">Las consultas a pueblos y comunidades ind\u00edgenas que llegaron para quedarse y es un ejercicio que va a ser reiterativo entre los poderes del estado, y est\u00e1 plasmado una partida especial para ese fin, y creo que el presupuesto va en t\u00e9rminos generales adecuado y suficientes para poder desarrollar el trabajo el pr\u00f3ximo a\u00f1o.<\/div>\n<\/div>\n","protected":false},"excerpt":{"rendered":"<p>SE APROB\u00d3 EL PROYECTO DE PRESUPUESTO PARA EL EJERCICIO FISCAL 2023, EN DONDE SE CONTEMPLA UNA PARTIDA ESPECIAL DE 150 MILLONES DE PESOS PARA LA CONSTRUCCI\u00d3N DE UNA NUEVA SEDE DEL LEGISLATIVO En reuni\u00f3n de trabajo, las y los integrantes de la Junta de Coordinaci\u00f3n &hellip; <\/p>\n","protected":false},"author":1,"featured_media":74598,"comment_status":"open","ping_status":"open","sticky":false,"template":"","format":"standard","meta":{"footnotes":""},"categories":[7,11,4,12,5],"tags":[],"class_list":["post-74597","post","type-post","status-publish","format-standard","has-post-thumbnail","hentry","category-ciudad","category-estado","category-inicio","category-nacional","category-politica"],"_links":{"self":[{"href":"https:\/\/amanecerhuasteco.com\/portal\/wp-json\/wp\/v2\/posts\/74597","targetHints":{"allow":["GET"]}}],"collection":[{"href":"https:\/\/amanecerhuasteco.com\/portal\/wp-json\/wp\/v2\/posts"}],"about":[{"href":"https:\/\/amanecerhuasteco.com\/portal\/wp-json\/wp\/v2\/types\/post"}],"author":[{"embeddable":true,"href":"https:\/\/amanecerhuasteco.com\/portal\/wp-json\/wp\/v2\/users\/1"}],"replies":[{"embeddable":true,"href":"https:\/\/amanecerhuasteco.com\/portal\/wp-json\/wp\/v2\/comments?post=74597"}],"version-history":[{"count":1,"href":"https:\/\/amanecerhuasteco.com\/portal\/wp-json\/wp\/v2\/posts\/74597\/revisions"}],"predecessor-version":[{"id":74599,"href":"https:\/\/amanecerhuasteco.com\/portal\/wp-json\/wp\/v2\/posts\/74597\/revisions\/74599"}],"wp:featuredmedia":[{"embeddable":true,"href":"https:\/\/amanecerhuasteco.com\/portal\/wp-json\/wp\/v2\/media\/74598"}],"wp:attachment":[{"href":"https:\/\/amanecerhuasteco.com\/portal\/wp-json\/wp\/v2\/media?parent=74597"}],"wp:term":[{"taxonomy":"category","embeddable":true,"href":"https:\/\/amanecerhuasteco.com\/portal\/wp-json\/wp\/v2\/categories?post=74597"},{"taxonomy":"post_tag","embeddable":true,"href":"https:\/\/amanecerhuasteco.com\/portal\/wp-json\/wp\/v2\/tags?post=74597"}],"curies":[{"name":"wp","href":"https:\/\/api.w.org\/{rel}","templated":true}]}}