{"id":74800,"date":"2022-10-16T21:18:49","date_gmt":"2022-10-17T03:18:49","guid":{"rendered":"http:\/\/amanecerhuasteco.com\/portal\/?p=74800"},"modified":"2022-10-16T21:18:49","modified_gmt":"2022-10-17T03:18:49","slug":"entre-columnas-538","status":"publish","type":"post","link":"https:\/\/amanecerhuasteco.com\/portal\/entre-columnas-538\/","title":{"rendered":"ENTRE COLUMNAS"},"content":{"rendered":"<p><img decoding=\"async\" class=\"alignnone size-full wp-image-73200\" src=\"https:\/\/amanecerhuasteco.com\/portal\/wp-content\/uploads\/2022\/09\/IMG-20220904-WA0001.jpg\" alt=\"\" width=\"1080\" height=\"1061\" srcset=\"https:\/\/amanecerhuasteco.com\/portal\/wp-content\/uploads\/2022\/09\/IMG-20220904-WA0001.jpg 1080w, https:\/\/amanecerhuasteco.com\/portal\/wp-content\/uploads\/2022\/09\/IMG-20220904-WA0001-300x295.jpg 300w, https:\/\/amanecerhuasteco.com\/portal\/wp-content\/uploads\/2022\/09\/IMG-20220904-WA0001-1024x1006.jpg 1024w\" sizes=\"(max-width: 1080px) 100vw, 1080px\" \/><\/p>\n<p><strong><b>VA \u00a0EN SERIO\u2026\u2026. CASTRACION.-<\/b><\/strong><\/p>\n<p><strong><b>Ser\u00e1 Ley, en SLP los violadores ser\u00e1n \u201ccapados\u201d<\/b><\/strong><\/p>\n<p><strong>\u00abVamos a poner la muestra de que s\u00ed se puede cambiar la historia y acabar con los violadores\u00bb: Gobernador Ricardo Gallardo Cardo<\/strong><strong>n<\/strong><strong>a.<\/strong><\/p>\n<p><strong>El Gobernador del estado manifest\u00f3 que en nuestro estado, la castraci\u00f3n qu\u00edmica a violadores ser\u00e1 Ley, \u00abno se valen m\u00e1s violaciones a ni\u00f1as y ni\u00f1os, a mujeres y nosotros vamos a poner la muestra de que s\u00ed se puede cambiar la historia y acabar con los violadores\u00bb, sostuvo el mandatario, inform\u00f3 que \u00a0esta semana los diputados del Partido Verde van a presentar una iniciativa de Ley para castigar de manera definitiva a quien se atreva a abusar de un menor o una mujer en San Luis Potos\u00ed.<\/strong><\/p>\n<p><strong>\u00abEn San Luis Potos\u00ed, \u00e9l que viole a una mujer va a ser capado, castrado y no va a tener el valor civil para volverla a ver a los ojos\u00bb, se\u00f1al\u00f3 Ricardo Gallardo al refrendar su certeza de que la castraci\u00f3n qu\u00edmica ser\u00e1 Ley en nuestra entidad.<\/strong><\/p>\n<p><strong>El mandatario potosino pidi\u00f3 a todos los presentes y en general a todos los potosinos acompa\u00f1ar la propuesta de Ley para que los legisladores locales se den cuenta de la importancia y trascendencia de dicha iniciativa.<\/strong><\/p>\n<p><strong>++++++++++++++++++<\/strong><\/p>\n<p><strong>ENCUESTA \u00a0COLOCA \u00a0EN 3er. \u00a0LUGAR NACIONAL DE TRABAJO A GOBERNADOR DE SLP.<\/strong><\/p>\n<p><strong>La \u00a0entidad potosina \u00a0avanza favorablemente y destaca a nivel nacional \u00a0en tercer lugar al gobernador Ricardo Gallardo de los mejor \u00a0evaluados, \u00a0gracias a la estrategia social y de atenci\u00f3n a grupos vulnerables, as\u00ed como generaci\u00f3n hist\u00f3rica de obras de infraestructura, emprendida desde \u00a0el inicio del sexenio, quien derivado de dichos logros, durante la \u00faltima medici\u00f3n de M\u00e9xico Elige, se ubic\u00f3 en tercer lugar con mayor aprobaci\u00f3n ciudadana con 68.1 por ciento, y el segundo por el nivel de incremento, con 6.4 por ciento. <\/strong><\/p>\n<p><strong>De acuerdo con el Estudio Nacional de Opini\u00f3n P\u00fablica, de M\u00e9xico Elige, el Mandatario potosino super\u00f3 en 17.6 puntos porcentuales el promedio de aprobaci\u00f3n de las y los gobernadores de todo M\u00e9xico que qued\u00f3 en 50.5 por ciento, mientras que, en lo individual SLP se ubic\u00f3 por arriba de los estados de \u00a0\u00a0Yucat\u00e1n, Hidalgo, Guerrero, Aguascalientes, Tabasco, y Edomex \u00a0entre otros.<\/strong><\/p>\n<p><strong>La publicaci\u00f3n, se\u00f1ala, de acuerdo con el hist\u00f3rico por entidad federativa, que el porcentaje logrado por Ricardo Gallardo Cardona rompe el r\u00e9cord de evaluaci\u00f3n de la presente administraci\u00f3n con el porcentaje m\u00e1s alto logrado. <\/strong><\/p>\n<p><strong>M\u00e9xico Elige, destaca que el Gobernador Potosino logr\u00f3 un segundo lugar en el cambio de aprobaci\u00f3n de los ejecutivos locales, al sumar 6.4 puntos porcentuales respecto a la evaluaci\u00f3n pasada, solo por debajo del Mandatario de Yucat\u00e1n, que logr\u00f3 6.8 de incremento, a nivel nacional, lo que es reflejo de la aceptaci\u00f3n de las pol\u00edticas y estrategias implementadas en la entidad potosina.<\/strong><\/p>\n<p><strong>\u00a0El levantamiento se llev\u00f3 a cabo del 5 al 8 de octubre de 2022, a 10 mil 749 mexicanos, con un nivel de confianza de 95 por ciento y un margen de error de + 1.4 por ciento.<\/strong><\/p>\n<p><strong>+++++++++++++<\/strong><\/p>\n<p><strong>CARROCERIAS \u00a0BUSTOS<\/strong><\/p>\n<p><strong>Reforma y Lerdo de tejada Col. Altavista.<\/strong><\/p>\n<p><strong>Cd Valles SLP \u00a0Tel. 3824777.<\/strong><\/p>\n<p><strong>En carrocer\u00edas para camiones y camionetas nadie nos compite.<\/strong><\/p>\n<p><strong>+++++++++++++++<\/strong><\/p>\n<p><strong><b>COPARMEX \u00a0VE POSITIVA LA \u00a0REFORMAS \u00a0EN MATERIA DE VACACIONES A \u00a0TRABAJADORES.<\/b><\/strong><\/p>\n<p><strong>Seg\u00fan el comunicado de la Coparmex su jerarqu\u00eda \u00a0considera positiva la propuesta de vacaciones dignas, aunque creemos que la aplicaci\u00f3n de \u00e9sta medida debe ser gradual para las micro y peque\u00f1as empresas, con el objetivo de no afectar su operaci\u00f3n o poner en riesgo su sustentabilidad financiera.<\/strong><\/p>\n<p><strong>En ese sentido, la propuesta del sector empresarial, es que la aplicaci\u00f3n de esta reforma que dignifica a los trabajadores y que busca que el periodo vacacional se incremente, sea progresiva para que en 2023 se otorguen nueve d\u00edas y para 2024, 12 d\u00edas.<\/strong><\/p>\n<p><strong>En Coparmex estamos convencidos que las personas deben estar en el centro de la toma de decisiones, es por ello que las empresas socias de la Confederaci\u00f3n, sobre todo las medianas y grandes, ya otorgan actualmente m\u00e1s vacaciones y prima vacacional que las establecidas en la Ley Federal del Trabajo.<\/strong><\/p>\n<p><strong>Es importante mencionar que en Coparmex coincidimos plenamente con esta reforma que pretende alcanzar un equilibrio entre trabajo y descanso, aunque nos preocupa su puesta en marcha en las micro y las peque\u00f1as empresas del pa\u00eds, cuya base laboral es en promedio de 10 colaboradores.<\/strong><\/p>\n<p><strong>++++++++++++++<\/strong><\/p>\n<p><strong>Y \u00a0LA \u00a0GARANTIA MILLONARIA DEL PROVEEDOR A LA ADMINISTRACION INDEPENDIENTE<\/strong><\/p>\n<p><strong>Recuerda \u00a0usted \u00a0estimado contribuyente \u00a0del municipio de Valles \u00a0que \u00a0el programa del gobierno Independiente de alumbrado \u00a0p\u00fablico ahorrar\u00eda muchos millones de pesos \u00a0por consumo del alumbrado p\u00fablico a administraciones subsecuentes y que hab\u00eda una garant\u00eda \u00a0de muchos \u00a0a\u00f1os \u00a0que \u00a0tambi\u00e9n ser\u00eda un ahorro millonario para el presupuesto municipal, se hicieron demostraciones \u00a0de <\/strong><strong>c<\/strong><strong>alidad y durabilidad de las \u00a0l\u00e1mparas \u00a0que fueron instaladas \u00a0por toda la ciudad y poblados del medio rural.<\/strong><\/p>\n<p><strong>Con el arribo \u00a0de \u00a0la \u00a0actual administraci\u00f3n municipal \u00a0se \u00a0notaron en l rubro de alumbrado p\u00fablico \u00a0gasto elevados \u00a0\u00a0y pagos millonarios \u00a0a la CFE por consumo de energ\u00eda \u00a0el\u00e9ctrica, presumiendo tesorer\u00eda \u00a0\u00a0\u00a0que efectivamente \u00a0hab\u00eda amplios \u00a0m\u00e1rgenes de ahorro. \u00a0Pero recientemente en un informe \u00a0\u00a0mensual de la tesorer\u00eda \u00a0aparece textualmente \u201cSe mejor\u00f3 el alumbrado p\u00fablico con una inversi\u00f3n de 10.7 MDP, un gasto millonario \u00a0que \u00a0es \u00a0reportado en el documento \u00a0<\/strong> <strong>que \u00a0aprobaron los regidores.<\/strong><\/p>\n<p><strong>\u00a0<\/strong><\/p>\n<p><strong>++++++++++++++++++<\/strong><\/p>\n<p><strong><b>SE \u00a0ACABARON LOS \u00a0EBRIOS QUE \u00a0DEAMBULABAN POR LAS CALLES.<\/b><\/strong><\/p>\n<p><strong><b>&#8211; \u00a0Habr\u00e1 prohibici\u00f3n de \u201ccuetes\u201d<\/b><\/strong><\/p>\n<p><strong><b>&#8211; \u00a0Que \u00a0siempre \u00a0si \u00a0venta y \u00a0detonaci\u00f3n libre\u2026Atte \u00a0La Chimostrufia<\/b><\/strong><\/p>\n<p><strong><b>&#8211; En Valles en las \u00a0fiestas Patrias \u00a0no hubo \u201cquema de p\u00f3lvora\u201d<\/b><\/strong><\/p>\n<p><strong>Una publicaci\u00f3n local encabez\u00f3 \u00a0su noticia \u201cprohibir\u00e1n los cuetes\u201d y como el vulgo califica \u00a0as\u00ed \u00a0a \u00a0todos \u00a0aquellos que \u00a0deambulan \u00a0por las \u00a0calles \u00a0en completo estado de ebriedad \u00a0a quien dicen \u00a0\u201cva \u00a0bien cuete\u201d y \u00a0no \u00a0\u00a0es \u00a0esa \u00a0la \u00a0referencia, la \u00a0prohibici\u00f3n es \u00a0la \u00a0detonaci\u00f3n de la<\/strong><strong>\u00a0pirotecnia se ha incrementado de manera considerable ya \u00a0que no solamente los d\u00edas festivos \u201cqueman\u201d \u00a0cohetes \u00a0sino \u00a0que ya \u00a0es una pr\u00e1ctica cotidiana.<\/strong><\/p>\n<p><strong>En este sentido la diputada Lidia Vargas Hern\u00e1ndez, integrante de la Comisi\u00f3n de Ecolog\u00eda del Congreso del Estado, coincidi\u00f3 en que se tiene que analizar la prohibici\u00f3n de pirotecnia en el Estado. \u00a0Vargas Hern\u00e1ndez, vicepresidenta de la mencionada Comisi\u00f3n, se\u00f1al\u00f3 que \u00abse tendr\u00edan que hacer mesas de an\u00e1lisis y tambi\u00e9n valorar c\u00f3mo se afectar\u00eda a las personas que se dedican a este tipo de actividades, y trabajar en c\u00f3mo se les podr\u00eda ayudar para no perjudicarlas, pero considero que es algo importante y se tiene que accionar en este tema; Mencion\u00f3 que est\u00e1 consciente del da\u00f1o al medio ambiente, a las personas con autismo y a los animales que sufren con el ruido de los cuetes, por lo que una eventual prohibici\u00f3n ser\u00eda apoyada \u00absi es en beneficio de San Luis Potos\u00ed\u00bb, aunque apunt\u00f3 que quiz\u00e1 es preferible prohibir su uso en fiestas de a\u00f1o nuevo que es cuando m\u00e1s se presenta el uso de pirotecnia.<\/strong><\/p>\n<p><strong>+++++++++++<\/strong><\/p>\n<p><strong>+++++++++++++<\/strong><\/p>\n<p><strong>EST\u00c1 \u00a0URGIDO DE DINERO?<\/strong><\/p>\n<p><strong>Pr\u00e9stamos \u00a0\u00a0\u00a0de \u00a0dinero inmediatos a pensionados \u00a0\u00a0CFE, ISSSTE.FFCC, SCT, PEMEX, \u00a0ACTIVOS Y JUBILADIS \u00a0IMSS \u00a0\u00a0SIN AFECTAR TARJETON. \u00a0\u00a0\u00a0Ll\u00e1menos las 24 hrs del d\u00eda \u00a04811039565 \u00a0CREDITO INMEDIATO <\/strong><\/p>\n<p><strong>\u00a0<\/strong><\/p>\n<p><strong><b>\u00a0AYUNTAMIENTOS NO \u00a0PODRAN SOLICITAR PRESTAMOS.<\/b><\/strong><\/p>\n<p><strong><b>La \u00a0mayor\u00eda \u00a0de los \u00a0ayuntamientos \u00a0de \u00a0la Huasteca \u00a0y \u00a0del \u00a0\u00a0estado, al estar \u00a0pr\u00f3ximo finalizar \u00a0el a\u00f1o fiscal, \u00a0enfrentan problemas \u00a0econ\u00f3micos \u00a0de \u00a0tda \u00edndole que \u00a0hacen crisis \u00a0en la \u00a0n\u00f3mina y pago de \u00a0aguinaldos del \u00faltimo mes de cada a\u00f1o, tradicionalmente \u00a0acud\u00edan \u00a0a solicitar \u00a0autorizaci\u00f3n del Congreso \u00a0para \u00a0obtener pr\u00e9stamos \u00a0bancarios o adelanto de \u00a0sus participaciones \u00a0del siguiente a\u00f1o.<\/b><\/strong><\/p>\n<p><strong><b>Este \u00a0a\u00f1o \u00a0tendr\u00e1n \u00a0doble \u00a0problema \u00a0porque \u00a0seg\u00fan el Congreso del \u00a0Estado<\/b><\/strong><strong>\u201c No se autorizar\u00e1 a los ayuntamientos la contrataci\u00f3n de cr\u00e9ditos para pagar laudos laborales ni para cubrir el gasto corriente de las administraciones, pero existen alternativas que pueden utilizarse para hacer frente a las emergencias econ\u00f3micas que tienen y que son muy diversas, como, por ejemplo, que el Gobierno del Estado, a trav\u00e9s de la Secretar\u00eda de Finanzas, les adelante las prerrogativas a las que tienen derecho inform\u00f3 el secretario de la Comisi\u00f3n Segunda de Hacienda y Desarrollo Municipal del Congreso del Estado, diputado Alejandro Leal Tov\u00edas, \u00abDe esta manera podr\u00e1n ir pagando m\u00e1s adelante, luego de hacer una planeaci\u00f3n del gasto, en una ruta que puede funcionar para los ayuntamientos y que se ha puesto en pr\u00e1ctica, ya que es la salida m\u00e1s r\u00e1pida, siempre y cuando haya la voluntad tanto de ellos como del gobierno\u00bb.<\/strong><\/p>\n<p><strong>Por lo \u00a0anterior, se han desechado las solicitudes de cr\u00e9dito que est\u00e1n pidiendo algunos ayuntamientos, que pretenden aplicar el dinero para pagar los laudos y se les recomienda que mejor utilicen otras alternativas que no representen una afectaci\u00f3n m\u00e1s grave a las finanzas.<\/strong><\/p>\n<p><strong>Puntualiz\u00f3: \u00abla recomendaci\u00f3n que se les hace a los presidentes municipales es que, cuando despidan a un trabajador, lo hagan en el marco legal y ratifiquen en tribunales, para que no generen salarios ca\u00eddos y otras prestaciones que se vuelve, a la larga, una carga muy pesada\u00bb.<\/strong><\/p>\n<p><strong>+++++++<\/strong><\/p>\n<p><strong>En espacios cerrados, mantente puesto el cubre bocas y si estas al aire libre y te lo quitas, recuerda mantener una distancia de al menos 2 metros de otras personas. <\/strong><\/p>\n<p><strong>La pandemia no ha terminado; mant\u00e9n las medidas de prevenci\u00f3n y \u00a1corta el contagio!<\/strong><\/p>\n<p><strong>+++++++++++<\/strong><\/p>\n<p><strong>QFB \u00a0FABIOLA GARCIA ALVAREZ<\/strong><\/p>\n<p><strong>Perito dictaminador en an\u00e1lisis bacteriol\u00f3gico de agua y alimentos con n\u00famero GES-PD 0705<\/strong><\/p>\n<p><strong>Perito dictaminador en \u00a0estupefacientes GES-PD0523<\/strong><\/p>\n<p><strong>Maestr\u00eda \u00a0en an\u00e1lisis cl\u00ednicos 1301 \u2013 368068<\/strong><\/p>\n<p><strong>Ced \u00a0prof \u00a08664204 \u00a0\u00a0Tel. 38 1 66 64<\/strong><\/p>\n<p><strong>Asesor\u00eda, \u00a0auditor\u00eda \u00a0y gesti\u00f3n ambiental.<\/strong><\/p>\n<ol>\n<li><strong> Victoria No. 8 \u00a0zona centro Cd Valles SLP.<\/strong><\/li>\n<\/ol>\n<p><strong>\u00a0<\/strong><\/p>\n<p><strong>\u00a0<\/strong><\/p>\n<p><strong>REGIDORES \u00a0FALTISTAS.<\/strong><\/p>\n<p><strong>Asistir a \u00a0una sesi\u00f3n \u00a0del cabildo es una \u00a0obligaci\u00f3n ineludible \u00a0de un \u00a0regidor, salvo por \u00a0una situaci\u00f3n extraordinaria \u00a0justificada \u00a0\u00a0que \u00a0impida \u00a0cumplir \u00a0con esa \u00a0responsabilidad, no \u00a0se \u00a0acepta su ausencia a una sesi\u00f3n \u00a0en la \u00a0que \u00a0se \u00a0analizar\u00e1n los informes \u00a0contables \u00a0de tres meses a la tesorer\u00eda municipal, tres de esos integrantes del cabildo fueron declarados ausentes y al menos de Comunicaci\u00f3n social \u00a0no se \u00a0emiti\u00f3 oficialmente las \u00a0causas \u00a0de \u00a0tal irresponsabilidad. \u00a0Si se \u00a0revisan las \u00a0actas \u00a0\u00a0de sesiones \u00a0del cabildo anteriores \u00a0se encontrar\u00e1n que existen \u00a0registradas \u00a0insistencias \u00a0hasta de los s\u00edndicos.<\/strong><\/p>\n<p><strong>La pasada \u00a0semana \u00a0fueron convocados los regidores y s\u00edndicos \u00a0a una sesi\u00f3n ordinaria \u00a0para \u00a0\u00a0revisar y analizar las \u00a0cuentas \u00a0\u00a0de tesorer\u00eda correspondientes a \u00a0\u00a0los meses \u00a0de \u00a0julio, agosto y \u00a0septiembre, asistieron solo 9 \u00a0regidores, dos s\u00edndicos y el presidente municipal. Quienes \u00a0fueron los \u00a0regidores faltistas? \u00a0A los \u00a0que deben descontarles \u00a0su \u201csalario\u201d \u00a0por \u00a0no \u00a0cumplir \u00a0con su encomienda \u00a0por la que juraron y otra inc\u00f3gnita \u00a0es \u00a0\u00a0porqu\u00e9 \u00a0toleran los \u00a0referidos \u00a0regidores \u00a0que \u00a0un informe mensual \u00a0pase hasta \u00a060 d\u00edas \u00a0para \u00a0someterlo \u00a0a \u00a0an\u00e1lisis y aprobaci\u00f3n en su caso, \u00a0cuando el mas reciente (septiembre) a los 8 d\u00edas ya estaba listo para someterlo al \u00a0escrutinio \u00a0contable. \u00a0Mas \u00a0responsabilidad se\u00f1ores \u00a0regidores, ustedes \u00a0son empleados \u00a0del pueblo, sus onerosos \u00a0sueldos y dietas \u00a0se pagan con impuestos \u00a0del contribuyente. <\/strong><\/p>\n<p><strong>+++++++++++++<\/strong><\/p>\n<p><strong>El sitio ideal para \u00a0sus fiestas\u2026<\/strong><\/p>\n<p><strong>\u201cFINCA \u00a0SAN ISIDRO\u201d <\/strong><\/p>\n<p><strong>Sal\u00f3n para fiestas de todo tipo.<\/strong><\/p>\n<p><strong>Carretera Valles \u2013 R\u00edo Verde Km. 8 <\/strong><\/p>\n<p><strong>Contrataciones al Tel. 01 481 179 09<\/strong><\/p>\n<p><strong>Cd. Valles SLP M\u00e9xico.<\/strong><\/p>\n<p><strong>++++<\/strong><\/p>\n<p><strong><b>RELEVO EN LA JUNTA ESTATAL DE CAMINOS.<\/b><\/strong><\/p>\n<p><strong><b>La \u00a0anunciada purga \u00a0de funcionarios \u201cflojos\u201d \u00a0del equipo \u00a0del gobernador Ricardo Gallardo Cardona, llega a la \u00a0Junta \u00a0estatal de caminos \u00a0y llega Francisco Reyes Novelo a \u00a0\u00a0la titularidad de la JEC<\/b><\/strong><strong>, con este cambio, la dependencia alcanzar\u00e1 un trabajo m\u00e1s din\u00e1mico para detonar diversos proyectos \u00a0\u00a0en obras \u00a0de \u00a0comunicaci\u00f3n a \u00a0cargo \u00a0del estado.<\/strong><\/p>\n<p><strong>Con la encomienda de desarrollar un trabajo din\u00e1mico mediante el cual, se puedan detonar diversos proyectos para fortalecer la infraestructura de los caminos en todo el Estado, junto a las estrategias para mejorar la movilidad, el Gobernador designo \u00a0a \u00a0este \u00a0\u00a0nuevo \u00a0funcionario. El mandatario expres\u00f3 que \u201ctendremos dos nombramientos, bueno tendremos tres, Turismo, la JEC y en el Instituto \u00a0\u00a0Potosino de Cultura F\u00edsica y Deporte (Inpode)\u201d, coment\u00f3 el Gobernador, quien detall\u00f3 que la Secretar\u00eda General de Gobierno, se encuentra en el proceso de an\u00e1lisis de perfiles para ocupar la titularidad de la Secretar\u00eda de Turismo (Sectur).<\/strong><\/p>\n<p><strong>El Mandatario Estatal, se\u00f1al\u00f3 que estos ajustes en la Junta Estatal de Caminos permitir\u00e1n avanzar en los objetivos que su administraci\u00f3n persigue, para que diversos proyectos que son necesarios tanto en la zona metropolitana de la capital potosina, como al interior del Estado, puedan lograr el impacto que se necesita para miles de potosinos sean beneficiados con el Gobierno del cambio.<\/strong><\/p>\n<p><strong>++++<\/strong><\/p>\n<p><strong>\u00a0\u201cCAF\u00c9 Y RESTAURANT \u00a0EL FAROLITO\u201d \u00a0\u00a0<\/strong><\/p>\n<p><strong>Lo mejor de la cocina Huasteca; el tradicional zacahuil y cazueladas. \u00a0\u00a0Atendemos toda clase de \u00a0festejos. Pedidos al Tel \u00a03821017 Ciudad Valles SLP.<\/strong><\/p>\n<p><strong>+++++++++++++<\/strong><\/p>\n<p><strong>DE \u00a0V O \u00a0L \u00a0A D A .-<\/strong><\/p>\n<p><strong><b>cambios y reestructuraci\u00f3n en direcciones del ayuntamiento<\/b><\/strong><\/p>\n<p><strong>-Con el objetivo de brindar un mejor servicio a la poblaci\u00f3n.<\/strong><\/p>\n<p><strong>Anunci\u00f3 el Presidente Municipal de Ciudad Valles, , que con el prop\u00f3sito de brindar un mejor servicio a la ciudadan\u00eda y obtener mayor eficiencia en la administraci\u00f3n municipal, es que habr\u00e1 cambios en diversas \u00e1reas del ayuntamiento.<\/strong><\/p>\n<p><strong>Entre los que destac\u00f3 la salida de Juan Carlos Izaguirre Gonz\u00e1lez, de la coordinaci\u00f3n General de la Feria Nacional de la Huasteca Potosina, por lo que estar\u00e1 por definirse qui\u00e9n ocupar\u00e1 dicha encomienda.<\/strong><\/p>\n<p><strong>Medina Salazar tambi\u00e9n dio a conocer que habr\u00e1 una reestructuraci\u00f3n en algunos departamentos como lo es DICUFIDE y Comercio, cambios que se comenzar\u00e1n a aplicar\u00e1n \u00a0esta \u00a0semana.<\/strong><\/p>\n<p><strong>+++++++++++++++++++++++<\/strong><\/p>\n<p><strong><b>QU\u00c9 TAN CIERTO es que el gobierno tomar\u00e1 el dinero de cuentas bancarias inactivas<\/b><\/strong><\/p>\n<p><strong>La iniciativa fue aprobada por la C\u00e1mara de Diputados y pretende disponer del efectivo de cuentas bancarias que no se han empleado en tres a\u00f1os<\/strong><\/p>\n<p><strong>\u00a0<\/strong><strong>En redes sociales se corre el rumor de que el Gobierno Federal tomar\u00e1 los ahorros de los mexicanos que tengan cuentan bancarias sin usar, esto tras la aprobaci\u00f3n de la reforma al art\u00edculo 61 de la Ley de Instituciones de Cr\u00e9dito. Sin embargo, \u00bfqu\u00e9 tan cierta es esta informaci\u00f3n y qu\u00e9 se sabe de la nueva iniciativa?<\/strong><\/p>\n<p><strong>La propuesta fue presentada por el diputado morenista Ignacio de Mier y busca disponer del dinero de las cuentas bancarias inactivas por tres a\u00f1os; es decir, la iniciativa pretende usar los recursos supuestamente abandonados para destinarlos al sistema de seguridad mexicano.<\/strong><\/p>\n<p><strong>Se considerar\u00e1 como cuentas inactivas aquellas que no hayan sido usadas o hayan generado alg\u00fan movimiento durante tres a\u00f1os; de modo que el dinero, los intereses as\u00ed como el rendimiento acumulados producidos por los dep\u00f3sitos o inversiones se emplear\u00e1n para fortalecer el sistema de seguridad p\u00fablica. Con ello se buscar\u00e1 que se mejoren las pol\u00edticas p\u00fablicas y se combata a la delincuencia en el pa\u00eds en los tres niveles de seguridad: federal, estatal y municipal.<\/strong><\/p>\n<p><strong>\u201cLos derechos derivados por los dep\u00f3sitos e inversiones y sus intereses (\u2026) sin movimiento en el transcurso de tres a\u00f1os contados a partir de que estos \u00faltimos se depositen en la cuenta global , cuyo importe no exceda por cuenta, al equivalente a quinientas cuarenta Unidades de Medida y Actualizaci\u00f3n, se destinar\u00e1n en favor del patrimonio de la beneficencia p\u00fablica\u201d, establece la reforma.<\/strong><\/p>\n<p><strong>Anteriormente la Ley de Instituciones de Cr\u00e9dito ya establec\u00eda que el dinero de las cuentas inactivas se mover\u00eda a una cuenta global y que si despu\u00e9s de tres a\u00f1os de la operaci\u00f3n, el patrimonio no era reclamado, este ser\u00e1 destinado a las beneficencias p\u00fablicas del gobierno. Pero entonces, cu\u00e1les son los cambios que trae consigo la nueva reforma.<\/strong><\/p>\n<p><strong>De acuerdo con la iniciativa, solo \u00a0cambiar\u00e1 la forma en c\u00f3mo se emplea el dinero pues \u201cactualmente la ley dispone que las cuentas que est\u00e9n inactivas por m\u00e1s de tres a\u00f1os y cuyos montos oscilen entre, m\u00e1s o menos, 50 mil a 300 mil pesos pasan a formar parte de una cuenta central\u201d y se espera que esta medida logre traspasar cerca de 10 mil millones de pesos al Estado, esto seg\u00fan el diputado Ignacio Mier.<\/strong><\/p>\n<p><strong>\u201cNo se est\u00e1 proponiendo disponer de los recursos de usuarios de servicios financieros con posibilidades de ser reclamados, sino de aquellos recursos cuyo derecho a ser reclamados han prescrito, es decir, que habiendo transcurrido los seis a\u00f1os que marca la ley, no fueron ni podr\u00e1n ser reclamados por lo que no se afectan las garant\u00edas constitucionales\u201d, asegur\u00f3 el funcionario morenista.<\/strong><\/p>\n<p><strong>De tal forma que los nuevo usos del dinero quedar\u00eda de la siguiente manera:<\/strong><\/p>\n<p><strong>45 por ciento a las fuerzas de seguridad federales.<\/strong><\/p>\n<p><strong>30 por ciento a las fuerzas de seguridad estatales.<\/strong><\/p>\n<p><strong>25 por ciento restantes a las fuerzas de seguridad municipales.<\/strong><\/p>\n<p><strong>Sin embargo, las personas que deseen reclamar su patrimonio podr\u00e1n hacerlo, pues antes de que se cumplan los tres a\u00f1os de inactividad, las instituciones bancarias tienen la obligaci\u00f3n de notificarles a sus clientes sobre el estado de su cuenta con 90 d\u00edas de anticipaci\u00f3n. Adem\u00e1s, si despu\u00e9s de tres a\u00f1os de que el dinero se haya movido a una cuenta global no se reclama, este pasar\u00e1 autom\u00e1ticamente a la beneficencia p\u00fablica y ya no podr\u00e1 existir alg\u00fan tipo de objeci\u00f3n por parte del usuario.<\/strong><\/p>\n<p><strong>Cabe mencionar que la iniciativa fue aprobada por la mayor\u00eda de los diputados, de modo que se obtuvieron 443 votos a favor y una sola abstenci\u00f3n. Ahora la minuta ser\u00e1 discutida en el Senado de la Rep\u00fablica para que se ratifique y se decrete en el Diario Oficial de la Federaci\u00f3n (DOF).Oct 13 -22<\/strong><\/p>\n<p><strong>+++++++++++<\/strong><\/p>\n<p><strong>COMO <\/strong><strong>E<\/strong><strong>N TIEMPOS DE MJL\u2026\u2026Por \u00a0a\u00f1os los l\u00edderes d comerciantes y locatarios de los mercados municipales fueron quienes decid\u00edan la pol\u00edtica \u00a0administrativa y gobierno \u00a0en \u00a0los tres mercados, de hecho el administrador \u00a0n turno tuvo que ser \u00a0de su misma gente o recomendada por el l\u00edder, pero las cosas han cambiado y se \u00a0empez\u00f3 a poner orden y \u00a0en principio los intentos \u00a0de la administraci\u00f3n municipal han fracasado. Aunque ahora no tienen los locatarios un dirigente \u00a0fuerte y bien posicionado pol\u00edticamente, siguen haciendo de las suyas, \u00a0se \u00a0opusieron y \u00a0lograron postergar la \u00a0remodelaci\u00f3n total del mrcado GNS y mas \u00a0recientemente dicen \u00a0qu no pagar\u00b4n el impuesto municipal por \u00a0anuncios \u00a0en sus \u00a0establecimientos <\/strong><strong>del mercado Valles 85 s no tienen la intenci\u00f3n de pagar por sus letreros que anuncien sus comercios. \u00a0Pero \u00a0la directora de Espect\u00e1culos P\u00fablicos, Rosaluc\u00eda Cervantes Z\u00fa\u00f1iga advirti\u00f3 que el pago por este concepto se encuentra en la Ley de Ingresos, si anteriormente \u00a0no se les cobr\u00f3 fue por cuestiones de pol\u00edtica.<\/strong><\/p>\n<p><strong>\u00a0<\/strong><\/p>\n<p><strong>\u00a0<\/strong><\/p>\n<p><strong>\u00a0<\/strong><\/p>\n<p><strong>\u00a0<\/strong><\/p>\n<p><strong>\u00a0<\/strong><\/p>\n<p><strong>\u00a0<\/strong><\/p>\n<p><strong>\u00a0<\/strong><\/p>\n<p><strong>+++++++++++++++++++<\/strong><\/p>\n<p><strong>hasta la pr\u00f3xima semana..<\/strong><\/p>\n<p><strong>\u00a0<\/strong><\/p>\n<p><strong>\u00a0<\/strong><\/p>\n<p><strong>\u00a0<\/strong><\/p>\n<p><strong>\u00a0<\/strong><\/p>\n<p><strong>\u00a0<\/strong><\/p>\n","protected":false},"excerpt":{"rendered":"<p>VA \u00a0EN SERIO\u2026\u2026. CASTRACION.- Ser\u00e1 Ley, en SLP los violadores ser\u00e1n \u201ccapados\u201d \u00abVamos a poner la muestra de que s\u00ed se puede cambiar la historia y acabar con los violadores\u00bb: Gobernador Ricardo Gallardo Cardona. El Gobernador del estado manifest\u00f3 que en nuestro estado, la castraci\u00f3n &hellip; <\/p>\n","protected":false},"author":1,"featured_media":73200,"comment_status":"open","ping_status":"open","sticky":false,"template":"","format":"standard","meta":{"footnotes":""},"categories":[17],"tags":[],"class_list":["post-74800","post","type-post","status-publish","format-standard","has-post-thumbnail","hentry","category-colaboraciones"],"_links":{"self":[{"href":"https:\/\/amanecerhuasteco.com\/portal\/wp-json\/wp\/v2\/posts\/74800","targetHints":{"allow":["GET"]}}],"collection":[{"href":"https:\/\/amanecerhuasteco.com\/portal\/wp-json\/wp\/v2\/posts"}],"about":[{"href":"https:\/\/amanecerhuasteco.com\/portal\/wp-json\/wp\/v2\/types\/post"}],"author":[{"embeddable":true,"href":"https:\/\/amanecerhuasteco.com\/portal\/wp-json\/wp\/v2\/users\/1"}],"replies":[{"embeddable":true,"href":"https:\/\/amanecerhuasteco.com\/portal\/wp-json\/wp\/v2\/comments?post=74800"}],"version-history":[{"count":1,"href":"https:\/\/amanecerhuasteco.com\/portal\/wp-json\/wp\/v2\/posts\/74800\/revisions"}],"predecessor-version":[{"id":74801,"href":"https:\/\/amanecerhuasteco.com\/portal\/wp-json\/wp\/v2\/posts\/74800\/revisions\/74801"}],"wp:featuredmedia":[{"embeddable":true,"href":"https:\/\/amanecerhuasteco.com\/portal\/wp-json\/wp\/v2\/media\/73200"}],"wp:attachment":[{"href":"https:\/\/amanecerhuasteco.com\/portal\/wp-json\/wp\/v2\/media?parent=74800"}],"wp:term":[{"taxonomy":"category","embeddable":true,"href":"https:\/\/amanecerhuasteco.com\/portal\/wp-json\/wp\/v2\/categories?post=74800"},{"taxonomy":"post_tag","embeddable":true,"href":"https:\/\/amanecerhuasteco.com\/portal\/wp-json\/wp\/v2\/tags?post=74800"}],"curies":[{"name":"wp","href":"https:\/\/api.w.org\/{rel}","templated":true}]}}