{"id":74950,"date":"2022-10-21T09:11:57","date_gmt":"2022-10-21T15:11:57","guid":{"rendered":"http:\/\/amanecerhuasteco.com\/portal\/?p=74950"},"modified":"2022-10-21T09:11:57","modified_gmt":"2022-10-21T15:11:57","slug":"conmemora-lxiii-legislatura-dia-de-la-lucha-contra-el-cancer-de-mama-para-concientizar-y-reiterar-el-compromiso-del-poder-legislativo-en-crear-campanas-de-prevencion-sobre-esta-enfermedad","status":"publish","type":"post","link":"https:\/\/amanecerhuasteco.com\/portal\/conmemora-lxiii-legislatura-dia-de-la-lucha-contra-el-cancer-de-mama-para-concientizar-y-reiterar-el-compromiso-del-poder-legislativo-en-crear-campanas-de-prevencion-sobre-esta-enfermedad\/","title":{"rendered":"Conmemora LXIII legislatura d\u00eda de la lucha contra el c\u00e1ncer de mama para concientizar y reiterar el compromiso del poder legislativo en crear campa\u00f1as de prevenci\u00f3n sobre esta enfermedad  \u00a0"},"content":{"rendered":"<p>&nbsp;<\/p>\n<p><strong>LAS DIPUTADAS EMMA IDALIA SALDA\u00d1A Y CINTHIA VER\u00d3NICA SEGOVIA PRESENTARON POSICIONAMIENTO EN TRIBUNA<\/strong><\/p>\n<p><strong>\u00a0<\/strong><\/p>\n<p>Las diputadas Emma Idalia Salda\u00f1a Guerrero y Cinthia Ver\u00f3nica Segovia Colunga, hicieron un posicionamiento sobre el D\u00eda Internacional de la Lucha Contra el C\u00e1ncer de Mama, para concientizar y reiterar el compromiso del Poder Legislativo en crear campa\u00f1as de prevenci\u00f3n sobre esta enfermedad.<\/p>\n<p>&nbsp;<\/p>\n<p>La diputada Emma Salda\u00f1a Guerrero mencion\u00f3 que, el 19 de octubre de cada a\u00f1o, se conmemora la lucha contra el c\u00e1ncer de mama, donde el prop\u00f3sito es sensibilizar a la poblaci\u00f3n de la enorme importancia de la detecci\u00f3n y tener mejores condiciones en la detecci\u00f3n y tratamiento de esta enfermedad, que se ha convertido en la primera causa de muerte de las mujeres a nivel mundial.<\/p>\n<p>&nbsp;<\/p>\n<p>Las legisladoras recalcaron que, en M\u00e9xico, el c\u00e1ncer de mama es la primera causa de muerte por c\u00e1ncer en mujeres de 25 a\u00f1os y m\u00e1s, pues este tipo de c\u00e1ncer es una enfermedad silenciosa ya que no siempre muestra s\u00edntomas, por lo que es necesaria la autoexploraci\u00f3n, la cu\u00e1l debe ser frecuente.<\/p>\n<p>&nbsp;<\/p>\n<p>La diputada Cinthia Ver\u00f3nica Segovia Colunga hizo menci\u00f3n de la urgencia de pol\u00edticas p\u00fablicas de prevenci\u00f3n, as\u00ed como la consolidaci\u00f3n de programas y esquemas de salud p\u00fablica para diagnosticar, tratar y atender integralmente le c\u00e1ncer de mama.<\/p>\n<p>&nbsp;<\/p>\n<p>Las diputadas coincidieron en que la elevaci\u00f3n en las estad\u00edsticas no es por falta de inter\u00e9s de las mujeres por su salud, sino que existen estudios donde hay muchos problemas de acceso para articular eficazmente todo el proceso de atenci\u00f3n que requieren.<\/p>\n<p>&nbsp;<\/p>\n<p>Exhortaron a los diferentes niveles de gobierno, para que, en el \u00e1mbito de sus facultades y en colaboraci\u00f3n interinstitucional, refuercen la promoci\u00f3n constante de pr\u00e1cticas de autoexploraci\u00f3n para ayudar a frenar el incremento de nuevos casos que repercuten en la salud de las mujeres y sus familias.<\/p>\n","protected":false},"excerpt":{"rendered":"<p>&nbsp; LAS DIPUTADAS EMMA IDALIA SALDA\u00d1A Y CINTHIA VER\u00d3NICA SEGOVIA PRESENTARON POSICIONAMIENTO EN TRIBUNA \u00a0 Las diputadas Emma Idalia Salda\u00f1a Guerrero y Cinthia Ver\u00f3nica Segovia Colunga, hicieron un posicionamiento sobre el D\u00eda Internacional de la Lucha Contra el C\u00e1ncer de Mama, para concientizar y reiterar &hellip; <\/p>\n","protected":false},"author":1,"featured_media":74951,"comment_status":"open","ping_status":"open","sticky":false,"template":"","format":"standard","meta":{"footnotes":""},"categories":[7,23,11,4],"tags":[],"class_list":["post-74950","post","type-post","status-publish","format-standard","has-post-thumbnail","hentry","category-ciudad","category-congreso","category-estado","category-inicio"],"_links":{"self":[{"href":"https:\/\/amanecerhuasteco.com\/portal\/wp-json\/wp\/v2\/posts\/74950","targetHints":{"allow":["GET"]}}],"collection":[{"href":"https:\/\/amanecerhuasteco.com\/portal\/wp-json\/wp\/v2\/posts"}],"about":[{"href":"https:\/\/amanecerhuasteco.com\/portal\/wp-json\/wp\/v2\/types\/post"}],"author":[{"embeddable":true,"href":"https:\/\/amanecerhuasteco.com\/portal\/wp-json\/wp\/v2\/users\/1"}],"replies":[{"embeddable":true,"href":"https:\/\/amanecerhuasteco.com\/portal\/wp-json\/wp\/v2\/comments?post=74950"}],"version-history":[{"count":1,"href":"https:\/\/amanecerhuasteco.com\/portal\/wp-json\/wp\/v2\/posts\/74950\/revisions"}],"predecessor-version":[{"id":74952,"href":"https:\/\/amanecerhuasteco.com\/portal\/wp-json\/wp\/v2\/posts\/74950\/revisions\/74952"}],"wp:featuredmedia":[{"embeddable":true,"href":"https:\/\/amanecerhuasteco.com\/portal\/wp-json\/wp\/v2\/media\/74951"}],"wp:attachment":[{"href":"https:\/\/amanecerhuasteco.com\/portal\/wp-json\/wp\/v2\/media?parent=74950"}],"wp:term":[{"taxonomy":"category","embeddable":true,"href":"https:\/\/amanecerhuasteco.com\/portal\/wp-json\/wp\/v2\/categories?post=74950"},{"taxonomy":"post_tag","embeddable":true,"href":"https:\/\/amanecerhuasteco.com\/portal\/wp-json\/wp\/v2\/tags?post=74950"}],"curies":[{"name":"wp","href":"https:\/\/api.w.org\/{rel}","templated":true}]}}