{"id":74996,"date":"2022-10-22T13:30:46","date_gmt":"2022-10-22T19:30:46","guid":{"rendered":"http:\/\/amanecerhuasteco.com\/portal\/?p=74996"},"modified":"2022-10-22T13:30:46","modified_gmt":"2022-10-22T19:30:46","slug":"comision-de-comunicaciones-y-transportes-lleva-a-cabo-el-plan-anual-de-trabajo-del-segundo-ano-de-ejercicio","status":"publish","type":"post","link":"https:\/\/amanecerhuasteco.com\/portal\/comision-de-comunicaciones-y-transportes-lleva-a-cabo-el-plan-anual-de-trabajo-del-segundo-ano-de-ejercicio\/","title":{"rendered":"Comisi\u00f3n de comunicaciones y transportes, lleva a cabo el plan anual de trabajo del segundo a\u00f1o de ejercicio"},"content":{"rendered":"<div class=\"xdj266r x11i5rnm xat24cr x1mh8g0r x1vvkbs x126k92a\">\n<div dir=\"auto\">COMISI\u00d3N DE COMUNICACIONES Y TRANSPORTES LLEV\u00d3 A CABO SESI\u00d3N DE TRABAJO PARA EL PLAN ANUAL DE TRABAJO, DEL SEGUNDO A\u00d1O DE EJERCICIO: DIP. MA ELENA RAM\u00cdREZ<\/div>\n<\/div>\n<div class=\"x11i5rnm xat24cr x1mh8g0r x1vvkbs xtlvy1s x126k92a\">\n<div dir=\"auto\">DESTAC\u00d3 EL COMPROMISO DE IMPULSAR LOS TEMAS Y ACCIONES EN MATERIA DE MOVILIDAD Y CONTRIBUIR A MEJORAR LA CALIDAD DEL TRANSPORTE QUE SE BRINDA EN LAS CUATRO REGIONES<\/div>\n<\/div>\n<div class=\"x11i5rnm xat24cr x1mh8g0r x1vvkbs xtlvy1s x126k92a\">\n<div dir=\"auto\">La Comisi\u00f3n de Comunicaciones y Transportes de la LXIII Legislatura, llev\u00f3 a cabo una sesi\u00f3n de trabajo para dar cuenta de los turnos que se encuentran pendientes as\u00ed como del plan de trabajo para el periodo de octubre 2022 a octubre 2023.<\/div>\n<\/div>\n<div class=\"x11i5rnm xat24cr x1mh8g0r x1vvkbs xtlvy1s x126k92a\">\n<div dir=\"auto\">La presidenta diputada Ma. Elena Ram\u00edrez Ram\u00edrez, destac\u00f3 el compromiso de impulsar los temas y acciones en materia de movilidad y contribuir a mejorar la calidad del transporte que se brinda en las cuatro regiones de San Luis Potos\u00ed.<\/div>\n<\/div>\n<div class=\"x11i5rnm xat24cr x1mh8g0r x1vvkbs xtlvy1s x126k92a\">\n<div dir=\"auto\">Se comprometi\u00f3 a crear un marco normativo aplicable y actualizado en cuanto a las comunicaciones y transportes en el estado; estaremos en la mejor disposici\u00f3n de hacer mesas de trabajo y escuchar a los ciudadanos y a los distintos sectores involucrados en la materia, para legislar con responsabilidad y poder atender las necesidades principales que se viven en San Luis Potos\u00ed.<\/div>\n<\/div>\n<div class=\"x11i5rnm xat24cr x1mh8g0r x1vvkbs xtlvy1s x126k92a\">\n<div dir=\"auto\">La sesi\u00f3n de trabajo de las y los diputados de la Comisi\u00f3n de Comunicaciones y Trasportes del Congreso del Estado estuvo presidida por su presidenta la diputada Ma. Elena Ram\u00edrez Ram\u00edrez, el vicepresidente diputado Ren\u00e9 Oyarvide Ibarra, la secretaria diputada Yolanda Josefina Cepeda Echavarria y los vocales, diputada Mar\u00eda Claudia Trist\u00e1n Alvarado y el diputado Salvador Isais Rodr\u00edguez.<\/div>\n<\/div>\n<div class=\"x11i5rnm xat24cr x1mh8g0r x1vvkbs xtlvy1s x126k92a\">\n<div dir=\"auto\">Adem\u00e1s se dio cuenta de la iniciativa que propone reformar los art\u00edculos, 51 en su fracci\u00f3n I el inciso h), y 67 en su fracci\u00f3n III el inciso a); y derogar de los art\u00edculos, 51 en su fracci\u00f3n I el inciso e), y 67 en su fracci\u00f3n III el inciso c) de la Ley de Transporte P\u00fablico del Estado de San Luis Potos\u00ed.<\/div>\n<\/div>\n<div class=\"x11i5rnm xat24cr x1mh8g0r x1vvkbs xtlvy1s x126k92a\">\n<div dir=\"auto\">Dicha iniciativa fue presentaron por las y los diputados, Jos\u00e9 Luis Fern\u00e1ndez Mart\u00ednez, Eloy Franklin Sarabia, Nadia Esmeralda Ochoa Lim\u00f3n, Roberto Ulises Mendoza Padr\u00f3n, Edgar Alejandro Anaya Escobedo, Dolores Eliza Garc\u00eda Rom\u00e1n, Martha Patricia Aradillas Aradillas, Ren\u00e9 Oyarvide Ibarra, Cinthia Ver\u00f3nica Segovia Colunga, y Salvador Isais Rodr\u00edguez.<\/div>\n<\/div>\n<div class=\"x11i5rnm xat24cr x1mh8g0r x1vvkbs xtlvy1s x126k92a\">\n<div dir=\"auto\">Tambi\u00e9n se dio a cuenta del punto de Acuerdo, presentado por el diputado Ren\u00e9 Oyarvide Ibarra que busca exhortar al titular de la Secretar\u00eda de Infraestructura, Comunicaciones y Transportes del Gobierno Federal, realizar nombramiento en direcci\u00f3n general del centro de infraestructura, comunicaciones y transportes en el Estado de San Luis Potos\u00ed.<\/div>\n<\/div>\n<div class=\"x11i5rnm xat24cr x1mh8g0r x1vvkbs xtlvy1s x126k92a\">\n<div dir=\"auto\">Posteriormente se inform\u00f3 de la iniciativa que plantean los usuarios de transporte de carga de la Ciudad de M\u00e9xico sobre la Ley marco y conceptos torales homologaci\u00f3n a Ley Movilidad y Seguridad Vial, aunque esta tambi\u00e9n ser\u00e1 turnada despu\u00e9s de su an\u00e1lisis a las comisiones de Desarrollo Territorial Sustentable; Puntos Constitucionales; y Seguridad P\u00fablica, Prevenci\u00f3n y Reinserci\u00f3n Social; con copia a Comit\u00e9 de Reforma para la Competitividad y Desarrollo Sustentable del Estado.<\/div>\n<\/div>\n<div class=\"x11i5rnm xat24cr x1mh8g0r x1vvkbs xtlvy1s x126k92a\">\n<div dir=\"auto\">Adem\u00e1s dio cuenta de la iniciativa presentada por la diputada Martha Patricia Aradillas Aradillas, donde plantea un punto de Acuerdo, que busca exhortar al director de obras p\u00fablicas del ayuntamiento de San Luis Potos\u00ed, realizar lo antes posible trabajos de reparaci\u00f3n de calles, especialmente en colonias de: Ricardo B. Anaya, Rancho Viejo, Prados 1 y 2, Abastos, Viveros, Rancho la Libertad, Libertad de M\u00e9xico, Silos, San Javier, Las Mercedes, El Llano, Industrias, Dalias, Trojes del Sur, Valle Dorado, Obispado, Fracc. Espa\u00f1ita, Espa\u00f1ol, Jardines del Rosario, Misi\u00f3n del Palmar; y cabecera principal de Pozos, antes de que se vuelva a registrar lluvias intensas.<\/div>\n<\/div>\n<div class=\"x11i5rnm xat24cr x1mh8g0r x1vvkbs xtlvy1s x126k92a\">\n<div dir=\"auto\">Por \u00faltimo, se inform\u00f3 que en cumplimiento con lo dispuesto al art\u00edculo 138 del Reglamento para el gobierno Interior del Congreso del Estado de San Luis Potos\u00ed, se adjunt\u00f3 para su an\u00e1lisis y aprobaci\u00f3n del Plan de Trabajo de la Comisi\u00f3n de Comunicaciones y Transportes para el periodo comprendido de Octubre 2022 a Octubre de 2023.<\/div>\n<\/div>\n","protected":false},"excerpt":{"rendered":"<p>COMISI\u00d3N DE COMUNICACIONES Y TRANSPORTES LLEV\u00d3 A CABO SESI\u00d3N DE TRABAJO PARA EL PLAN ANUAL DE TRABAJO, DEL SEGUNDO A\u00d1O DE EJERCICIO: DIP. MA ELENA RAM\u00cdREZ DESTAC\u00d3 EL COMPROMISO DE IMPULSAR LOS TEMAS Y ACCIONES EN MATERIA DE MOVILIDAD Y CONTRIBUIR A MEJORAR LA CALIDAD &hellip; <\/p>\n","protected":false},"author":1,"featured_media":74997,"comment_status":"open","ping_status":"open","sticky":false,"template":"","format":"standard","meta":{"footnotes":""},"categories":[23,11,4],"tags":[],"class_list":["post-74996","post","type-post","status-publish","format-standard","has-post-thumbnail","hentry","category-congreso","category-estado","category-inicio"],"_links":{"self":[{"href":"https:\/\/amanecerhuasteco.com\/portal\/wp-json\/wp\/v2\/posts\/74996","targetHints":{"allow":["GET"]}}],"collection":[{"href":"https:\/\/amanecerhuasteco.com\/portal\/wp-json\/wp\/v2\/posts"}],"about":[{"href":"https:\/\/amanecerhuasteco.com\/portal\/wp-json\/wp\/v2\/types\/post"}],"author":[{"embeddable":true,"href":"https:\/\/amanecerhuasteco.com\/portal\/wp-json\/wp\/v2\/users\/1"}],"replies":[{"embeddable":true,"href":"https:\/\/amanecerhuasteco.com\/portal\/wp-json\/wp\/v2\/comments?post=74996"}],"version-history":[{"count":1,"href":"https:\/\/amanecerhuasteco.com\/portal\/wp-json\/wp\/v2\/posts\/74996\/revisions"}],"predecessor-version":[{"id":74998,"href":"https:\/\/amanecerhuasteco.com\/portal\/wp-json\/wp\/v2\/posts\/74996\/revisions\/74998"}],"wp:featuredmedia":[{"embeddable":true,"href":"https:\/\/amanecerhuasteco.com\/portal\/wp-json\/wp\/v2\/media\/74997"}],"wp:attachment":[{"href":"https:\/\/amanecerhuasteco.com\/portal\/wp-json\/wp\/v2\/media?parent=74996"}],"wp:term":[{"taxonomy":"category","embeddable":true,"href":"https:\/\/amanecerhuasteco.com\/portal\/wp-json\/wp\/v2\/categories?post=74996"},{"taxonomy":"post_tag","embeddable":true,"href":"https:\/\/amanecerhuasteco.com\/portal\/wp-json\/wp\/v2\/tags?post=74996"}],"curies":[{"name":"wp","href":"https:\/\/api.w.org\/{rel}","templated":true}]}}