{"id":75053,"date":"2022-10-24T10:22:18","date_gmt":"2022-10-24T16:22:18","guid":{"rendered":"http:\/\/amanecerhuasteco.com\/portal\/?p=75053"},"modified":"2022-10-24T10:22:18","modified_gmt":"2022-10-24T16:22:18","slug":"reconocen-acciones-de-la-dgspytm-en-cursos-de-seguridad-para-estudiantes","status":"publish","type":"post","link":"https:\/\/amanecerhuasteco.com\/portal\/reconocen-acciones-de-la-dgspytm-en-cursos-de-seguridad-para-estudiantes\/","title":{"rendered":"Reconocen acciones de la DGSPyTM en cursos de seguridad para estudiantes"},"content":{"rendered":"<div class=\"xdj266r x11i5rnm xat24cr x1mh8g0r x1vvkbs x126k92a\">\n<div dir=\"auto\"><\/div>\n<\/div>\n<div class=\"x11i5rnm xat24cr x1mh8g0r x1vvkbs xtlvy1s x126k92a\">\n<div dir=\"auto\"><a class=\"x1i10hfl xjbqb8w x6umtig x1b1mbwd xaqea5y xav7gou x9f619 x1ypdohk xt0psk2 xe8uvvx xdj266r x11i5rnm xat24cr x1mh8g0r xexx8yu x4uap5 x18d9i69 xkhd6sd x16tdsg8 x1hl2dhg xggy1nq x1a2a7pz xt0b8zv x1qq9wsj xo1l8bm\" tabindex=\"0\" role=\"link\" href=\"https:\/\/www.facebook.com\/hashtag\/tamu%C3%ADn?__eep__=6&amp;__cft__[0]=AZVr9mKychgkxwKOoodOTJaDjLK-SW-zAy-kj1sFVhWVQts9IrXDXaDvp4v99A3pPM3yUkG1rjL0PQ6o0kOpCc5OC_u7KFlBnH5yN9kFfwTm0GrK_H5n6P9kBlvvvcJ4Xuw0K9CvjvffFzDKPeSarWEJaRJVVEycbw5r3DTmDZEiBTK7tDN-4P4D6gPSkWimo0c&amp;__tn__=*NK-R\">#Tamu\u00edn<\/a>. Entregan reconocimientos al personal de la Direcci\u00f3n General de Seguridad P\u00fablica y Tr\u00e1nsito Municipal por apoyar a la escuela Secundaria General Ponciano Arriaga, impartiendo el taller \u201cElementos de Seguridad en motocicleta\u201d.<\/div>\n<div dir=\"auto\">Durante el acto c\u00edvico de inicio de semana, el Presidente Municipal, Ing. Francisco Joel Limas Rivera, entreg\u00f3 los reconocimientos a quienes desarrollaron el curso para estudiantes de la Secundaria.<\/div>\n<div dir=\"auto\">De esa forma, el Edil, entreg\u00f3 los reconocimientos al Director de la corporaci\u00f3n, Lic. Eduardo Arturo Orezza Obreg\u00f3n y el responsable del programa, Lic. Carlos Rocha.<\/div>\n<div dir=\"auto\">En los honores a la Bandera participaron alumnos del tercer grado, grupo C, de la Escuela Primaria \u00c1lvaro Obreg\u00f3n, que desarrollaron el programa c\u00edvico y cultural.<\/div>\n<\/div>\n","protected":false},"excerpt":{"rendered":"<p>#Tamu\u00edn. Entregan reconocimientos al personal de la Direcci\u00f3n General de Seguridad P\u00fablica y Tr\u00e1nsito Municipal por apoyar a la escuela Secundaria General Ponciano Arriaga, impartiendo el taller \u201cElementos de Seguridad en motocicleta\u201d. Durante el acto c\u00edvico de inicio de semana, el Presidente Municipal, Ing. Francisco &hellip; <\/p>\n","protected":false},"author":1,"featured_media":75054,"comment_status":"open","ping_status":"open","sticky":false,"template":"","format":"standard","meta":{"footnotes":""},"categories":[4,20],"tags":[],"class_list":["post-75053","post","type-post","status-publish","format-standard","has-post-thumbnail","hentry","category-inicio","category-tamuin"],"_links":{"self":[{"href":"https:\/\/amanecerhuasteco.com\/portal\/wp-json\/wp\/v2\/posts\/75053","targetHints":{"allow":["GET"]}}],"collection":[{"href":"https:\/\/amanecerhuasteco.com\/portal\/wp-json\/wp\/v2\/posts"}],"about":[{"href":"https:\/\/amanecerhuasteco.com\/portal\/wp-json\/wp\/v2\/types\/post"}],"author":[{"embeddable":true,"href":"https:\/\/amanecerhuasteco.com\/portal\/wp-json\/wp\/v2\/users\/1"}],"replies":[{"embeddable":true,"href":"https:\/\/amanecerhuasteco.com\/portal\/wp-json\/wp\/v2\/comments?post=75053"}],"version-history":[{"count":1,"href":"https:\/\/amanecerhuasteco.com\/portal\/wp-json\/wp\/v2\/posts\/75053\/revisions"}],"predecessor-version":[{"id":75055,"href":"https:\/\/amanecerhuasteco.com\/portal\/wp-json\/wp\/v2\/posts\/75053\/revisions\/75055"}],"wp:featuredmedia":[{"embeddable":true,"href":"https:\/\/amanecerhuasteco.com\/portal\/wp-json\/wp\/v2\/media\/75054"}],"wp:attachment":[{"href":"https:\/\/amanecerhuasteco.com\/portal\/wp-json\/wp\/v2\/media?parent=75053"}],"wp:term":[{"taxonomy":"category","embeddable":true,"href":"https:\/\/amanecerhuasteco.com\/portal\/wp-json\/wp\/v2\/categories?post=75053"},{"taxonomy":"post_tag","embeddable":true,"href":"https:\/\/amanecerhuasteco.com\/portal\/wp-json\/wp\/v2\/tags?post=75053"}],"curies":[{"name":"wp","href":"https:\/\/api.w.org\/{rel}","templated":true}]}}