{"id":75087,"date":"2022-10-24T14:18:46","date_gmt":"2022-10-24T20:18:46","guid":{"rendered":"http:\/\/amanecerhuasteco.com\/portal\/?p=75087"},"modified":"2022-10-24T14:18:46","modified_gmt":"2022-10-24T20:18:46","slug":"recibe-la-lxiii-legislatura-minuta-con-proyecto-de-decreto-que-modifica-la-constitucion-general-para-prolongar-la-presencia-de-la-guardia-nacional-en-tareas-de-seguridad-publica-hasta-2028","status":"publish","type":"post","link":"https:\/\/amanecerhuasteco.com\/portal\/recibe-la-lxiii-legislatura-minuta-con-proyecto-de-decreto-que-modifica-la-constitucion-general-para-prolongar-la-presencia-de-la-guardia-nacional-en-tareas-de-seguridad-publica-hasta-2028\/","title":{"rendered":"Recibe la LXIII legislatura minuta con proyecto de decreto que modifica la constituci\u00f3n general, para prolongar la presencia de la guardia nacional en tareas de seguridad p\u00fablica hasta 2028  \u00a0"},"content":{"rendered":"<p><strong>-SE TURNAR\u00c1 A LA DIRECTIVA QUE A SU VEZ LA ENVIAR\u00c1 A COMISIONES PARA SU AN\u00c1LISIS Y DICTAMEN: DIP. ARANZAZU PUENTE BUSTINDUI<\/strong><\/p>\n<p>&nbsp;<\/p>\n<p>El Congreso del Estado recibi\u00f3, a trav\u00e9s de la Oficial\u00eda de Partes, la minuta con proyecto de decreto del Congreso de la Uni\u00f3n por el que se modifica el art\u00edculo Quinto Transitorio del decreto que reforma diversas disposiciones de la Constituci\u00f3n Pol\u00edtica de los Estados Unidos Mexicanos, publicado en el Diario Oficial de la Federaci\u00f3n el 26 de marzo de 2019.<\/p>\n<p>La reforma implica modificar el decreto de reforma constitucional de 2019 que cre\u00f3 la Guardia Nacional. En \u00e9l, se dio un plazo de cinco a\u00f1os, hasta 2024, para que el presidente de la Rep\u00fablica pudiera recurrir a los militares para la seguridad p\u00fablica, en tanto se consolida la Guardia Nacional, inform\u00f3 la presidenta de la Directiva diputada Aranzazu Puente Bustindui.<\/p>\n<p>Se\u00f1al\u00f3 la legisladora que, una vez recibida la minuta, se turnar\u00e1 a la Directiva para que en la pr\u00f3xima sesi\u00f3n ordinaria, sea turnada a las comisiones legislativas correspondientes para que se analice, se elabore un dictamen y se someta a votaci\u00f3n, a fin de que regrese nuevamente al Pleno para la discusi\u00f3n y votaci\u00f3n de los integrantes.<\/p>\n<p>La reforma avala la presencia de las Fuerzas Armadas en tareas de Seguridad P\u00fablica hasta 2028 en el pa\u00eds. Establece que la Fuerza Armada permanente realizar\u00e1 las tareas de Seguridad P\u00fablica con su organizaci\u00f3n y medios, y deber\u00e1 capacitarse en la doctrina de policial civil establecida en el art\u00edculo 21 de la Constituci\u00f3n.<\/p>\n<p>La legisladora Aranzaz\u00fa Puente se\u00f1al\u00f3 que se trata de una reforma de gran importancia que tendr\u00e1 el tr\u00e1mite legislativo correspondiente, para que cada uno de las y los legisladores, emita su postura en total libertad y con la informaci\u00f3n necesaria.<\/p>\n<p>&nbsp;<\/p>\n<p>&nbsp;<\/p>\n","protected":false},"excerpt":{"rendered":"<p>-SE TURNAR\u00c1 A LA DIRECTIVA QUE A SU VEZ LA ENVIAR\u00c1 A COMISIONES PARA SU AN\u00c1LISIS Y DICTAMEN: DIP. ARANZAZU PUENTE BUSTINDUI &nbsp; El Congreso del Estado recibi\u00f3, a trav\u00e9s de la Oficial\u00eda de Partes, la minuta con proyecto de decreto del Congreso de la &hellip; <\/p>\n","protected":false},"author":1,"featured_media":75088,"comment_status":"open","ping_status":"open","sticky":false,"template":"","format":"standard","meta":{"footnotes":""},"categories":[7,23,11,4,12,5],"tags":[],"class_list":["post-75087","post","type-post","status-publish","format-standard","has-post-thumbnail","hentry","category-ciudad","category-congreso","category-estado","category-inicio","category-nacional","category-politica"],"_links":{"self":[{"href":"https:\/\/amanecerhuasteco.com\/portal\/wp-json\/wp\/v2\/posts\/75087","targetHints":{"allow":["GET"]}}],"collection":[{"href":"https:\/\/amanecerhuasteco.com\/portal\/wp-json\/wp\/v2\/posts"}],"about":[{"href":"https:\/\/amanecerhuasteco.com\/portal\/wp-json\/wp\/v2\/types\/post"}],"author":[{"embeddable":true,"href":"https:\/\/amanecerhuasteco.com\/portal\/wp-json\/wp\/v2\/users\/1"}],"replies":[{"embeddable":true,"href":"https:\/\/amanecerhuasteco.com\/portal\/wp-json\/wp\/v2\/comments?post=75087"}],"version-history":[{"count":1,"href":"https:\/\/amanecerhuasteco.com\/portal\/wp-json\/wp\/v2\/posts\/75087\/revisions"}],"predecessor-version":[{"id":75089,"href":"https:\/\/amanecerhuasteco.com\/portal\/wp-json\/wp\/v2\/posts\/75087\/revisions\/75089"}],"wp:featuredmedia":[{"embeddable":true,"href":"https:\/\/amanecerhuasteco.com\/portal\/wp-json\/wp\/v2\/media\/75088"}],"wp:attachment":[{"href":"https:\/\/amanecerhuasteco.com\/portal\/wp-json\/wp\/v2\/media?parent=75087"}],"wp:term":[{"taxonomy":"category","embeddable":true,"href":"https:\/\/amanecerhuasteco.com\/portal\/wp-json\/wp\/v2\/categories?post=75087"},{"taxonomy":"post_tag","embeddable":true,"href":"https:\/\/amanecerhuasteco.com\/portal\/wp-json\/wp\/v2\/tags?post=75087"}],"curies":[{"name":"wp","href":"https:\/\/api.w.org\/{rel}","templated":true}]}}