{"id":75243,"date":"2022-10-27T10:00:49","date_gmt":"2022-10-27T16:00:49","guid":{"rendered":"http:\/\/amanecerhuasteco.com\/portal\/?p=75243"},"modified":"2022-10-27T10:00:49","modified_gmt":"2022-10-27T16:00:49","slug":"investiga-fiscalia-de-slp-agresion-a-guardia-nacional-en-cardenas","status":"publish","type":"post","link":"https:\/\/amanecerhuasteco.com\/portal\/investiga-fiscalia-de-slp-agresion-a-guardia-nacional-en-cardenas\/","title":{"rendered":"Investiga fiscal\u00eda de SLP agresi\u00f3n a Guardia Nacional en C\u00e1rdenas"},"content":{"rendered":"<p>&nbsp;<\/p>\n<p>La Fiscal\u00eda General del Estado (FGE) abri\u00f3 una carpeta de investigaci\u00f3n por los hechos acontecidos en el municipio de C\u00e1rdenas, en donde se present\u00f3 una agresi\u00f3n por disparos a elementos de la Guardia Nacional (GN).<\/p>\n<p>Derivado de lo suscitado, resultaron cuatro probables atacantes abatidos y el aseguramiento de armas de fuego y veh\u00edculos. De la GN no se reportan decesos.<\/p>\n<p>El evento se present\u00f3 la madrugada de este jueves 27 de octubre de 2022, en la carretera a la localidad de San Patricio, cuando el personal de la GN realizaba patrullajes de vigilancia y se encontr\u00f3 con las unidades vehiculares que comenzaron a dispararles.<\/p>\n<p>Tras repeler la agresi\u00f3n, cuatro civiles armados perdieron la vida, por lo que posteriormente fueron llevados al Servicio M\u00e9dico Legal (Semele) para practicares la necropsia de ley correspondiente.<\/p>\n<p>En tanto, el \u00e1rea de Servicios Periciales de la Vicefiscal\u00eda Cient\u00edfica lleva a cabo el procesamiento de la escena de los hechos y recaba indicios que integrar\u00e1 a la indagatoria.<\/p>\n<p>Dentro de los primeros objetos asegurados por las autoridades, est\u00e1n tres armas de fuego largas y dos veh\u00edculos de los presuntos agresores, a los cuales se les efectuar\u00e1n los peritajes respectivos.<\/p>\n<p>Diversas corporaciones de seguridad como la Guardia Civil Estatal y de la Polic\u00eda de Investigaci\u00f3n acudieron en apoyo a los agentes de la GN, realizando un operativo en toda esa regi\u00f3n de la zona Media.<\/p>\n","protected":false},"excerpt":{"rendered":"<p>&nbsp; La Fiscal\u00eda General del Estado (FGE) abri\u00f3 una carpeta de investigaci\u00f3n por los hechos acontecidos en el municipio de C\u00e1rdenas, en donde se present\u00f3 una agresi\u00f3n por disparos a elementos de la Guardia Nacional (GN). Derivado de lo suscitado, resultaron cuatro probables atacantes abatidos &hellip; <\/p>\n","protected":false},"author":1,"featured_media":75244,"comment_status":"open","ping_status":"open","sticky":false,"template":"","format":"standard","meta":{"footnotes":""},"categories":[7,11,4,5],"tags":[],"class_list":["post-75243","post","type-post","status-publish","format-standard","has-post-thumbnail","hentry","category-ciudad","category-estado","category-inicio","category-politica"],"_links":{"self":[{"href":"https:\/\/amanecerhuasteco.com\/portal\/wp-json\/wp\/v2\/posts\/75243","targetHints":{"allow":["GET"]}}],"collection":[{"href":"https:\/\/amanecerhuasteco.com\/portal\/wp-json\/wp\/v2\/posts"}],"about":[{"href":"https:\/\/amanecerhuasteco.com\/portal\/wp-json\/wp\/v2\/types\/post"}],"author":[{"embeddable":true,"href":"https:\/\/amanecerhuasteco.com\/portal\/wp-json\/wp\/v2\/users\/1"}],"replies":[{"embeddable":true,"href":"https:\/\/amanecerhuasteco.com\/portal\/wp-json\/wp\/v2\/comments?post=75243"}],"version-history":[{"count":1,"href":"https:\/\/amanecerhuasteco.com\/portal\/wp-json\/wp\/v2\/posts\/75243\/revisions"}],"predecessor-version":[{"id":75245,"href":"https:\/\/amanecerhuasteco.com\/portal\/wp-json\/wp\/v2\/posts\/75243\/revisions\/75245"}],"wp:featuredmedia":[{"embeddable":true,"href":"https:\/\/amanecerhuasteco.com\/portal\/wp-json\/wp\/v2\/media\/75244"}],"wp:attachment":[{"href":"https:\/\/amanecerhuasteco.com\/portal\/wp-json\/wp\/v2\/media?parent=75243"}],"wp:term":[{"taxonomy":"category","embeddable":true,"href":"https:\/\/amanecerhuasteco.com\/portal\/wp-json\/wp\/v2\/categories?post=75243"},{"taxonomy":"post_tag","embeddable":true,"href":"https:\/\/amanecerhuasteco.com\/portal\/wp-json\/wp\/v2\/tags?post=75243"}],"curies":[{"name":"wp","href":"https:\/\/api.w.org\/{rel}","templated":true}]}}