{"id":75253,"date":"2022-10-27T10:11:41","date_gmt":"2022-10-27T16:11:41","guid":{"rendered":"http:\/\/amanecerhuasteco.com\/portal\/?p=75253"},"modified":"2022-10-27T10:11:41","modified_gmt":"2022-10-27T16:11:41","slug":"hay-avances-sobre-investigacion-de-homicidio-de-exalcalde-de-ebano-vicefiscal","status":"publish","type":"post","link":"https:\/\/amanecerhuasteco.com\/portal\/hay-avances-sobre-investigacion-de-homicidio-de-exalcalde-de-ebano-vicefiscal\/","title":{"rendered":"Hay avances sobre investigaci\u00f3n de homicidio de exalcalde de \u00c9bano: Vicefiscal"},"content":{"rendered":"<p>-FISCAL\u00cdA REPORTA AVANCES SOBRE HOMICIDIO DE EX FUNCIONARIO DE \u00c9BANO<\/p>\n<p>\u00abSe confirman l\u00edneas de investigaci\u00f3n sobre delincuencia organizada: Vicefiscal<\/p>\n<p>\u00c9bano.- El Vicefiscal Doroteo Paredes Granado inform\u00f3 hoy de avances que se tienen sobre el homicidio ocurrido el martes 25 de octubre contra Crisp\u00edn \u00abN\u00bb, ex alcalde del municipio de \u00c9bano.<\/p>\n<p>Paredes Granado se\u00f1al\u00f3 que se han recabado diversas entrevistas a testigos y a otras personas, quienes aportaron valiosa informaci\u00f3n para esclarecer este hecho suscitado en un comedor de la Colonia Petrolera, en el municipio mencionado.<\/p>\n<p>\u00abTodos los datos con que contamos hasta el momento nos fortalecen en la hip\u00f3tesis de que se trat\u00f3 de un caso que podr\u00eda tener origen en asuntos de la delincuencia organizada, como lo dio a conocer ayer nuestro titular, el maestro Jos\u00e9 Luis Ruiz Contreras\u00bb, dijo Paredes Granado.<\/p>\n<p>Indic\u00f3 que debido al sigilo que debe privar en este tipo de investigaciones, no es posible revelar datos espec\u00edficos sobre el particular.<\/p>\n<p>No obstante, s\u00ed coment\u00f3, por \u00faltimo, que se tiene ya informaci\u00f3n proveniente de la necropsia, de peritajes de bal\u00edstica, y de otros trabajos de criminal\u00edstica, con los cuales se han podido establecer l\u00edneas de investigaci\u00f3n m\u00e1s firmes, a fin de dar con quienes hayan podido participar en estos hechos.<\/p>\n","protected":false},"excerpt":{"rendered":"<p>-FISCAL\u00cdA REPORTA AVANCES SOBRE HOMICIDIO DE EX FUNCIONARIO DE \u00c9BANO \u00abSe confirman l\u00edneas de investigaci\u00f3n sobre delincuencia organizada: Vicefiscal \u00c9bano.- El Vicefiscal Doroteo Paredes Granado inform\u00f3 hoy de avances que se tienen sobre el homicidio ocurrido el martes 25 de octubre contra Crisp\u00edn \u00abN\u00bb, ex &hellip; <\/p>\n","protected":false},"author":1,"featured_media":75254,"comment_status":"open","ping_status":"open","sticky":false,"template":"","format":"standard","meta":{"footnotes":""},"categories":[7,11,4,12,19,5],"tags":[],"class_list":["post-75253","post","type-post","status-publish","format-standard","has-post-thumbnail","hentry","category-ciudad","category-estado","category-inicio","category-nacional","category-policia","category-politica"],"_links":{"self":[{"href":"https:\/\/amanecerhuasteco.com\/portal\/wp-json\/wp\/v2\/posts\/75253","targetHints":{"allow":["GET"]}}],"collection":[{"href":"https:\/\/amanecerhuasteco.com\/portal\/wp-json\/wp\/v2\/posts"}],"about":[{"href":"https:\/\/amanecerhuasteco.com\/portal\/wp-json\/wp\/v2\/types\/post"}],"author":[{"embeddable":true,"href":"https:\/\/amanecerhuasteco.com\/portal\/wp-json\/wp\/v2\/users\/1"}],"replies":[{"embeddable":true,"href":"https:\/\/amanecerhuasteco.com\/portal\/wp-json\/wp\/v2\/comments?post=75253"}],"version-history":[{"count":1,"href":"https:\/\/amanecerhuasteco.com\/portal\/wp-json\/wp\/v2\/posts\/75253\/revisions"}],"predecessor-version":[{"id":75255,"href":"https:\/\/amanecerhuasteco.com\/portal\/wp-json\/wp\/v2\/posts\/75253\/revisions\/75255"}],"wp:featuredmedia":[{"embeddable":true,"href":"https:\/\/amanecerhuasteco.com\/portal\/wp-json\/wp\/v2\/media\/75254"}],"wp:attachment":[{"href":"https:\/\/amanecerhuasteco.com\/portal\/wp-json\/wp\/v2\/media?parent=75253"}],"wp:term":[{"taxonomy":"category","embeddable":true,"href":"https:\/\/amanecerhuasteco.com\/portal\/wp-json\/wp\/v2\/categories?post=75253"},{"taxonomy":"post_tag","embeddable":true,"href":"https:\/\/amanecerhuasteco.com\/portal\/wp-json\/wp\/v2\/tags?post=75253"}],"curies":[{"name":"wp","href":"https:\/\/api.w.org\/{rel}","templated":true}]}}