{"id":75296,"date":"2022-10-28T10:10:04","date_gmt":"2022-10-28T16:10:04","guid":{"rendered":"http:\/\/amanecerhuasteco.com\/portal\/?p=75296"},"modified":"2022-10-28T10:10:04","modified_gmt":"2022-10-28T16:10:04","slug":"inauguran-rampa-de-acceso-a-la-comunidad-de-la-palmita","status":"publish","type":"post","link":"https:\/\/amanecerhuasteco.com\/portal\/inauguran-rampa-de-acceso-a-la-comunidad-de-la-palmita\/","title":{"rendered":"Inauguran rampa de acceso a la comunidad de la Palmita"},"content":{"rendered":"<p>&nbsp;<\/p>\n<p>Tamasopo.- El alcalde Luis Alberto Abundis Rangel, acompa\u00f1ado del titular del Consejo de Desarrollo Social Municipal H\u00e9ctor Aguilera Aguilar, dieron el banderazo inaugural de la rampa de acceso a la comunidad de la Palmita.<\/p>\n<p>Se trata de una obra solicitada por habitantes del sector para contar con un acceso digno y en buenas condiciones, por lo que a solicitud de la Consejer de la Microregi\u00f3n de Tamasopo, Jovita Ram\u00edrez Hern\u00e1ndez, el consejo de desarrollo social priorizo y autorizo esta obra dentro del ejercicio 2022.<\/p>\n<p>Por lo que el alcalde, el titular de CODESOL y personal del ayuntamiento, llevaron a cabo la inauguraci\u00f3n de la obra denominada \u201cRehabilitaci\u00f3n de camino a la Palmita\u201d, en un tramo de 85 metros lineales con un ancho de 2.90 metros un \u00e1rea de 246.50 metros cuadrados, donde se hizo el Trazo, nivelaci\u00f3n y aplicaci\u00f3n de Concreto hidr\u00e1ulico.<\/p>\n<p>Esta obra dio inicio el 5 de septiembre y \u00a0ya fue concluida, con una Inversi\u00f3n de 300 mil pesos de recursos del Fondo de Infraestructura Social Municipal 2022.<\/p>\n<p><img decoding=\"async\" class=\"alignnone size-full wp-image-75298\" src=\"https:\/\/amanecerhuasteco.com\/portal\/wp-content\/uploads\/2022\/10\/7e7f0b8f-ae00-4225-a63c-123fe5070b18.jpg\" alt=\"\" width=\"1600\" height=\"1200\" \/><img decoding=\"async\" class=\"alignnone size-full wp-image-75299\" src=\"https:\/\/amanecerhuasteco.com\/portal\/wp-content\/uploads\/2022\/10\/34485c00-ec5b-4976-88d6-e5446c3cc8ce.jpg\" alt=\"\" width=\"1600\" height=\"1200\" \/><\/p>\n","protected":false},"excerpt":{"rendered":"<p>&nbsp; Tamasopo.- El alcalde Luis Alberto Abundis Rangel, acompa\u00f1ado del titular del Consejo de Desarrollo Social Municipal H\u00e9ctor Aguilera Aguilar, dieron el banderazo inaugural de la rampa de acceso a la comunidad de la Palmita. Se trata de una obra solicitada por habitantes del sector &hellip; <\/p>\n","protected":false},"author":1,"featured_media":75297,"comment_status":"open","ping_status":"open","sticky":false,"template":"","format":"standard","meta":{"footnotes":""},"categories":[7,11,4,5,21],"tags":[],"class_list":["post-75296","post","type-post","status-publish","format-standard","has-post-thumbnail","hentry","category-ciudad","category-estado","category-inicio","category-politica","category-tamasopo"],"_links":{"self":[{"href":"https:\/\/amanecerhuasteco.com\/portal\/wp-json\/wp\/v2\/posts\/75296","targetHints":{"allow":["GET"]}}],"collection":[{"href":"https:\/\/amanecerhuasteco.com\/portal\/wp-json\/wp\/v2\/posts"}],"about":[{"href":"https:\/\/amanecerhuasteco.com\/portal\/wp-json\/wp\/v2\/types\/post"}],"author":[{"embeddable":true,"href":"https:\/\/amanecerhuasteco.com\/portal\/wp-json\/wp\/v2\/users\/1"}],"replies":[{"embeddable":true,"href":"https:\/\/amanecerhuasteco.com\/portal\/wp-json\/wp\/v2\/comments?post=75296"}],"version-history":[{"count":1,"href":"https:\/\/amanecerhuasteco.com\/portal\/wp-json\/wp\/v2\/posts\/75296\/revisions"}],"predecessor-version":[{"id":75300,"href":"https:\/\/amanecerhuasteco.com\/portal\/wp-json\/wp\/v2\/posts\/75296\/revisions\/75300"}],"wp:featuredmedia":[{"embeddable":true,"href":"https:\/\/amanecerhuasteco.com\/portal\/wp-json\/wp\/v2\/media\/75297"}],"wp:attachment":[{"href":"https:\/\/amanecerhuasteco.com\/portal\/wp-json\/wp\/v2\/media?parent=75296"}],"wp:term":[{"taxonomy":"category","embeddable":true,"href":"https:\/\/amanecerhuasteco.com\/portal\/wp-json\/wp\/v2\/categories?post=75296"},{"taxonomy":"post_tag","embeddable":true,"href":"https:\/\/amanecerhuasteco.com\/portal\/wp-json\/wp\/v2\/tags?post=75296"}],"curies":[{"name":"wp","href":"https:\/\/api.w.org\/{rel}","templated":true}]}}